{"id":13204,"date":"2015-09-03T10:29:03","date_gmt":"2015-09-03T08:29:03","guid":{"rendered":"http:\/\/www.manologarciaycia.com\/?p=13204"},"modified":"2015-09-03T10:29:03","modified_gmt":"2015-09-03T08:29:03","slug":"cadena-dial-conmemora-esta-noche-sus-25-anos-en-la-radio-espanola","status":"publish","type":"post","link":"https:\/\/www.manologarciaycia.com\/?p=13204","title":{"rendered":"Cadena Dial conmemora esta noche sus 25 a\u00f1os en la radio espa\u00f1ola"},"content":{"rendered":"<p><strong>Cadena Dial celebra con un concierto su 25\u00ba aniversario:\u00a0<\/strong>Con un concierto conducido por Jaime Cantizano y que congregar\u00e1 a 33 destacados artistas del pop nacional, Cadena Dial celebra esta noche sus 25 a\u00f1os de andadura en la radio espa\u00f1ola. Por el escenario del Barclaycard Center de Madrid, pasar\u00e1n cantantes tan reconocidos como Alejandro Sanz, Dani Mart\u00edn, Manolo Garc\u00eda, Miguel Bos\u00e9, Mal\u00fa, Antonio Carmona, Pablo Albor\u00e1n, Rosana, Hombres G, Sergio Dalma, Macaco, Rosario, India Mart\u00ednez, Ana Torroja y Marta S\u00e1nchez, entre otros.<\/p>\n<p>Fuente: El Pais &#8211; <a href=\"http:\/\/cultura.elpais.com\/cultura\/2015\/09\/02\/television\/1441206736_322220.html\" target=\"_blank\">ENLACE<\/a><\/p>\n","protected":false},"excerpt":{"rendered":"<p>Cadena Dial celebra con un concierto su 25\u00ba aniversario:\u00a0Con un concierto conducido por Jaime Cantizano y que congregar\u00e1 a 33 destacados artistas del pop nacional, Cadena Dial celebra esta noche sus 25 a\u00f1os de andadura en la radio espa\u00f1ola. Por el escenario del Barclaycard Center de Madrid, pasar\u00e1n cantantes tan reconocidos como Alejandro Sanz, Dani<a class=\"moretag\" href=\"https:\/\/www.manologarciaycia.com\/?p=13204\" title=\"Cadena Dial conmemora esta noche sus 25 a\u00f1os en la radio espa\u00f1ola\" target=\"_self\" rel=\"follow\"> <font face=arial size=2>[Leer m\u00e1s]<\/font> <\/a><\/p>\n","protected":false},"author":2,"featured_media":13205,"comment_status":"closed","ping_status":"closed","sticky":false,"template":"","format":"standard","meta":{"footnotes":""},"categories":[1],"tags":[],"class_list":["post-13204","post","type-post","status-publish","format-standard","has-post-thumbnail","hentry","category-manolo-garcia"],"_links":{"self":[{"href":"https:\/\/www.manologarciaycia.com\/index.php?rest_route=\/wp\/v2\/posts\/13204","targetHints":{"allow":["GET"]}}],"collection":[{"href":"https:\/\/www.manologarciaycia.com\/index.php?rest_route=\/wp\/v2\/posts"}],"about":[{"href":"https:\/\/www.manologarciaycia.com\/index.php?rest_route=\/wp\/v2\/types\/post"}],"author":[{"embeddable":true,"href":"https:\/\/www.manologarciaycia.com\/index.php?rest_route=\/wp\/v2\/users\/2"}],"replies":[{"embeddable":true,"href":"https:\/\/www.manologarciaycia.com\/index.php?rest_route=%2Fwp%2Fv2%2Fcomments&post=13204"}],"version-history":[{"count":1,"href":"https:\/\/www.manologarciaycia.com\/index.php?rest_route=\/wp\/v2\/posts\/13204\/revisions"}],"predecessor-version":[{"id":13206,"href":"https:\/\/www.manologarciaycia.com\/index.php?rest_route=\/wp\/v2\/posts\/13204\/revisions\/13206"}],"wp:featuredmedia":[{"embeddable":true,"href":"https:\/\/www.manologarciaycia.com\/index.php?rest_route=\/wp\/v2\/media\/13205"}],"wp:attachment":[{"href":"https:\/\/www.manologarciaycia.com\/index.php?rest_route=%2Fwp%2Fv2%2Fmedia&parent=13204"}],"wp:term":[{"taxonomy":"category","embeddable":true,"href":"https:\/\/www.manologarciaycia.com\/index.php?rest_route=%2Fwp%2Fv2%2Fcategories&post=13204"},{"taxonomy":"post_tag","embeddable":true,"href":"https:\/\/www.manologarciaycia.com\/index.php?rest_route=%2Fwp%2Fv2%2Ftags&post=13204"}],"curies":[{"name":"wp","href":"https:\/\/api.w.org\/{rel}","templated":true}]}}