{"id":13201,"date":"2015-09-03T08:22:24","date_gmt":"2015-09-03T06:22:24","guid":{"rendered":"http:\/\/www.manologarciaycia.com\/?p=13201"},"modified":"2015-09-03T08:22:24","modified_gmt":"2015-09-03T06:22:24","slug":"manolo-garcia-uno-de-los-12-artistas-sony-music-en-el-concierto-25-aniversario-de-cadena-dial","status":"publish","type":"post","link":"https:\/\/www.manologarciaycia.com\/?p=13201","title":{"rendered":"Manolo Garc\u00eda: uno de los 12 artistas Sony Music en el concierto 25 aniversario de Cadena Dial"},"content":{"rendered":"<p>Un total de 12 artistas de Sony Music de Espa\u00f1a y Latinoam\u00e9rica participar\u00e1n este jueves 3 de Septiembre en el concierto 25 aniversario de Cadena Dial, que se celebrar\u00e1 en el Barclaycard Center de Madrid. Ser\u00e1 una gran fiesta que reunir\u00e1 en un mismo escenario a m\u00e1s de 30 de los mejores artistas del pop en espa\u00f1ol.<\/p>\n<p>Manolo Garc\u00eda, India Mart\u00ednez, Merche, Carlos Rivera, Estopa, Macaco, DVICIO, Axel, Ana Torroja, Dani Mart\u00edn, Amaia Montero y Mal\u00fa ser\u00e1n las grandes estrellas que representar\u00e1n a Sony en un evento de marcado car\u00e1cter solidario en favor del proyecto Creadores frente a la Exclusi\u00f3n Social, coordinado por la Fundaci\u00f3n Voces. Este proyecto favorece la inclusi\u00f3n social de j\u00f3venes que viven en situaci\u00f3n de vulnerabilidad social, gracias a la fuerza transformadora de la m\u00fasica y de la creatividad.<\/p>\n<p>La fiesta aniversario que se retransmitir\u00e1 en directo a traves del canal Divinity y\u00a0<a href=\"http:\/\/cadenadial.com\/\" target=\"_blank\">Cadenadial.com<\/a> tendr\u00e1 adem\u00e1s una gran repercusi\u00f3n en las redes sociales, en las que se compartir\u00e1n noticias, fotograf\u00edas e impresiones a trav\u00e9s de la etiqueta #CadenaDial25a\u00f1os. Las entradas para el que se presenta como la mayor fiesta del pop en espa\u00f1ol de la historia se han agotado desde d\u00edas antes del evento, que comenzar\u00e1 a las 21,00 horas de este Jueves.<\/p>\n<p>Fuente: P\u00e1gina Oficial Manolo Garc\u00eda (Sony) &#8211; <a href=\"http:\/\/www.manolo-garcia.com\/news\/manolo-garc%C3%ADa-es-uno-de-los-doce-artistas-de-sony-music-que-participar%C3%A1n-este-jueves-en-el\" target=\"_blank\">ENLACE<\/a><\/p>\n","protected":false},"excerpt":{"rendered":"<p>Un total de 12 artistas de Sony Music de Espa\u00f1a y Latinoam\u00e9rica participar\u00e1n este jueves 3 de Septiembre en el concierto 25 aniversario de Cadena Dial, que se celebrar\u00e1 en el Barclaycard Center de Madrid. Ser\u00e1 una gran fiesta que reunir\u00e1 en un mismo escenario a m\u00e1s de 30 de los mejores artistas del pop<a class=\"moretag\" href=\"https:\/\/www.manologarciaycia.com\/?p=13201\" title=\"Manolo Garc\u00eda: uno de los 12 artistas Sony Music en el concierto 25 aniversario de Cadena Dial\" target=\"_self\" rel=\"follow\"> <font face=arial size=2>[Leer m\u00e1s]<\/font> <\/a><\/p>\n","protected":false},"author":2,"featured_media":13202,"comment_status":"closed","ping_status":"closed","sticky":false,"template":"","format":"standard","meta":{"footnotes":""},"categories":[1],"tags":[],"class_list":["post-13201","post","type-post","status-publish","format-standard","has-post-thumbnail","hentry","category-manolo-garcia"],"_links":{"self":[{"href":"https:\/\/www.manologarciaycia.com\/index.php?rest_route=\/wp\/v2\/posts\/13201","targetHints":{"allow":["GET"]}}],"collection":[{"href":"https:\/\/www.manologarciaycia.com\/index.php?rest_route=\/wp\/v2\/posts"}],"about":[{"href":"https:\/\/www.manologarciaycia.com\/index.php?rest_route=\/wp\/v2\/types\/post"}],"author":[{"embeddable":true,"href":"https:\/\/www.manologarciaycia.com\/index.php?rest_route=\/wp\/v2\/users\/2"}],"replies":[{"embeddable":true,"href":"https:\/\/www.manologarciaycia.com\/index.php?rest_route=%2Fwp%2Fv2%2Fcomments&post=13201"}],"version-history":[{"count":1,"href":"https:\/\/www.manologarciaycia.com\/index.php?rest_route=\/wp\/v2\/posts\/13201\/revisions"}],"predecessor-version":[{"id":13203,"href":"https:\/\/www.manologarciaycia.com\/index.php?rest_route=\/wp\/v2\/posts\/13201\/revisions\/13203"}],"wp:featuredmedia":[{"embeddable":true,"href":"https:\/\/www.manologarciaycia.com\/index.php?rest_route=\/wp\/v2\/media\/13202"}],"wp:attachment":[{"href":"https:\/\/www.manologarciaycia.com\/index.php?rest_route=%2Fwp%2Fv2%2Fmedia&parent=13201"}],"wp:term":[{"taxonomy":"category","embeddable":true,"href":"https:\/\/www.manologarciaycia.com\/index.php?rest_route=%2Fwp%2Fv2%2Fcategories&post=13201"},{"taxonomy":"post_tag","embeddable":true,"href":"https:\/\/www.manologarciaycia.com\/index.php?rest_route=%2Fwp%2Fv2%2Ftags&post=13201"}],"curies":[{"name":"wp","href":"https:\/\/api.w.org\/{rel}","templated":true}]}}