{"id":13198,"date":"2015-09-01T09:52:02","date_gmt":"2015-09-01T07:52:02","guid":{"rendered":"http:\/\/www.manologarciaycia.com\/?p=13198"},"modified":"2015-09-01T09:52:02","modified_gmt":"2015-09-01T07:52:02","slug":"sisa-portet-i-oliver-en-la-merce-musica-2015","status":"publish","type":"post","link":"https:\/\/www.manologarciaycia.com\/?p=13198","title":{"rendered":"Sisa, Portet i Oliver en la Merc\u00e9 Musica 2015"},"content":{"rendered":"<h3>BAM y Merc\u00e8 M\u00fasica anuncian los primeros artistas del cartel de 2015<\/h3>\n<p>Del 18 al 23 de septiembre Barcelona se llenar\u00e1 de m\u00fasica gracias al BAM y el Mercedes M\u00fasica, las citas ineludibles de la festividad de la Ciudad Condal; dos programaciones que conviven a lo largo de casi una semana y que antes de las vacaciones ya han dado a conocer algunos de los protagonistas: <strong>Jaume<\/strong> <strong>Sisa, <\/strong><strong>Quimi <\/strong><strong>Portet<\/strong>y <strong>Joan Miquel <\/strong>Oliver, <strong>El Petit de Cal Eril &amp; Free Spirits Big <\/strong>Band, <strong>N\u00faria <\/strong>Graham, <strong>Ocellot<\/strong> , <strong>Mishima<\/strong> &#8230;<\/p>\n<p>La m\u00fasica es uno de los platos fuertes de las Fiestas de la Merced, y antes de irse de vacaciones el Barcelona Acci\u00f3n Musical (BAM) y el Mercedes M\u00fasica ya han adelantado que ser\u00e1n los encargados de ofrecer actuaciones en directo en varios espacios de la ciudad. Para conocer la programaci\u00f3n entera, sin embargo, tendremos que esperar hasta principios de septiembre. El Merced M\u00fasica m\u00e1s gal\u00e1ctico llega de la mano del <em>Colectivo <\/em>Eternity,un tr\u00edo caracterizado por la genialidad de sus componentes: <strong>Jaume <\/strong>Sisa, <strong>Quimi <\/strong><strong>Portet<\/strong> y <strong>Juan <\/strong><strong>Miquel<\/strong> <strong>Oliver.<\/strong>Otro espect\u00e1culo confirmado es <em>Big <\/em>Eril, donde Joan Pons <strong>(El <\/strong><strong>Petit de Cal <\/strong>Eril) se al\u00eda con la\u00a0 <strong>Free Spirits Big Band\u00a0<\/strong> (dirigida por David Mengual) para dar un nuevo giro a su cancionero m\u00e1s folk, rock, psicod\u00e9lico y jazz.Adem\u00e1s, las calles de Barcelona acoger\u00e1n tambi\u00e9n \u00a0<strong>Mishima, el artista flamenco Ra\u00fal Rodriguez,<\/strong><strong>Kaulakau<\/strong> y la <strong>Cobla Ciudad de <\/strong>Barcelona. La 23\u00aa edici\u00f3n del BAM, y la primera del nuevo director <a href=\"http:\/\/www.enderrock.cat\/noticia\/9791\/marc\/campillo\/nou\/director\/bam\" target=\"_blank\">Marco<\/a>Campillo, ir\u00e1 a cargo de <strong>N\u00faria<\/strong> <strong>Graham,<\/strong> \u00a0<strong>Ocellot, <\/strong><strong>Los <\/strong>Punsetes, <strong>\u00a0Blank <\/strong>Realm, <strong>\u00a0Beach <\/strong>Beach, <strong>\u00a0Bombino,<\/strong><strong>Jane <\/strong>Weaver, <strong>\u00a0LoneLady, <\/strong><strong>\u00a0Mdou <\/strong>Moctar, <strong>METZ, <\/strong><strong>\u00a0Ryley <\/strong>Walker, <strong>\u00a0Saun &amp; Starr<\/strong> \u00a0y\u00a0 <strong>Vetiver.<\/strong><\/p>\n<p>Fuente: Enderrock &#8211; <a href=\"http:\/\/www.enderrock.cat\/noticia\/10624\/sisa\/portet\/oliver\/merce\" target=\"_blank\">ENLACE<\/a><\/p>\n","protected":false},"excerpt":{"rendered":"<p>BAM y Merc\u00e8 M\u00fasica anuncian los primeros artistas del cartel de 2015 Del 18 al 23 de septiembre Barcelona se llenar\u00e1 de m\u00fasica gracias al BAM y el Mercedes M\u00fasica, las citas ineludibles de la festividad de la Ciudad Condal; dos programaciones que conviven a lo largo de casi una semana y que antes de<a class=\"moretag\" href=\"https:\/\/www.manologarciaycia.com\/?p=13198\" title=\"Sisa, Portet i Oliver en la Merc\u00e9 Musica 2015\" target=\"_self\" rel=\"follow\"> <font face=arial size=2>[Leer m\u00e1s]<\/font> <\/a><\/p>\n","protected":false},"author":2,"featured_media":13199,"comment_status":"closed","ping_status":"closed","sticky":false,"template":"","format":"standard","meta":{"footnotes":""},"categories":[1],"tags":[],"class_list":["post-13198","post","type-post","status-publish","format-standard","has-post-thumbnail","hentry","category-manolo-garcia"],"_links":{"self":[{"href":"https:\/\/www.manologarciaycia.com\/index.php?rest_route=\/wp\/v2\/posts\/13198","targetHints":{"allow":["GET"]}}],"collection":[{"href":"https:\/\/www.manologarciaycia.com\/index.php?rest_route=\/wp\/v2\/posts"}],"about":[{"href":"https:\/\/www.manologarciaycia.com\/index.php?rest_route=\/wp\/v2\/types\/post"}],"author":[{"embeddable":true,"href":"https:\/\/www.manologarciaycia.com\/index.php?rest_route=\/wp\/v2\/users\/2"}],"replies":[{"embeddable":true,"href":"https:\/\/www.manologarciaycia.com\/index.php?rest_route=%2Fwp%2Fv2%2Fcomments&post=13198"}],"version-history":[{"count":1,"href":"https:\/\/www.manologarciaycia.com\/index.php?rest_route=\/wp\/v2\/posts\/13198\/revisions"}],"predecessor-version":[{"id":13200,"href":"https:\/\/www.manologarciaycia.com\/index.php?rest_route=\/wp\/v2\/posts\/13198\/revisions\/13200"}],"wp:featuredmedia":[{"embeddable":true,"href":"https:\/\/www.manologarciaycia.com\/index.php?rest_route=\/wp\/v2\/media\/13199"}],"wp:attachment":[{"href":"https:\/\/www.manologarciaycia.com\/index.php?rest_route=%2Fwp%2Fv2%2Fmedia&parent=13198"}],"wp:term":[{"taxonomy":"category","embeddable":true,"href":"https:\/\/www.manologarciaycia.com\/index.php?rest_route=%2Fwp%2Fv2%2Fcategories&post=13198"},{"taxonomy":"post_tag","embeddable":true,"href":"https:\/\/www.manologarciaycia.com\/index.php?rest_route=%2Fwp%2Fv2%2Ftags&post=13198"}],"curies":[{"name":"wp","href":"https:\/\/api.w.org\/{rel}","templated":true}]}}