{"id":13194,"date":"2015-08-26T09:43:43","date_gmt":"2015-08-26T07:43:43","guid":{"rendered":"http:\/\/www.manologarciaycia.com\/?p=13194"},"modified":"2015-08-26T09:43:43","modified_gmt":"2015-08-26T07:43:43","slug":"la-web-retransmite-la-alfombra-y-el-concierto-aniversario-de-dial","status":"publish","type":"post","link":"https:\/\/www.manologarciaycia.com\/?p=13194","title":{"rendered":"La web retransmite la alfombra y el Concierto Aniversario de Dial"},"content":{"rendered":"<p style=\"text-align: left;\">\u00a1No pod\u00edamos permitir que nuestros oyentes se quedaran sin disfrutar de este<strong>acontecimiento hist\u00f3rico<\/strong>!<\/p>\n<p style=\"text-align: left;\">M\u00e1s de <strong>30 artistas<\/strong> del pop en espa\u00f1ol juntos, sobre un mismo escenario, en un<strong>evento \u00fanico<\/strong> en nuestro pa\u00eds.<\/p>\n<p style=\"text-align: left;\">El Barclaycard Center de Madrid\u00a0ser\u00e1 la sede de una <strong>noche \u00fanica \u00a1memorable!,\u00a0<strong>#CadenaDial25a\u00f1os<\/strong><\/strong>, el pr\u00f3ximo <strong>3 de septiembre<\/strong><\/p>\n<p style=\"text-align: left;\">Sigue a trav\u00e9s de cadenadial.com en directo todo lo que ocurre. Desde las <strong>19:00 horas<\/strong>\u00a0y en <strong>exclusiva<\/strong>, solo en cadenadial.com, la esperada <strong>alfombra verde<\/strong>, por donde desfilar\u00e1n todos los artistas invitados a este extraordinario acontecimiento. Y, a partir de las<strong> 21:00 horas<\/strong> \u00a1comienza el <strong>espect\u00e1culo<\/strong>!<\/p>\n<p style=\"text-align: left;\">Un <strong>concierto<\/strong> que, por supuesto, tambi\u00e9n podr\u00e1s seguir por la <strong>radio<\/strong>, en <strong>Cadena Dial,<\/strong> y en Divinity<\/p>\n<p style=\"text-align: left;\">Un <strong>concierto<\/strong> que, adem\u00e1s, es <strong>solidario<\/strong>. <strong>#CadenaDial25a\u00f1os<\/strong><\/p>\n<p style=\"text-align: left;\"><strong>Solidarios con la FUNDACI\u00d3N VOCES, creadores frente a la exclusi\u00f3n social<\/strong><\/p>\n<p style=\"text-align: left;\"><img loading=\"lazy\" decoding=\"async\" class=\"lazy size-medium wp-image-52331 data-lazy-ready aligncenter\" src=\"http:\/\/www.cadenadial.com\/wp-content\/uploads\/2015\/07\/voces-750x350-300x140.png\" alt=\"voces-750x350\" width=\"300\" height=\"140\" data-lazy-type=\"image\" data-lazy-src=\"http:\/\/www.cadenadial.com\/wp-content\/uploads\/2015\/07\/voces-750x350-300x140.png\" \/><\/p>\n<p style=\"text-align: left;\"><strong>\u00a1La mayor fiesta del pop en espa\u00f1ol de la historia!<\/strong> \u00a1Ven a disfrutarla!<\/p>\n<p style=\"text-align: left;\">Fuente: CadenaDial &#8211;\u00a0<a href=\"http:\/\/www.cadenadial.com\/2015\/la-web-retransmite-la-alfombra-y-el-concierto-aniversario-de-dial-53605.html\" target=\"_blank\">ENLACE<\/a><\/p>\n","protected":false},"excerpt":{"rendered":"<p>\u00a1No pod\u00edamos permitir que nuestros oyentes se quedaran sin disfrutar de esteacontecimiento hist\u00f3rico! M\u00e1s de 30 artistas del pop en espa\u00f1ol juntos, sobre un mismo escenario, en unevento \u00fanico en nuestro pa\u00eds. El Barclaycard Center de Madrid\u00a0ser\u00e1 la sede de una noche \u00fanica \u00a1memorable!,\u00a0#CadenaDial25a\u00f1os, el pr\u00f3ximo 3 de septiembre Sigue a trav\u00e9s de cadenadial.com en<a class=\"moretag\" href=\"https:\/\/www.manologarciaycia.com\/?p=13194\" title=\"La web retransmite la alfombra y el Concierto Aniversario de Dial\" target=\"_self\" rel=\"follow\"> <font face=arial size=2>[Leer m\u00e1s]<\/font> <\/a><\/p>\n","protected":false},"author":2,"featured_media":13196,"comment_status":"closed","ping_status":"closed","sticky":false,"template":"","format":"standard","meta":{"footnotes":""},"categories":[1],"tags":[],"class_list":["post-13194","post","type-post","status-publish","format-standard","has-post-thumbnail","hentry","category-manolo-garcia"],"_links":{"self":[{"href":"https:\/\/www.manologarciaycia.com\/index.php?rest_route=\/wp\/v2\/posts\/13194","targetHints":{"allow":["GET"]}}],"collection":[{"href":"https:\/\/www.manologarciaycia.com\/index.php?rest_route=\/wp\/v2\/posts"}],"about":[{"href":"https:\/\/www.manologarciaycia.com\/index.php?rest_route=\/wp\/v2\/types\/post"}],"author":[{"embeddable":true,"href":"https:\/\/www.manologarciaycia.com\/index.php?rest_route=\/wp\/v2\/users\/2"}],"replies":[{"embeddable":true,"href":"https:\/\/www.manologarciaycia.com\/index.php?rest_route=%2Fwp%2Fv2%2Fcomments&post=13194"}],"version-history":[{"count":1,"href":"https:\/\/www.manologarciaycia.com\/index.php?rest_route=\/wp\/v2\/posts\/13194\/revisions"}],"predecessor-version":[{"id":13197,"href":"https:\/\/www.manologarciaycia.com\/index.php?rest_route=\/wp\/v2\/posts\/13194\/revisions\/13197"}],"wp:featuredmedia":[{"embeddable":true,"href":"https:\/\/www.manologarciaycia.com\/index.php?rest_route=\/wp\/v2\/media\/13196"}],"wp:attachment":[{"href":"https:\/\/www.manologarciaycia.com\/index.php?rest_route=%2Fwp%2Fv2%2Fmedia&parent=13194"}],"wp:term":[{"taxonomy":"category","embeddable":true,"href":"https:\/\/www.manologarciaycia.com\/index.php?rest_route=%2Fwp%2Fv2%2Fcategories&post=13194"},{"taxonomy":"post_tag","embeddable":true,"href":"https:\/\/www.manologarciaycia.com\/index.php?rest_route=%2Fwp%2Fv2%2Ftags&post=13194"}],"curies":[{"name":"wp","href":"https:\/\/api.w.org\/{rel}","templated":true}]}}