{"id":13161,"date":"2015-08-14T13:49:29","date_gmt":"2015-08-14T11:49:29","guid":{"rendered":"http:\/\/www.manologarciaycia.com\/?p=13161"},"modified":"2015-08-14T13:50:26","modified_gmt":"2015-08-14T11:50:26","slug":"un-peluche-protagoniza-exprimir-la-vida-nuevo-videoclip-de-manolo-garcia-estreno-el-21-de-agosto","status":"publish","type":"post","link":"https:\/\/www.manologarciaycia.com\/?p=13161","title":{"rendered":"Un peluche protagoniza \u00abExprimir la vida,\u00bb nuevo videoclip de Manolo Garc\u00eda. Estreno el 21 de Agosto."},"content":{"rendered":"<p>Un puppet a modo de alter ego de peluche de Manolo Garc\u00eda es el atribulado protagonista de \u00abExprimir la vida,\u00bb un tema incluido en su \u00e1lbum <strong><em><a href=\"https:\/\/itunes.apple.com\/es\/album\/todo-es-ahora\/id924320224\" target=\"_blank\">Todo es ahora<\/a>, <\/em><\/strong>publicado a finales de 2014 y que sigue en los puestos m\u00e1s altos de la lista de ventas, ya como doble platino.<\/p>\n<p>El videoclip -que se estrenar\u00e1 el pr\u00f3ximo Viernes 21 de Agosto &#8211; es obra de Miguel \u00c1ngel Caro, un andaluz afincado en Barcelona responsable de cortometrajes muy premiados como <em>Balas de fogueo<\/em> (finalista en el programa Versi\u00f3n Espa\u00f1ola de TVE). Caro ha desarrollado su carrera en productoras como El Terrat y colabora asiduamente con La F\u00e1brica Naranja, la consolidada productora de videoclips y publicidad regentada de Paloma Zapata.<\/p>\n<p>Rodado en Barcelona, el v\u00eddeo -producido precisamente por La F\u00e1brica Naranja- es la historia de un entra\u00f1able perdedor, un loser que transita entre la realidad y el surrealismo de un mundo creado por Manolo Garc\u00eda a trav\u00e9s de sus ilustraciones. \u201cMi visi\u00f3n del proyecto siempre ha sido la de transmitir un mensaje bien claro: si la vida te da limones, pide tequila y sal\u201d, explica el director de la producci\u00f3n.<\/p>\n<p>\u201cTras conversar con Manolo Garc\u00eda, y ver el talante surrealista que quer\u00eda plasmar, se fragu\u00f3 la idea de trabajar con un mu\u00f1eco y hacerlo pasar por distintas situaciones, muchas de ellas hilarantes. En la recta final se tom\u00f3 la decisi\u00f3n de incorporar los dibujos que para el proyecto ha realizado el artista poni, d\u00e1ndoles vida y formando un submundo en el que se mueve tambi\u00e9n nuestro personaje\u201d. Y as\u00ed surgi\u00f3 esta historia agridulce, tan integrada en el universo Manolo Garc\u00eda.<\/p>\n<p>Aqu\u00ed os dejamos con algunas de las pinturas:<br \/>\n<img decoding=\"async\" src=\"http:\/\/release.sonymusic.com\/media\/release\/7118f6c49fd5022b57c2?catalog=catalog_40\" alt=\"\" \/><\/p>\n<p><img decoding=\"async\" src=\"http:\/\/release.sonymusic.com\/media\/release\/80fd9f6c20066654d3f6?catalog=catalog_40\" alt=\"\" \/><\/p>\n<p><img decoding=\"async\" src=\"http:\/\/release.sonymusic.com\/media\/release\/a8bbb1edc85b7947c3d9?catalog=catalog_40\" alt=\"\" \/><\/p>\n<p>Fuente: P\u00e1gina Oficial (Sony) Manolo Garc\u00eda &#8211; <a href=\"http:\/\/www.manolo-garcia.com\/news\/un-peluche-protagoniza-exprimir-la-vida-el-nuevo-videoclip-de-manolo-garc%C3%ADa-que-se-estrenar%C3%A1-el\" target=\"_blank\">ENLACE<\/a><\/p>\n","protected":false},"excerpt":{"rendered":"<p>Un puppet a modo de alter ego de peluche de Manolo Garc\u00eda es el atribulado protagonista de \u00abExprimir la vida,\u00bb un tema incluido en su \u00e1lbum Todo es ahora, publicado a finales de 2014 y que sigue en los puestos m\u00e1s altos de la lista de ventas, ya como doble platino. El videoclip -que se<a class=\"moretag\" href=\"https:\/\/www.manologarciaycia.com\/?p=13161\" title=\"Un peluche protagoniza \u00abExprimir la vida,\u00bb nuevo videoclip de Manolo Garc\u00eda. Estreno el 21 de Agosto.\" target=\"_self\" rel=\"follow\"> <font face=arial size=2>[Leer m\u00e1s]<\/font> <\/a><\/p>\n","protected":false},"author":2,"featured_media":13162,"comment_status":"closed","ping_status":"closed","sticky":false,"template":"","format":"standard","meta":{"footnotes":""},"categories":[1],"tags":[],"class_list":["post-13161","post","type-post","status-publish","format-standard","has-post-thumbnail","hentry","category-manolo-garcia"],"_links":{"self":[{"href":"https:\/\/www.manologarciaycia.com\/index.php?rest_route=\/wp\/v2\/posts\/13161","targetHints":{"allow":["GET"]}}],"collection":[{"href":"https:\/\/www.manologarciaycia.com\/index.php?rest_route=\/wp\/v2\/posts"}],"about":[{"href":"https:\/\/www.manologarciaycia.com\/index.php?rest_route=\/wp\/v2\/types\/post"}],"author":[{"embeddable":true,"href":"https:\/\/www.manologarciaycia.com\/index.php?rest_route=\/wp\/v2\/users\/2"}],"replies":[{"embeddable":true,"href":"https:\/\/www.manologarciaycia.com\/index.php?rest_route=%2Fwp%2Fv2%2Fcomments&post=13161"}],"version-history":[{"count":1,"href":"https:\/\/www.manologarciaycia.com\/index.php?rest_route=\/wp\/v2\/posts\/13161\/revisions"}],"predecessor-version":[{"id":13163,"href":"https:\/\/www.manologarciaycia.com\/index.php?rest_route=\/wp\/v2\/posts\/13161\/revisions\/13163"}],"wp:featuredmedia":[{"embeddable":true,"href":"https:\/\/www.manologarciaycia.com\/index.php?rest_route=\/wp\/v2\/media\/13162"}],"wp:attachment":[{"href":"https:\/\/www.manologarciaycia.com\/index.php?rest_route=%2Fwp%2Fv2%2Fmedia&parent=13161"}],"wp:term":[{"taxonomy":"category","embeddable":true,"href":"https:\/\/www.manologarciaycia.com\/index.php?rest_route=%2Fwp%2Fv2%2Fcategories&post=13161"},{"taxonomy":"post_tag","embeddable":true,"href":"https:\/\/www.manologarciaycia.com\/index.php?rest_route=%2Fwp%2Fv2%2Ftags&post=13161"}],"curies":[{"name":"wp","href":"https:\/\/api.w.org\/{rel}","templated":true}]}}