{"id":13125,"date":"2015-08-13T18:10:17","date_gmt":"2015-08-13T16:10:17","guid":{"rendered":"http:\/\/www.manologarciaycia.com\/?p=13125"},"modified":"2015-08-13T18:14:02","modified_gmt":"2015-08-13T16:14:02","slug":"manolo-garcia-escribe-a-sus-fans-sobre-el-cambio-climatico","status":"publish","type":"post","link":"https:\/\/www.manologarciaycia.com\/?p=13125","title":{"rendered":"Manolo Garc\u00eda escribe a sus fans sobre el cambio clim\u00e1tico"},"content":{"rendered":"<p>\u00abHola a todos,<\/p>\n<p>Sab\u00e9is que no soy muy dado a estar escribiendo en las redes si no es por motivos estrictamente musicales pero en esta ocasi\u00f3n me dirijo a vosotros para hablar sobre un tema que lamentablemente es de rabiosa actualidad y que a m\u00ed personalmente me preocupa hace muchos a\u00f1os: el cambio clim\u00e1tico.<\/p>\n<p>Como ya sabr\u00e9is, en diciembre habr\u00e1 una nueva cumbre en Par\u00eds para tratar este tema, vital para todos. La buena noticia es que ya se est\u00e1n alzando muchas voces importantes, como la del Papa, Obama u Hollande, para empezar \u2013me gustar\u00eda pensar que de verdad- la ingente y urgente tarea de cambiar el rumbo de lo que acontece, medioambientalmente hablando, desde ya. Porque es ahora o empezar\u00e1 a ser tarde; los cient\u00edficos as\u00ed lo est\u00e1n afirmando reiteradamente y de hecho no hace falta ser un entendido en la materia para ver pruebas palpables en todo el planeta.<\/p>\n<p>Hay m\u00e1s buenas noticias. Desde diferentes grupos ecologistas se est\u00e1n empezando a organizar acciones dando prioridad a este asunto por encima de actuaciones locales que atender, ya que l\u00f3gicamente la gravedad del cambio clim\u00e1tico hace empeque\u00f1ecer otras urgencias. Son acciones a las que nos podremos sumar todos, para decir a la clase pol\u00edtica y a los intereses econ\u00f3micos que ha llegado el momento de dejar de mirar para otro lado y de pensar s\u00f3lo en el dinero; hay que dejar de utilizar energ\u00edas contaminantes y vivir con energ\u00edas limpias. Los que teng\u00e1is hijos, nietos, y por nosotros mismos, por nuestra dignidad, tenemos que salir a la calle. S\u00f3lo hace falta ponerse de acuerdo.<\/p>\n<p>Entre esas acciones que comentaba, he sabido de una organizaci\u00f3n que est\u00e1 orquestando movilizaciones internacionales a trav\u00e9s de Internet: <a href=\"https:\/\/secure.avaaz.org\/es\/save_the_date_rb_loc\/?bhZkPbb&#038;v=62876\" target=\"_blank\">https:\/\/secure.avaaz.org\/es\/save_the_date_rb_loc\/?bhZkPbb&#038;v=62876<\/a><\/p>\n<p>Para que desde cualquier punto del pa\u00eds por peque\u00f1o o aislado que sea, el mismo d\u00eda y todos a la vez, exijamos ese cambio, que no va a significar ninguna debacle, al contrario; puede ser el inicio de un nuevo modelo que d\u00e9 vida y trabajo a muchas personas.<\/p>\n<p>Conmigo han contactado, y s\u00e9 que con muchas otras personas, diferentes grupos con esta inquietud. Me han pedido que ayude en esta tarea, que en realidad es la de todos, y as\u00ed lo hago porque creo que pocas cosas hay m\u00e1s importantes por lo que va a significar si no nos movemos. Yo dir\u00eda m\u00e1s: es el reto m\u00e1s importante que tenemos delante ahora mismo. Como le\u00eda estos d\u00edas en boca de Jane Goodall, somos el ser de inteligencia m\u00e1s brillante pero, incomprensiblemente, tambi\u00e9n el \u00fanico que destruye su ecosistema.<\/p>\n<p>En otro orden de cosas, sin que tenga nada que ver, y es una chorrada m\u00eda, os comunico que no celebro cumplea\u00f1os. Como he dicho en alguna ocasi\u00f3n, intento cumplir sue\u00f1os; lo de los a\u00f1os es una convenci\u00f3n de la organizaci\u00f3n humana que nunca me ha interesado y que entiendo como restrictiva y constrictiva. De entrada porque los n\u00fameros no me gustan, soy de letras, y porque no creo en la cuadratura del c\u00edrculo. Vivo con energ\u00eda y celebro cada d\u00eda. Si un d\u00eda me quedo sin energ\u00eda me transformar\u00e9 en abono org\u00e1nico, como todos. Mientras, estoy vivo y no quiero saber nada de la contabilidad a que me abocan otros. Detesto tener carnet de identidad y que existan los calendarios, con permiso de egipcios, aztecas, mayas y dem\u00e1s personal. Perdonad por esta tonter\u00eda pero he querido quedarme tranquilo.<\/p>\n<p>Seguiremos hablando del cambio clim\u00e1tico.<\/p>\n<p>Paz, amor y mucho rock\u2019n\u2019roll.<\/p>\n<p>Posdata: Estamos a punto de daros fechas de conciertos, para alegr\u00eda m\u00eda y de unos cuantos que yo me s\u00e9.\u00bb<\/p>\n<p>Fuente: Manolo Garc\u00eda en su p\u00e1gina web oficial (Sony) &#8211; <a href=\"http:\/\/www.manolo-garcia.com\/news\/manolo-garc%C3%ADa-escribe-sus-fans-sobre-el-cambio-clim%C3%A1tico\">ENLACE<\/a><\/p>\n","protected":false},"excerpt":{"rendered":"<p>\u00abHola a todos, Sab\u00e9is que no soy muy dado a estar escribiendo en las redes si no es por motivos estrictamente musicales pero en esta ocasi\u00f3n me dirijo a vosotros para hablar sobre un tema que lamentablemente es de rabiosa actualidad y que a m\u00ed personalmente me preocupa hace muchos a\u00f1os: el cambio clim\u00e1tico. Como<a class=\"moretag\" href=\"https:\/\/www.manologarciaycia.com\/?p=13125\" title=\"Manolo Garc\u00eda escribe a sus fans sobre el cambio clim\u00e1tico\" target=\"_self\" rel=\"follow\"> <font face=arial size=2>[Leer m\u00e1s]<\/font> <\/a><\/p>\n","protected":false},"author":2,"featured_media":13126,"comment_status":"closed","ping_status":"closed","sticky":false,"template":"","format":"standard","meta":{"footnotes":""},"categories":[1],"tags":[],"class_list":["post-13125","post","type-post","status-publish","format-standard","has-post-thumbnail","hentry","category-manolo-garcia"],"_links":{"self":[{"href":"https:\/\/www.manologarciaycia.com\/index.php?rest_route=\/wp\/v2\/posts\/13125","targetHints":{"allow":["GET"]}}],"collection":[{"href":"https:\/\/www.manologarciaycia.com\/index.php?rest_route=\/wp\/v2\/posts"}],"about":[{"href":"https:\/\/www.manologarciaycia.com\/index.php?rest_route=\/wp\/v2\/types\/post"}],"author":[{"embeddable":true,"href":"https:\/\/www.manologarciaycia.com\/index.php?rest_route=\/wp\/v2\/users\/2"}],"replies":[{"embeddable":true,"href":"https:\/\/www.manologarciaycia.com\/index.php?rest_route=%2Fwp%2Fv2%2Fcomments&post=13125"}],"version-history":[{"count":2,"href":"https:\/\/www.manologarciaycia.com\/index.php?rest_route=\/wp\/v2\/posts\/13125\/revisions"}],"predecessor-version":[{"id":13129,"href":"https:\/\/www.manologarciaycia.com\/index.php?rest_route=\/wp\/v2\/posts\/13125\/revisions\/13129"}],"wp:featuredmedia":[{"embeddable":true,"href":"https:\/\/www.manologarciaycia.com\/index.php?rest_route=\/wp\/v2\/media\/13126"}],"wp:attachment":[{"href":"https:\/\/www.manologarciaycia.com\/index.php?rest_route=%2Fwp%2Fv2%2Fmedia&parent=13125"}],"wp:term":[{"taxonomy":"category","embeddable":true,"href":"https:\/\/www.manologarciaycia.com\/index.php?rest_route=%2Fwp%2Fv2%2Fcategories&post=13125"},{"taxonomy":"post_tag","embeddable":true,"href":"https:\/\/www.manologarciaycia.com\/index.php?rest_route=%2Fwp%2Fv2%2Ftags&post=13125"}],"curies":[{"name":"wp","href":"https:\/\/api.w.org\/{rel}","templated":true}]}}