{"id":13080,"date":"2015-08-05T08:39:18","date_gmt":"2015-08-05T06:39:18","guid":{"rendered":"http:\/\/www.manologarciaycia.com\/?p=13080"},"modified":"2015-08-05T08:40:25","modified_gmt":"2015-08-05T06:40:25","slug":"el-ultimo-de-la-fila-el-que-canta-su-mal-espanta","status":"publish","type":"post","link":"https:\/\/www.manologarciaycia.com\/?p=13080","title":{"rendered":"El \u00daltimo de la Fila: El que canta su mal espanta"},"content":{"rendered":"<p>Actuaci\u00f3n de El \u00daltimo de la Fila: El que canta su mal espanta para TVE (en riguroso playback). Manolo Garc\u00eda, Quimi Portet, Josep Llu\u00eds P\u00e9rez Gin\u00e9s, Antonio Fidel y Juan Carlos Garc\u00eda.<\/p>\n<p>Gracias J.M. por el v\u00eddeo.<\/p>\n","protected":false},"excerpt":{"rendered":"<p>Actuaci\u00f3n de El \u00daltimo de la Fila: El que canta su mal espanta para TVE (en riguroso playback). Manolo Garc\u00eda, Quimi Portet, Josep Llu\u00eds P\u00e9rez Gin\u00e9s, Antonio Fidel y Juan Carlos Garc\u00eda. Gracias J.M. por el v\u00eddeo.<a class=\"moretag\" href=\"https:\/\/www.manologarciaycia.com\/?p=13080\" title=\"El \u00daltimo de la Fila: El que canta su mal espanta\" target=\"_self\" rel=\"follow\"> <font face=arial size=2>[Leer m\u00e1s]<\/font> <\/a><\/p>\n","protected":false},"author":2,"featured_media":0,"comment_status":"closed","ping_status":"closed","sticky":false,"template":"","format":"video","meta":{"footnotes":""},"categories":[1],"tags":[],"class_list":["post-13080","post","type-post","status-publish","format-video","hentry","category-manolo-garcia","post_format-post-format-video"],"_links":{"self":[{"href":"https:\/\/www.manologarciaycia.com\/index.php?rest_route=\/wp\/v2\/posts\/13080","targetHints":{"allow":["GET"]}}],"collection":[{"href":"https:\/\/www.manologarciaycia.com\/index.php?rest_route=\/wp\/v2\/posts"}],"about":[{"href":"https:\/\/www.manologarciaycia.com\/index.php?rest_route=\/wp\/v2\/types\/post"}],"author":[{"embeddable":true,"href":"https:\/\/www.manologarciaycia.com\/index.php?rest_route=\/wp\/v2\/users\/2"}],"replies":[{"embeddable":true,"href":"https:\/\/www.manologarciaycia.com\/index.php?rest_route=%2Fwp%2Fv2%2Fcomments&post=13080"}],"version-history":[{"count":1,"href":"https:\/\/www.manologarciaycia.com\/index.php?rest_route=\/wp\/v2\/posts\/13080\/revisions"}],"predecessor-version":[{"id":13082,"href":"https:\/\/www.manologarciaycia.com\/index.php?rest_route=\/wp\/v2\/posts\/13080\/revisions\/13082"}],"wp:attachment":[{"href":"https:\/\/www.manologarciaycia.com\/index.php?rest_route=%2Fwp%2Fv2%2Fmedia&parent=13080"}],"wp:term":[{"taxonomy":"category","embeddable":true,"href":"https:\/\/www.manologarciaycia.com\/index.php?rest_route=%2Fwp%2Fv2%2Fcategories&post=13080"},{"taxonomy":"post_tag","embeddable":true,"href":"https:\/\/www.manologarciaycia.com\/index.php?rest_route=%2Fwp%2Fv2%2Ftags&post=13080"}],"curies":[{"name":"wp","href":"https:\/\/api.w.org\/{rel}","templated":true}]}}