{"id":13074,"date":"2015-08-04T14:27:20","date_gmt":"2015-08-04T12:27:20","guid":{"rendered":"http:\/\/www.manologarciaycia.com\/?p=13074"},"modified":"2015-08-04T14:27:20","modified_gmt":"2015-08-04T12:27:20","slug":"voces-que-pintan-en-benalmadena-suena-2015","status":"publish","type":"post","link":"https:\/\/www.manologarciaycia.com\/?p=13074","title":{"rendered":"Voces que pintan en Benalm\u00e1dena Suena 2015"},"content":{"rendered":"<p>Javier Gallardo Quintana (gracias!) comparte en facebook de El Navegante Atribulado esta foto de un cuadro de Manolo Garc\u00eda que est\u00e1 expuesto en Benalm\u00e1dena Suena. Forma parte de la exposici\u00f3n \u00abVoces que Pintan\u00bb de la ONG Voces Para La Conciencia Y El Desarrollo<\/p>\n<p>Benalm\u00e1dena Suena: <a href=\"http:\/\/benalmadenasuena.com\/exposicion\/\" target=\"_blank\">ENLACE<\/a><\/p>\n<p>Noticia Relacionada: <a href=\"http:\/\/www.manologarciaycia.com\/?p=7360\" target=\"_blank\">http:\/\/www.manologarciaycia.com\/?p=7360<\/a> \u202a#\u200eManoloGarc\u00eda\u202c \u202a#\u200eVoces\u202c \u202a#\u200eBenalmadenaSuena\u202c Salut!<\/p>\n","protected":false},"excerpt":{"rendered":"<p>Javier Gallardo Quintana (gracias!) comparte en facebook de El Navegante Atribulado esta foto de un cuadro de Manolo Garc\u00eda que est\u00e1 expuesto en Benalm\u00e1dena Suena. Forma parte de la exposici\u00f3n \u00abVoces que Pintan\u00bb de la ONG Voces Para La Conciencia Y El Desarrollo Benalm\u00e1dena Suena: ENLACE Noticia Relacionada: http:\/\/www.manologarciaycia.com\/?p=7360 \u202a#\u200eManoloGarc\u00eda\u202c \u202a#\u200eVoces\u202c \u202a#\u200eBenalmadenaSuena\u202c Salut!<a class=\"moretag\" href=\"https:\/\/www.manologarciaycia.com\/?p=13074\" title=\"Voces que pintan en Benalm\u00e1dena Suena 2015\" target=\"_self\" rel=\"follow\"> <font face=arial size=2>[Leer m\u00e1s]<\/font> <\/a><\/p>\n","protected":false},"author":2,"featured_media":13075,"comment_status":"closed","ping_status":"closed","sticky":false,"template":"","format":"standard","meta":{"footnotes":""},"categories":[1],"tags":[],"class_list":["post-13074","post","type-post","status-publish","format-standard","has-post-thumbnail","hentry","category-manolo-garcia"],"_links":{"self":[{"href":"https:\/\/www.manologarciaycia.com\/index.php?rest_route=\/wp\/v2\/posts\/13074","targetHints":{"allow":["GET"]}}],"collection":[{"href":"https:\/\/www.manologarciaycia.com\/index.php?rest_route=\/wp\/v2\/posts"}],"about":[{"href":"https:\/\/www.manologarciaycia.com\/index.php?rest_route=\/wp\/v2\/types\/post"}],"author":[{"embeddable":true,"href":"https:\/\/www.manologarciaycia.com\/index.php?rest_route=\/wp\/v2\/users\/2"}],"replies":[{"embeddable":true,"href":"https:\/\/www.manologarciaycia.com\/index.php?rest_route=%2Fwp%2Fv2%2Fcomments&post=13074"}],"version-history":[{"count":1,"href":"https:\/\/www.manologarciaycia.com\/index.php?rest_route=\/wp\/v2\/posts\/13074\/revisions"}],"predecessor-version":[{"id":13076,"href":"https:\/\/www.manologarciaycia.com\/index.php?rest_route=\/wp\/v2\/posts\/13074\/revisions\/13076"}],"wp:featuredmedia":[{"embeddable":true,"href":"https:\/\/www.manologarciaycia.com\/index.php?rest_route=\/wp\/v2\/media\/13075"}],"wp:attachment":[{"href":"https:\/\/www.manologarciaycia.com\/index.php?rest_route=%2Fwp%2Fv2%2Fmedia&parent=13074"}],"wp:term":[{"taxonomy":"category","embeddable":true,"href":"https:\/\/www.manologarciaycia.com\/index.php?rest_route=%2Fwp%2Fv2%2Fcategories&post=13074"},{"taxonomy":"post_tag","embeddable":true,"href":"https:\/\/www.manologarciaycia.com\/index.php?rest_route=%2Fwp%2Fv2%2Ftags&post=13074"}],"curies":[{"name":"wp","href":"https:\/\/api.w.org\/{rel}","templated":true}]}}