{"id":13055,"date":"2004-07-22T17:34:48","date_gmt":"2004-07-22T15:34:48","guid":{"rendered":"http:\/\/www.manologarciaycia.com\/?p=13055"},"modified":"2015-07-26T17:39:27","modified_gmt":"2015-07-26T15:39:27","slug":"rafa-escalada-en-cadena-100-habla-del-nuevo-trabajo-de-manolo-garcia","status":"publish","type":"post","link":"https:\/\/www.manologarciaycia.com\/?p=13055","title":{"rendered":"Rafa Escalada, en Cadena 100, habla del nuevo trabajo de Manolo Garc\u00eda"},"content":{"rendered":"<p>Rafa Escalada de Cadena 100 ha resumido perfectamente los datos que mas o menos conoc\u00edamos y los que no; aqu\u00ed lo ten\u00e9is:<\/p>\n<p>\u00abNo podemos poner nada&#8230; a <b>Manolo<\/b> no le hace gracia&#8230;\u00a0El disco se publica el <b>6 de Septiembre<\/b> y el primer single <b>\u00abPara que no se duerman mis sentidos\u00bb<\/b> a mediados de Agosto.\u00a0<b>Manolo<\/b> no tiene titulo definitivo.\u00bb C<i>omo ya hemos adelantado en Petaos.<\/i><\/p>\n<p>\u00abEl disco se ha grabado en Girona, Barcelona, y Salvador de Bahia.\u00a0El disco contiene <b>16 canciones<\/b>, por lo que es generoso.\u00a01 de los temas es instrumental.\u00a07 canciones contienen aportaciones brasile\u00f1as, con percusi\u00f3n, etc. (se han grabado en el estudio de <i>Carlinhos Brown<\/i>).<\/p>\n<p>Escuchamos 5 temas:<br \/>\n<b>Ave de paso<\/b><br \/>\n<b>Fragua de los 4 vientos<\/b><br \/>\n<b>Malva<\/b><br \/>\n<b>Sobre tus pasos<\/b><\/p>\n<p>La impresi\u00f3n: el gran <b>Manolo<\/b> de siempre, que no se duerme&#8230; Un nuevo sonido, con las aportaciones brasile\u00f1as, etc&#8230; Una producci\u00f3n enorme, no caben mas instrumentos en las canciones. Muy barroco, <b>Manolo<\/b> ha evolucionado desde un <b>Ultimo de la Fila<\/b> a un sonido mas impresionante.<\/p>\n<p>Las letras muy l\u00edricas, con versos \u00fanicos.\u00a0Canciones escritas para ser cantadas&#8230;. iros preparando&#8230;<\/p>\n<p>La gira: en teatros los meses de Octubre, Noviembre y Diciembre&#8230;\u00a0Se va a America luego a presentar, promo, etc&#8230; ya que <b>Manolo<\/b> se siente muy seguro&#8230; Gira de Verano despues, cuando vuelva.\u00bb<\/p>\n<p>Fuente: Rafa Escalada de <b>Cadena 100<\/b><\/p>\n","protected":false},"excerpt":{"rendered":"<p>Rafa Escalada de Cadena 100 ha resumido perfectamente los datos que mas o menos conoc\u00edamos y los que no; aqu\u00ed lo ten\u00e9is: \u00abNo podemos poner nada&#8230; a Manolo no le hace gracia&#8230;\u00a0El disco se publica el 6 de Septiembre y el primer single \u00abPara que no se duerman mis sentidos\u00bb a mediados de Agosto.\u00a0Manolo no<a class=\"moretag\" href=\"https:\/\/www.manologarciaycia.com\/?p=13055\" title=\"Rafa Escalada, en Cadena 100, habla del nuevo trabajo de Manolo Garc\u00eda\" target=\"_self\" rel=\"follow\"> <font face=arial size=2>[Leer m\u00e1s]<\/font> <\/a><\/p>\n","protected":false},"author":2,"featured_media":0,"comment_status":"closed","ping_status":"closed","sticky":false,"template":"","format":"standard","meta":{"footnotes":""},"categories":[1],"tags":[],"class_list":["post-13055","post","type-post","status-publish","format-standard","hentry","category-manolo-garcia"],"_links":{"self":[{"href":"https:\/\/www.manologarciaycia.com\/index.php?rest_route=\/wp\/v2\/posts\/13055","targetHints":{"allow":["GET"]}}],"collection":[{"href":"https:\/\/www.manologarciaycia.com\/index.php?rest_route=\/wp\/v2\/posts"}],"about":[{"href":"https:\/\/www.manologarciaycia.com\/index.php?rest_route=\/wp\/v2\/types\/post"}],"author":[{"embeddable":true,"href":"https:\/\/www.manologarciaycia.com\/index.php?rest_route=\/wp\/v2\/users\/2"}],"replies":[{"embeddable":true,"href":"https:\/\/www.manologarciaycia.com\/index.php?rest_route=%2Fwp%2Fv2%2Fcomments&post=13055"}],"version-history":[{"count":3,"href":"https:\/\/www.manologarciaycia.com\/index.php?rest_route=\/wp\/v2\/posts\/13055\/revisions"}],"predecessor-version":[{"id":13058,"href":"https:\/\/www.manologarciaycia.com\/index.php?rest_route=\/wp\/v2\/posts\/13055\/revisions\/13058"}],"wp:attachment":[{"href":"https:\/\/www.manologarciaycia.com\/index.php?rest_route=%2Fwp%2Fv2%2Fmedia&parent=13055"}],"wp:term":[{"taxonomy":"category","embeddable":true,"href":"https:\/\/www.manologarciaycia.com\/index.php?rest_route=%2Fwp%2Fv2%2Fcategories&post=13055"},{"taxonomy":"post_tag","embeddable":true,"href":"https:\/\/www.manologarciaycia.com\/index.php?rest_route=%2Fwp%2Fv2%2Ftags&post=13055"}],"curies":[{"name":"wp","href":"https:\/\/api.w.org\/{rel}","templated":true}]}}