{"id":13046,"date":"2004-07-16T17:22:33","date_gmt":"2004-07-16T15:22:33","guid":{"rendered":"http:\/\/www.manologarciaycia.com\/?p=13046"},"modified":"2015-07-26T17:31:14","modified_gmt":"2015-07-26T15:31:14","slug":"nota-de-prensa-oficial-concierto-de-manolo-garcia-el-16-octubre-2004-en-palencia","status":"publish","type":"post","link":"https:\/\/www.manologarciaycia.com\/?p=13046","title":{"rendered":"Nota de Prensa Oficial: Concierto de Manolo Garcia el 16 octubre 2004 en Palencia"},"content":{"rendered":"<p>Actuar\u00e1 en Palencia: S\u00e1bado 16 de octubre.\u00a0<strong>Manolo Garc\u00eda<\/strong>\u00a0ultima la grabaci\u00f3n de su pr\u00f3ximo \u00e1lbum. Un disco que se empez\u00f3 a gestar hace un a\u00f1o y medio y para el que los \u00faltimos seis meses han sido de trabajo intensivo.<\/p>\n<p>Adem\u00e1s: 22 de agosto fecha prevista para presentarse en las radios el primer single y el disco saldr\u00e1, probablemente, a la calle a principios de Septiembre.<\/p>\n<p>Este nuevo \u00e1lbum, tercero en solitario despu\u00e9s de terminar su aventura con\u00a0<strong>El \u00daltimo de la Fila<\/strong>, ha sido grabado a caballo entre Barcelona, Girona y Salvador de Bah\u00eda. Producido por el propio\u00a0<strong>Manolo Garc\u00eda<\/strong>, cuenta con las coproducciones de Pedro Javier Gonz\u00e1lez y Nacho Lesko en parte del disco.<\/p>\n<p>Para este trabajo, se ha rodeado de un plantel de m\u00fasicos muy extenso, para ofrecer un disco ecl\u00e9ctico de mucho y muy variado colorido sonoro; un disco en el que las letras tienen un peso propio y significan otra vuelta de tuerca en el muy personal mundo del m\u00fasico y compositor.<\/p>\n<p>La idea de\u00a0<strong>Manolo Garc\u00eda<\/strong>\u00a0es presentar este disco a la vuelta del verano e iniciar en octubre una gira de conciertos en locales de aforo reducido ( salvo alguna excepci\u00f3n) como teatros, auditorios, etc.., supliendo cuando sea necesario con varias noches esa limitaci\u00f3n de localidades. Al comienzo del siguiente verano, la gira se realizar\u00e1 en espacios al aire libre.<\/p>\n<p>El s\u00e1bado 16 de octubre se presentar\u00e1 en el\u00a0<em>Polideportivo Municipal Marta Dom\u00ednguez<\/em>\u00a0de Palencia (21:30). Esta ser\u00e1 la quinta ciudad de la gira que arranca el d\u00eda 1de octubre en\u00a0<strong>Roquetas de Mar (Almer\u00eda) y sigue por Teruel, Reus y Valladolid.<\/strong><br \/>\nLas entradas para este concierto saldr\u00e1n a la venta el pr\u00f3ximo lunes 19 de julio y se pueden adquirir en las tiendas MaciRock, Discos Debla y Discos Center de Palencia.<\/p>\n<p>Foto del Cartel realizada por EnanoCartiplan y enviada por Marcos. \u00a1Gracias! Fuente: PerroRecords<\/p>\n","protected":false},"excerpt":{"rendered":"<p>Actuar\u00e1 en Palencia: S\u00e1bado 16 de octubre.\u00a0Manolo Garc\u00eda\u00a0ultima la grabaci\u00f3n de su pr\u00f3ximo \u00e1lbum. Un disco que se empez\u00f3 a gestar hace un a\u00f1o y medio y para el que los \u00faltimos seis meses han sido de trabajo intensivo. Adem\u00e1s: 22 de agosto fecha prevista para presentarse en las radios el primer single y el<a class=\"moretag\" href=\"https:\/\/www.manologarciaycia.com\/?p=13046\" title=\"Nota de Prensa Oficial: Concierto de Manolo Garcia el 16 octubre 2004 en Palencia\" target=\"_self\" rel=\"follow\"> <font face=arial size=2>[Leer m\u00e1s]<\/font> <\/a><\/p>\n","protected":false},"author":2,"featured_media":13049,"comment_status":"closed","ping_status":"closed","sticky":false,"template":"","format":"standard","meta":{"footnotes":""},"categories":[1],"tags":[],"class_list":["post-13046","post","type-post","status-publish","format-standard","has-post-thumbnail","hentry","category-manolo-garcia"],"_links":{"self":[{"href":"https:\/\/www.manologarciaycia.com\/index.php?rest_route=\/wp\/v2\/posts\/13046","targetHints":{"allow":["GET"]}}],"collection":[{"href":"https:\/\/www.manologarciaycia.com\/index.php?rest_route=\/wp\/v2\/posts"}],"about":[{"href":"https:\/\/www.manologarciaycia.com\/index.php?rest_route=\/wp\/v2\/types\/post"}],"author":[{"embeddable":true,"href":"https:\/\/www.manologarciaycia.com\/index.php?rest_route=\/wp\/v2\/users\/2"}],"replies":[{"embeddable":true,"href":"https:\/\/www.manologarciaycia.com\/index.php?rest_route=%2Fwp%2Fv2%2Fcomments&post=13046"}],"version-history":[{"count":4,"href":"https:\/\/www.manologarciaycia.com\/index.php?rest_route=\/wp\/v2\/posts\/13046\/revisions"}],"predecessor-version":[{"id":13051,"href":"https:\/\/www.manologarciaycia.com\/index.php?rest_route=\/wp\/v2\/posts\/13046\/revisions\/13051"}],"wp:featuredmedia":[{"embeddable":true,"href":"https:\/\/www.manologarciaycia.com\/index.php?rest_route=\/wp\/v2\/media\/13049"}],"wp:attachment":[{"href":"https:\/\/www.manologarciaycia.com\/index.php?rest_route=%2Fwp%2Fv2%2Fmedia&parent=13046"}],"wp:term":[{"taxonomy":"category","embeddable":true,"href":"https:\/\/www.manologarciaycia.com\/index.php?rest_route=%2Fwp%2Fv2%2Fcategories&post=13046"},{"taxonomy":"post_tag","embeddable":true,"href":"https:\/\/www.manologarciaycia.com\/index.php?rest_route=%2Fwp%2Fv2%2Ftags&post=13046"}],"curies":[{"name":"wp","href":"https:\/\/api.w.org\/{rel}","templated":true}]}}