{"id":13041,"date":"2004-07-15T17:00:34","date_gmt":"2004-07-15T15:00:34","guid":{"rendered":"http:\/\/www.manologarciaycia.com\/?p=13041"},"modified":"2015-07-26T17:21:47","modified_gmt":"2015-07-26T15:21:47","slug":"el-musico-manolo-garcia-estrella-de-la-programacion-del-centenario-de-la-coronacion-de-la-virgen-2004","status":"publish","type":"post","link":"https:\/\/www.manologarciaycia.com\/?p=13041","title":{"rendered":"El m\u00fasico Manolo Garc\u00eda, estrella de la programaci\u00f3n del centenario de la coronaci\u00f3n de la Virgen 2004"},"content":{"rendered":"<p><em>Las fiestas de Miseric\u00f3rdia contar\u00e1n con un programa de lujo<\/em>\u00a0<em>(aunque en el art\u00edculo hable varias veces del d\u00eda 10-10-2004, el concierto se ha confirmado para el d\u00eda 8-10-2004.<\/em><\/p>\n<p>Las Festes de Miseric\u00f3rdia de este a\u00f1o ser\u00e1n especiales ya que se celebra el centenario de la coronaci\u00f3n de la Mare de D\u00e8u. Es por ello que desde el IMAC est\u00e1n acabando de confeccionar un programa que tambi\u00e9n se pretende que sea especial y que contar\u00e1 con\u00a0<strong style=\"font-style: inherit;\">Manolo Garc\u00eda<\/strong>\u00a0como su gran estrella, desde el punto de vista musical.<\/p>\n<p>El cantante barcelon\u00e9s actuar\u00e1 en el\u00a0<em>Pavell\u00f3 Ol\u00edmpic de Reus el 10 de octubre<\/em>, en la que ser\u00e1 la<em> primera actuaci\u00f3n en Catalunya de su nueva gira<\/em>\u00a0y donde presentar\u00e1 el disco que sacar\u00e1 a la venta en septiembre.<\/p>\n<p>Los que tambi\u00e9n estar\u00e1n en Reus este verano ser\u00e1n los hermanos Mu\u00f1oz. Estopa ha elegido el campo de futbol de La Pastoreta para tocar el 25 de agosto y de esta manera cerrar el ciclo de Festivals d\u201dEstiu de Reus.<\/p>\n<p><em>\u00bfQueremos que las Festes de Miseric\u00f3rdia de este a\u00f1o sean excepcionales? <\/em>As\u00ed se expres\u00f3 ayer el concejal de Cultura del Ayuntamiento de Reus, Xavier Filella, durante el acto de presentaci\u00f3n del cartel de las pr\u00f3ximas fiestas en honor a la patrona de la ciudad, una celebraci\u00f3n cuya excepcionalidad radicar\u00e1 en que se conmemora el centenario de la coronaci\u00f3n de la Mare de D\u00e9u de Miseric\u00f3rdia. Aunque durante el acto no se especificaron los principales puntos del programa, el Diari ha podido saber que el gran concierto que hay programado para el 8 de octubre estar\u00e1 protagonizado por\u00a0<strong style=\"font-style: inherit;\">Manolo Garc\u00eda<\/strong>, quien ha elegido la capital del Baix Camp para iniciar su nueva gira en la que presentar\u00e1 el tercer disco en solitario que sacar\u00e1 al mercado en septiembre.<\/p>\n<p>A diferencia de su anterior visita a Reus -en la que\u00a0<strong style=\"font-style: inherit;\">Garc\u00eda<\/strong>\u00a0present\u00f3 su \u00faltimo trabajo,\u00a0<strong style=\"font-style: inherit;\">Nunca el tiempo es perdido<\/strong>, en el campo de futbol de La Pastoreta- en esta ocasi\u00f3n el concierto ser\u00e1 en el Pavell\u00f3 Ol\u00edmpic de Reus, lugar en el que el m\u00fasico barcelon\u00e9s ha actuado en diferentes ocasiones, tanto en solitario como integrante -junto a\u00a0<strong style=\"font-style: inherit;\">Quimi Portet<\/strong>\u2013 de\u00a0<strong style=\"font-style: inherit;\">El \u00daltimo de la Fila<\/strong>.<\/p>\n<p><strong style=\"font-style: inherit;\">Manolo Garc\u00eda<\/strong>\u00a0presentar\u00e1 en Reus su tercer trabajo en solitario, un disco que empez\u00f3 a gestar hace un a\u00f1o y medio y que ha sido grabado a caballo entre Barcelona, Girona y Salvador de Bah\u00eda (Brasil).<\/p>\n<p>Producido por el propio\u00a0<strong style=\"font-style: inherit;\">Manolo Garc\u00eda<\/strong>, cuenta con las coproducciones de\u00a0<strong style=\"font-style: inherit;\">Pedro Javier Gonz\u00e1lez<\/strong>\u00a0y\u00a0<strong style=\"font-style: inherit;\">Nacho Lesko<\/strong>\u00a0en parte del disco. La gira de conciertos que comenzar\u00e1n a principios de octubre tendr\u00e1 dos partes, entre las cuales podr\u00e1 realizar una peque\u00f1a gira por Argentina, M\u00e9jico y otros pa\u00edses latinoamericanos. A excepci\u00f3n de algunos conciertos, como por ejemplo el de Reus del 8 de octubre, la intenci\u00f3n de\u00a0<strong style=\"font-style: inherit;\">Garc\u00eda<\/strong>\u00a0es tocar en locales de aforo reducido (teatros, auditorios, etc.), mientras que al comienzo del pr\u00f3ximo verano la gira se realizar\u00e1 en espacios al aire libre.<\/p>\n<p>Adem\u00e1s, antes de que acabe el 2004,\u00a0<strong style=\"font-style: inherit;\">Manolo Garc\u00eda<\/strong>\u00a0tiene previsto publicar un libro con todas sus letras desde que empez\u00f3 a componer con el grupo\u00a0<strong style=\"font-style: inherit;\">Los R\u00e1pidos<\/strong>\u00a0hasta el d\u00eda de hoy, y con todos sus dibujos y pinturas realizados en estos a\u00f1os.<\/p>\n<p><em><strong>Y tambi\u00e9n\u2026Estopa<\/strong><\/em><\/p>\n<p>Si la presencia de\u00a0<strong style=\"font-style: inherit;\">Manolo Garc\u00eda<\/strong>\u00a0servir\u00e1 para cerrar las fiestas de Miseric\u00f3rdia (que este a\u00f1o se alargar\u00e1n hasta el 10 de octubre debido a la celebraci\u00f3n del centenario de la coronaci\u00f3n de la Mare de D\u00e9u), el Imac tambi\u00e9n tiene previsto poner un broche de oro a la programaci\u00f3n de los Festivals d\u2019Estiu\u201904 de Reus. Para ello, y aunque el contrato todav\u00eda no est\u00e1 firmado, el Diari tambi\u00e9n ha podido saber que Estopa actuar\u00e1 en el campo de f\u00fatbol de La Pastoreta el 25 de agosto. Los hermanos Mu\u00f1oz quer\u00edan traer al Camp de Tarragona su gira de presentaci\u00f3n del disco \u2018La calle es tuya\u2019 y, finalmente, han elegido la capital del Baix Camp. Las entradas para ambos conciertos se pondr\u00e1n a la venta en los pr\u00f3ximos d\u00edas.<\/p>\n<p>Fuente: Diari de Tarragona<\/p>\n","protected":false},"excerpt":{"rendered":"<p>Las fiestas de Miseric\u00f3rdia contar\u00e1n con un programa de lujo\u00a0(aunque en el art\u00edculo hable varias veces del d\u00eda 10-10-2004, el concierto se ha confirmado para el d\u00eda 8-10-2004. Las Festes de Miseric\u00f3rdia de este a\u00f1o ser\u00e1n especiales ya que se celebra el centenario de la coronaci\u00f3n de la Mare de D\u00e8u. Es por ello que<a class=\"moretag\" href=\"https:\/\/www.manologarciaycia.com\/?p=13041\" title=\"El m\u00fasico Manolo Garc\u00eda, estrella de la programaci\u00f3n del centenario de la coronaci\u00f3n de la Virgen 2004\" target=\"_self\" rel=\"follow\"> <font face=arial size=2>[Leer m\u00e1s]<\/font> <\/a><\/p>\n","protected":false},"author":2,"featured_media":0,"comment_status":"closed","ping_status":"closed","sticky":false,"template":"","format":"standard","meta":{"footnotes":""},"categories":[1],"tags":[],"class_list":["post-13041","post","type-post","status-publish","format-standard","hentry","category-manolo-garcia"],"_links":{"self":[{"href":"https:\/\/www.manologarciaycia.com\/index.php?rest_route=\/wp\/v2\/posts\/13041","targetHints":{"allow":["GET"]}}],"collection":[{"href":"https:\/\/www.manologarciaycia.com\/index.php?rest_route=\/wp\/v2\/posts"}],"about":[{"href":"https:\/\/www.manologarciaycia.com\/index.php?rest_route=\/wp\/v2\/types\/post"}],"author":[{"embeddable":true,"href":"https:\/\/www.manologarciaycia.com\/index.php?rest_route=\/wp\/v2\/users\/2"}],"replies":[{"embeddable":true,"href":"https:\/\/www.manologarciaycia.com\/index.php?rest_route=%2Fwp%2Fv2%2Fcomments&post=13041"}],"version-history":[{"count":4,"href":"https:\/\/www.manologarciaycia.com\/index.php?rest_route=\/wp\/v2\/posts\/13041\/revisions"}],"predecessor-version":[{"id":13045,"href":"https:\/\/www.manologarciaycia.com\/index.php?rest_route=\/wp\/v2\/posts\/13041\/revisions\/13045"}],"wp:attachment":[{"href":"https:\/\/www.manologarciaycia.com\/index.php?rest_route=%2Fwp%2Fv2%2Fmedia&parent=13041"}],"wp:term":[{"taxonomy":"category","embeddable":true,"href":"https:\/\/www.manologarciaycia.com\/index.php?rest_route=%2Fwp%2Fv2%2Fcategories&post=13041"},{"taxonomy":"post_tag","embeddable":true,"href":"https:\/\/www.manologarciaycia.com\/index.php?rest_route=%2Fwp%2Fv2%2Ftags&post=13041"}],"curies":[{"name":"wp","href":"https:\/\/api.w.org\/{rel}","templated":true}]}}