{"id":13011,"date":"2015-07-14T08:13:08","date_gmt":"2015-07-14T06:13:08","guid":{"rendered":"http:\/\/www.manologarciaycia.com\/?p=13011"},"modified":"2015-07-16T08:30:07","modified_gmt":"2015-07-16T06:30:07","slug":"60-estrellas-internacionales-se-fotografian-para-pedir-la-proteccion-del-artico","status":"publish","type":"post","link":"https:\/\/www.manologarciaycia.com\/?p=13011","title":{"rendered":"60 estrellas internacionales se fotograf\u00edan para pedir la protecci\u00f3n del \u00c1rtico"},"content":{"rendered":"<p>George Clooney, Pierce Brosnan, Kate Moss, Hugh Grant, Stella McCartney, Sienna Miller, Kylie Minogue, Chris Martin, Naomi Campbell o Maisie Williams, algunas de las 60 personalidades que han apoyado la campa\u00f1a de Greenpeace.<\/p>\n<p>En nuestro pa\u00eds, Alejandro Sanz, Elena Anaya, Gemma Mengual, Mal\u00fa, \u00c1lex Gonz\u00e1lez, Nieves \u00c1lvarez, Lu\u00eds Figo, Helene Svedin, Carlos Bardem, Ariel Rot o Manolo Garc\u00eda, est\u00e1n entre la larga lista de \u00abembajadores del \u00c1rtico\u00bb.<\/p>\n<p>Fuente: Greenpeace &#8211; Lee la noticia completa en este <a href=\"http:\/\/www.greenpeace.org\/espana\/es\/news\/2015\/Julio\/60-estrellas-internacionales-se-fotografian-para-pedir-la-proteccion-del-Artico\/\" target=\"_blank\">ENLACE<\/a><\/p>\n<p><a href=\"http:\/\/www.manologarciaycia.com\/wp-content\/uploads\/2015\/07\/MG_SA.jpg\"><img loading=\"lazy\" decoding=\"async\" src=\"http:\/\/www.manologarciaycia.com\/wp-content\/uploads\/2015\/07\/MG_SA-356x500.jpg\" alt=\"MG_SA\" width=\"356\" height=\"500\" class=\"aligncenter size-medium wp-image-13013\" srcset=\"https:\/\/www.manologarciaycia.com\/wp-content\/uploads\/2015\/07\/MG_SA-356x500.jpg 356w, https:\/\/www.manologarciaycia.com\/wp-content\/uploads\/2015\/07\/MG_SA.jpg 569w\" sizes=\"auto, (max-width: 356px) 100vw, 356px\" \/><\/a><\/p>\n<p>Relacionado: Yo me uno a la campa\u00f1a #Salvael\u00c1rtico &#8211; <a href=\"http:\/\/www.greenpeace.org\/espana\/es\/Blog\/yo-me-uno-a-la-campaa-salvaelartico\/blog\/49991\/\" target=\"_blank\">ENLACE<\/a>:<\/p>\n<p>Alejandro Sanz, Mal\u00fa, \u00c1lex Gonz\u00e1lez, Nieves \u00c1lvarez, Luis Figo, Helene Svedin, Carlos Bardem, Ariel Rot, Luc\u00eda Bos\u00e9, Manolo Garc\u00eda, Carolina Herrera de B\u00e1ez, Ariadne Artiles y Tino de la Carrera, se han unido a la campa\u00f1a Salva el \u00c1rtico y se han convertido en \u201cembajadores del \u00c1rtico\u201d.<\/p>\n<p>Manolo Garc\u00eda:<br \/>\n\u201cDesde muy jovencito he cre\u00eddo que el ser humano tiene sobre el planeta una actitud soberbia que es da\u00f1ina. El planeta es finito y lo estamos agotando. Nuestra actitud industrial, del primer mundo, est\u00e1 abusando de su fuerza y a m\u00ed me duele mucho la falta de conciencia y de cuidado. Est\u00e1 empezando el asunto por los polos, es una cuesti\u00f3n probada cient\u00edficamente, que va a ir a m\u00e1s si no cambiamos esta actuaci\u00f3n nuestra. Eso es lo que me anima para la campa\u00f1a, mi sensaci\u00f3n de que el planeta no es nuestro, fue de alguien que nos lo ha legado y nosotros debemos legarlo a generaciones venideras y estamos en un momento bastante cr\u00edtico y es importante la concienciaci\u00f3n absoluta de todo el mundo\u201d.<\/p>\n","protected":false},"excerpt":{"rendered":"<p>George Clooney, Pierce Brosnan, Kate Moss, Hugh Grant, Stella McCartney, Sienna Miller, Kylie Minogue, Chris Martin, Naomi Campbell o Maisie Williams, algunas de las 60 personalidades que han apoyado la campa\u00f1a de Greenpeace. En nuestro pa\u00eds, Alejandro Sanz, Elena Anaya, Gemma Mengual, Mal\u00fa, \u00c1lex Gonz\u00e1lez, Nieves \u00c1lvarez, Lu\u00eds Figo, Helene Svedin, Carlos Bardem, Ariel Rot<a class=\"moretag\" href=\"https:\/\/www.manologarciaycia.com\/?p=13011\" title=\"60 estrellas internacionales se fotograf\u00edan para pedir la protecci\u00f3n del \u00c1rtico\" target=\"_self\" rel=\"follow\"> <font face=arial size=2>[Leer m\u00e1s]<\/font> <\/a><\/p>\n","protected":false},"author":2,"featured_media":13012,"comment_status":"closed","ping_status":"closed","sticky":false,"template":"","format":"standard","meta":{"footnotes":""},"categories":[1],"tags":[],"class_list":["post-13011","post","type-post","status-publish","format-standard","has-post-thumbnail","hentry","category-manolo-garcia"],"_links":{"self":[{"href":"https:\/\/www.manologarciaycia.com\/index.php?rest_route=\/wp\/v2\/posts\/13011","targetHints":{"allow":["GET"]}}],"collection":[{"href":"https:\/\/www.manologarciaycia.com\/index.php?rest_route=\/wp\/v2\/posts"}],"about":[{"href":"https:\/\/www.manologarciaycia.com\/index.php?rest_route=\/wp\/v2\/types\/post"}],"author":[{"embeddable":true,"href":"https:\/\/www.manologarciaycia.com\/index.php?rest_route=\/wp\/v2\/users\/2"}],"replies":[{"embeddable":true,"href":"https:\/\/www.manologarciaycia.com\/index.php?rest_route=%2Fwp%2Fv2%2Fcomments&post=13011"}],"version-history":[{"count":1,"href":"https:\/\/www.manologarciaycia.com\/index.php?rest_route=\/wp\/v2\/posts\/13011\/revisions"}],"predecessor-version":[{"id":13014,"href":"https:\/\/www.manologarciaycia.com\/index.php?rest_route=\/wp\/v2\/posts\/13011\/revisions\/13014"}],"wp:featuredmedia":[{"embeddable":true,"href":"https:\/\/www.manologarciaycia.com\/index.php?rest_route=\/wp\/v2\/media\/13012"}],"wp:attachment":[{"href":"https:\/\/www.manologarciaycia.com\/index.php?rest_route=%2Fwp%2Fv2%2Fmedia&parent=13011"}],"wp:term":[{"taxonomy":"category","embeddable":true,"href":"https:\/\/www.manologarciaycia.com\/index.php?rest_route=%2Fwp%2Fv2%2Fcategories&post=13011"},{"taxonomy":"post_tag","embeddable":true,"href":"https:\/\/www.manologarciaycia.com\/index.php?rest_route=%2Fwp%2Fv2%2Ftags&post=13011"}],"curies":[{"name":"wp","href":"https:\/\/api.w.org\/{rel}","templated":true}]}}