{"id":12962,"date":"2008-10-19T08:57:25","date_gmt":"2008-10-19T06:57:25","guid":{"rendered":"http:\/\/www.manologarciaycia.com\/?p=12962"},"modified":"2015-06-06T09:01:59","modified_gmt":"2015-06-06T07:01:59","slug":"amor-al-rock-roll","status":"publish","type":"post","link":"https:\/\/www.manologarciaycia.com\/?p=12962","title":{"rendered":"Amor al Rock &#038; Roll"},"content":{"rendered":"<p>\u00bfCrisis de los 50 o a los 50? En el caso de Manolo Garc\u00eda m\u00e1s parece lo segundo. El ex de El \u00daltimo de la Fila vive un baj\u00f3n de p\u00fablico y coloc\u00f3 el escenario en el centro del vel\u00f3dromo, trampeando espacio. A su edad, y como est\u00e1 el mundo juvenil, ya no congrega a la muchachada. Pero esos m\u00e1s de 4.000 seguidores ya no tan j\u00f3venes de la noche del viernes conformaron una redonda fiesta.<\/p>\n<p>Aunque quien m\u00e1s baila, suda y se divierte sigue siendo el colega Manuel Garc\u00eda Garc\u00eda-P\u00e9rez, menos alocado que anta\u00f1o, igual de comunicador y currela de la escena, presentando Saldremos a la lluvia, cuarto disco aut\u00f3nomo. Cercano y directo, el albacete\u00f1o-barcelon\u00e9s presenta un enorme escenario decorado con multitud de pa\u00f1uelos de colores, con fondo de pantalla horizontal para proyecciones y una treintena de saludadores perritos kistch de bazar chino decorando los bordes.<\/p>\n<p>Salt\u00f3 guitarra en ristre, con Provincia de r\u00edo Negro y Malva, tras una frase larga en euskera y tocado con una txapela estepariamente encajada hasta las cejas, que reivindic\u00f3 como s\u00edmbolo de diferencia. En Bailar\u00e1s como un indio entr\u00f3 ya en acci\u00f3n la acrob\u00e1tica bailarina Marta Fern\u00e1ndez, que acompa\u00f1ar\u00eda con sus espectaculares gimnasias muchas de las canciones para un esquema que parece abusivo cuando la redonda descarga rockera, recargada ya con el colorido de la gran pantalla, no parece precisar m\u00e1s sobrecarga esc\u00e9nica. Porque, como ya explic\u00f3 el jueves en rueda de prensa, el nexo del amigo Garc\u00eda con la far\u00e1ndula y su p\u00fablico es <em><strong>\u00abel amor al Rock&#038;Roll\u00bb<\/strong><\/em>. Y macizamente rockeras fueron mayormente sus casi dos horas y media de descarga con un grupo de lujo que trabaj\u00f3 a ratos a tres guitarras y dos bater\u00edas.<\/p>\n<p>Aunque el nuevo material son\u00f3 generoso (Morder el polvo, En el batir de mares, A lo lejos el r\u00edo, Tu peque\u00f1a tienda, la canci\u00f3n que da t\u00edtulo al disco, Sabr\u00e1s que andar&#8230;, No est\u00e9s triste&#8230;) fueron l\u00f3gicamente los viejos himnos los que desataron el entusiasmo (con un par de paseos del cantante entre el gent\u00edo). Dos joyas de El \u00daltimo (El loco de la calle y la apoteosis con Insurrecci\u00f3n) y las gemas propias del final, A S. Fernando, P\u00e1jaros de barro, Levedad o Viernes. Que seas feliz rez\u00f3 la ranchera de adi\u00f3s, con Manolo tirando \u00e1gil de bota de vino. Rockero de raza.<\/p>\n<p>Int\u00e9pretes:: Manolo Garc\u00eda (voz, guitarras, percusiones), Juan Carlos Garc\u00eda (percusiones, coros), Charly Sard\u00e1 (bater\u00eda, coros), \u00cd\u00f1igo Goldarazena (bajo, coros), Osvi Grecco, Ricardo Mar\u00edn, Pedro J. Gonz\u00e1lez (guitarras), Nacho Lesko (teclados, acorde\u00f3n, coros), Olvido Lanza (viol\u00edn), Stelios Petrakis (lira), Marta Fern\u00e1ndez (bailarina). Fecha: viernes 17 de Octubre de 2008. Lugar: vel\u00f3dromo de Anoeta (Donostia). Asistencia: unas 4.500 personas. Precio: 28 euros.<\/p>\n<p>Fuente: Diario Vasco 19\/10\/2008 &#8211; I\u00d1AKI ZARATA &#8211; <a href=\"http:\/\/www.diariovasco.com\/20081019\/cultura\/amor-rock-roll-20081019.html\" target=\"_blank\">ENLACE<\/a><\/p>\n","protected":false},"excerpt":{"rendered":"<p>\u00bfCrisis de los 50 o a los 50? En el caso de Manolo Garc\u00eda m\u00e1s parece lo segundo. El ex de El \u00daltimo de la Fila vive un baj\u00f3n de p\u00fablico y coloc\u00f3 el escenario en el centro del vel\u00f3dromo, trampeando espacio. A su edad, y como est\u00e1 el mundo juvenil, ya no congrega a<a class=\"moretag\" href=\"https:\/\/www.manologarciaycia.com\/?p=12962\" title=\"Amor al Rock &#038; Roll\" target=\"_self\" rel=\"follow\"> <font face=arial size=2>[Leer m\u00e1s]<\/font> <\/a><\/p>\n","protected":false},"author":2,"featured_media":12965,"comment_status":"closed","ping_status":"closed","sticky":false,"template":"","format":"standard","meta":{"footnotes":""},"categories":[1],"tags":[],"class_list":["post-12962","post","type-post","status-publish","format-standard","has-post-thumbnail","hentry","category-manolo-garcia"],"_links":{"self":[{"href":"https:\/\/www.manologarciaycia.com\/index.php?rest_route=\/wp\/v2\/posts\/12962","targetHints":{"allow":["GET"]}}],"collection":[{"href":"https:\/\/www.manologarciaycia.com\/index.php?rest_route=\/wp\/v2\/posts"}],"about":[{"href":"https:\/\/www.manologarciaycia.com\/index.php?rest_route=\/wp\/v2\/types\/post"}],"author":[{"embeddable":true,"href":"https:\/\/www.manologarciaycia.com\/index.php?rest_route=\/wp\/v2\/users\/2"}],"replies":[{"embeddable":true,"href":"https:\/\/www.manologarciaycia.com\/index.php?rest_route=%2Fwp%2Fv2%2Fcomments&post=12962"}],"version-history":[{"count":1,"href":"https:\/\/www.manologarciaycia.com\/index.php?rest_route=\/wp\/v2\/posts\/12962\/revisions"}],"predecessor-version":[{"id":12964,"href":"https:\/\/www.manologarciaycia.com\/index.php?rest_route=\/wp\/v2\/posts\/12962\/revisions\/12964"}],"wp:featuredmedia":[{"embeddable":true,"href":"https:\/\/www.manologarciaycia.com\/index.php?rest_route=\/wp\/v2\/media\/12965"}],"wp:attachment":[{"href":"https:\/\/www.manologarciaycia.com\/index.php?rest_route=%2Fwp%2Fv2%2Fmedia&parent=12962"}],"wp:term":[{"taxonomy":"category","embeddable":true,"href":"https:\/\/www.manologarciaycia.com\/index.php?rest_route=%2Fwp%2Fv2%2Fcategories&post=12962"},{"taxonomy":"post_tag","embeddable":true,"href":"https:\/\/www.manologarciaycia.com\/index.php?rest_route=%2Fwp%2Fv2%2Ftags&post=12962"}],"curies":[{"name":"wp","href":"https:\/\/api.w.org\/{rel}","templated":true}]}}