{"id":12930,"date":"2015-06-01T13:11:55","date_gmt":"2015-06-01T11:11:55","guid":{"rendered":"http:\/\/www.manologarciaycia.com\/?p=12930"},"modified":"2015-06-02T17:06:09","modified_gmt":"2015-06-02T15:06:09","slug":"los-rapidos-y-los-burros-de-nuevo-en-estudio-celebracion-de-35-anos-de-andaduras","status":"publish","type":"post","link":"https:\/\/www.manologarciaycia.com\/?p=12930","title":{"rendered":"Celebrando 35 a\u00f1os de una andadura: Los R\u00e1pidos y Los Burros de nuevo en estudio"},"content":{"rendered":"<p style=\"text-align: left;\">A trav\u00e9s de un comunicado en la web oficial de (Sony) Manolo Garc\u00eda, del pasado 27 de Mayo, el polifac\u00e9tico artista catal\u00e1n ha desvelado lo que era un &#8216;secreto a voces&#8217;: <strong><em>\u00abManolo Garc\u00eda vuelve al estudio para grabar junto a Los R\u00e1pidos y Los Burros\u00bb<\/em><\/strong>. A voces, por que el mismo Manolo se lo hab\u00eda desvelado ya hace algunos meses a Julio Ruiz, Disco Grande (Radio 3), cu\u00e1ndo le entrevist\u00f3 el pasado Noviembre de 2014 en relaci\u00f3n a la salida de Todo es Ahora &#8211; <em>\u00aba lo mejor de quien s\u00ed se rescata material casi perdido es de Los R\u00e1pidos\u00bb<\/em>; y posteriormente se lo adelant\u00f3, con m\u00e1s detalle, a la Revista FHM de Enero 2015 (n\u00famero 128), como respuesta a esta pregunta en la entrevista que le realizaron:<\/p>\n<p style=\"text-align: left;\"><b>Los R\u00e1pidos, Los Burros, El \u00daltimo de la Fila\u2026 \u00bfalguna posibilidad de volver a un grupo tras haber vivido ya una larga experiencia en solitario?<\/b><br \/>\n<i>No, en los escenarios absolutamente no. Pero estoy hablando con gente de Los R\u00e1pidos, con los que tengo una relaci\u00f3n excelente, y te voy a dar una primicia: es muy probable que hagamos un segundo disco de Los R\u00e1pidos, el segundo, que nunca fue y se qued\u00f3 en maquetas. Lo grabaremos ahora.<\/i><\/p>\n<p><center><a href=\"http:\/\/www.manologarciaycia.com\/wp-content\/uploads\/2014\/11\/1238423800415.jpg\"><img loading=\"lazy\" decoding=\"async\" class=\"wp-image-11178 alignleft\" src=\"http:\/\/www.manologarciaycia.com\/wp-content\/uploads\/2014\/11\/1238423800415.jpg\" alt=\"1238423800415\" width=\"214\" height=\"214\" srcset=\"https:\/\/www.manologarciaycia.com\/wp-content\/uploads\/2014\/11\/1238423800415.jpg 300w, https:\/\/www.manologarciaycia.com\/wp-content\/uploads\/2014\/11\/1238423800415-150x150.jpg 150w\" sizes=\"auto, (max-width: 214px) 100vw, 214px\" \/><\/a><\/center><\/p>\n<p style=\"text-align: center;\"><a href=\"http:\/\/www.manologarciaycia.com\/wp-content\/uploads\/2015\/01\/MG_FHM.jpg\"><img loading=\"lazy\" decoding=\"async\" class=\"  wp-image-11849 alignnone\" src=\"http:\/\/www.manologarciaycia.com\/wp-content\/uploads\/2015\/01\/MG_FHM-500x320.jpg\" alt=\"MG_FHM\" width=\"329\" height=\"211\" srcset=\"https:\/\/www.manologarciaycia.com\/wp-content\/uploads\/2015\/01\/MG_FHM-500x320.jpg 500w, https:\/\/www.manologarciaycia.com\/wp-content\/uploads\/2015\/01\/MG_FHM-695x445.jpg 695w, https:\/\/www.manologarciaycia.com\/wp-content\/uploads\/2015\/01\/MG_FHM.jpg 800w\" sizes=\"auto, (max-width: 329px) 100vw, 329px\" \/><\/a><\/p>\n<p style=\"text-align: left;\">Aunque en privado nos hab\u00eda dada a conocer alg\u00fan detalle m\u00e1s, fue a ra\u00edz de una nota de Manolo,\u00a0del 6 de Abril cu\u00e1ndo ya nos dio a conocer con certeza que Manolo Garc\u00eda estaba trabajando en ese proyecto: <i>\u00abporque en este tiempo de silencio he podido plantearme sencillos proyectos que creo que os van a gustar. A m\u00ed ya me est\u00e1n alegrando y espero que tambi\u00e9n os puedan sorprender gratamente. En breve os contar\u00e9.\u00bb<\/i><\/p>\n<p style=\"text-align: left;\">El comunicado del pasado 27 de Mayo arranca\u00a0con un <em><b>\u00ab35 a\u00f1os de una andadura\u00bb<\/b><\/em>; as\u00ed es, tal y como cuenta Manolo Garc\u00eda <em>\u00abA finales del 79 empec\u00e9 a dar vueltas por las tiendas de m\u00fasica de Barcelona en busca de anuncios de oferta\/demanda de m\u00fasicos para intentar formar una banda de rock.\u00bb<\/em> Cuenta que uno de esos anuncios <em>\u00ab(&#8216;teclista uruguayo busca cantante para formar banda de rock&#8217;)\u00bb <\/em>le llev\u00f3 a conocer a Esteban Mart\u00edn Hirschfeld,<em>\u00a0<\/em>con el que empez\u00f3 a trabajar inmediatamente.<em>\u00a0\u00abPoco despu\u00e9s, por diferentes v\u00edas, llegaron Antonio Fidel, Josep Llu\u00eds P\u00e9rez y Llu\u00eds Visiers. As\u00ed, muy resumidamente, nacieron Los R\u00e1pidos.\u00bb\u00a0<\/em><\/p>\n<p style=\"text-align: left;\">Sobre Quimi Portet y su entrada en el grupo, cuenta que <em>\u00abaproximadamente un a\u00f1o despu\u00e9s conocimos a Quimi Portet, a quien consideramos el miembro adecuado para formar la banda perfecta para fracasar estrepitosamente o catapultarnos a las cimas m\u00e1s elevadas de no sab\u00edamos muy bien qu\u00e9. Lo dem\u00e1s, como se suele decir, ya es historia conocida.\u00bb<\/em><\/p>\n<p style=\"text-align: left;\">Dicha\u00a0historia, comienza con el nombre de les da a conocer, en 1980, cu\u00e1ndo durante un corto periodo dan forma a un buen n\u00famero de temas, de los cuales graban una maqueta que entregan en la discogr\u00e1fica EMI. Con s\u00f3lo dos meses de ensayos firman su primer contrato discogr\u00e1fico! Dicha celeridad les brinda el nombre: Los R\u00e1pidos. Cuentan que EMI apost\u00f3 por ellos para contrarestar el fervor en Madrid de\u00a0la movida, como una posible alternativa en Barcelona.<\/p>\n<p style=\"text-align: left;\">En el mismo 1980 graban su primer y \u00fanico disco, mientras siguen juntos, titulado Los R\u00e1pidos. Sale a la venta en 1981, con Amor biodegradable como primer single. Son 12 temas variopintos: pop-rock sencillo, a ratos intimista a ratos m\u00e1s cercanos al punk rock. Cosechan poco \u00e9xito en ventas, no m\u00e1s de 2000 ejemplares, pero d\u00f3nde proliferan es en los directos, unos 300 conciertos, un tanto transgesores: vertido de cervezas, duchas de espuma, rotura de televisores con un hacha, adornos en forma de bidones, etc. Es en esa \u00e9poca d\u00f3nde empiezan a caracterizarse con un (m\u00edtico) embudo en la cabeza que expulsaba humo; como muestra, la delirante actuaci\u00f3n en Musical Express. A parte, hacen de teloneros como por ejemplo de La Orquesta Mondrag\u00f3n e incluso Ramones.<\/p>\n<p style=\"text-align: left;\">Y es en medio de esta gira, 1981, d\u00f3nde presentan a EMI m\u00e1s maquetas, que ya ten\u00edan grabadas, para lanzar lo que ser\u00eda su segundo LP: EMI las rechaz\u00f3; perdieron el apoyo de la discografica y por ello y aunque siguieron de gira, terminar\u00edan por disolverse. A pocos conciertos de terminar la gira, conocen a Quimi Portet en el Rock de Lluna 1981, d\u00f3nde toc\u00f3 con su grupo (Kul de Mandril), al que incorporan a Los R\u00e1pidos, para acompa\u00f1arles en los pocos conciertos que les quedan.<\/p>\n<p style=\"text-align: left;\">Aqu\u00ed nos detenemos por el momento; m\u00e1s adelante continuaremos con los caminos que siguieron los miembros de Los Rapidos; ahora toca hablar de las maquetas del grupo que EMI no public\u00f3 en 1981, ya que posteriormente, en 1995, se reunen los cinco miembros de Los R\u00e1pidos para publicar un disco con esas maquetas. Le dan el nombre de Los R\u00e1pidos 2: Maquetas (Perro Records) y consta de 11 maquetas, e incluye temas in\u00e9ditos y algunas canciones que luego usaran como Los Burros. El single fu\u00e9 Cine ideal. Los temas de este segundo disco son:<\/p>\n<ol class=\"cd-tracklist activetracklist\">\n<li>Cara de sapo<\/li>\n<li>Cine ideal<\/li>\n<li>Zamora<\/li>\n<li>Taxi<\/li>\n<li>Conflicto armado<\/li>\n<li>Disneylandia<\/li>\n<li>Canci\u00f3n sin t\u00edtulo<\/li>\n<li>Moscas aulladoras, perros silenciosos<\/li>\n<li>Estoy hecho polvo<\/li>\n<li>Ratatatata<\/li>\n<li>As\u00ed ser\u00e1<\/li>\n<\/ol>\n<p style=\"text-align: left;\">Seg\u00fan explica Manolo Garc\u00eda en su comunicado <em>\u00abtomando un caf\u00e9 en Barcelona con Llu\u00eds Visiers hace unos meses, pens\u00e9 que ser\u00eda bonito un reencuentro de esta caterva de m\u00fasicos peludos y grabar el segundo \u00e1lbum de Los R\u00e1pidos, que se qued\u00f3 en maqueta\u00bb<\/em>. Pues ah\u00ed est\u00e1n, por partes, las nuevas maquetas de Los R\u00e1pidos, que ver\u00e1n la luz en Oto\u00f1o 2015 tras esta segunda reuni\u00f3n de Los R\u00e1pidos, aprovechando como dice Manolo <em>\u00abla celebraci\u00f3n del 35 aniversario de las mencionadas andanzas\u00bb<\/em>.<\/p>\n<p style=\"text-align: left;\">Y retomando el tema en la disoluci\u00f3n de Los R\u00e1pidos, tras la retirada del apoyo de la discogr\u00e1fica, la dispersi\u00f3n fue tal cual:<\/p>\n<p style=\"text-align: left;\">Manolo Garc\u00eda viaj\u00f3 al Pa\u00eds Vasco para intentar formar una nueva formaci\u00f3n, de la mano de la Orquesta Mondrag\u00f3n.\u00a0Esteban Mart\u00edn ingres\u00f3 en Gabinete Caligari.\u00a0Antonio Fidel, Josep Lluis Perez, Quimi Portet y Jordi Vila (que sustitu\u00eda a Lluis Visiers) se quedan en Barcelona, formando lo que ser\u00edan Los Burros posteriormente.<\/p>\n<p style=\"text-align: left;\">Es tras la vuelta de Manolo Garc\u00eda de su periplo cuando se oficializa el grupo Los Burros, que edita en 1983 su primer LP: Rebuznos de Amor.<\/p>\n<p style=\"text-align: left;\">Y es aqu\u00ed donde el comunicado de Manolo nos da otra alegr\u00eda m\u00e1s <em>\u00abya en el calent\u00f3n, habl\u00e9 con Quimi \u00bfpor qu\u00e9 no regrabar las canciones de Los Burros que tantas alegr\u00edas nos han dado?\u00bb<\/em><\/p>\n<p style=\"text-align: left;\">Estamos de enhorabuena, <strong><span style=\"text-decoration: underline;\">no s\u00f3lo grabaci\u00f3n de maquetas de Los R\u00e1pidos, sino regrabaci\u00f3n de los temas de Los Burros.<\/span><\/strong><\/p>\n<p style=\"text-align: left;\">En las maquetas de Los R\u00e1pidos, y conociendo algunos temas que no fueron editados pero que constan en los archivos de algunos coleccionistas como maquetas de Los R\u00e1pidos e incluso Los Burros, podr\u00edamos llegar a encontrarnos temas in\u00e9ditos como por ejemplo estos (algunos nombres pueden que no sean los reales):<\/p>\n<p style=\"text-align: left;\"><em>Volvamos a los \u00e1rboles<\/em><br \/>\n<em> La lista de los elegidos<\/em><br \/>\n<em> Dos caminos para elegir<\/em><br \/>\n<em> Telas de ara\u00f1a<\/em><br \/>\n<em> Coraz\u00f3n Inquieto<\/em><br \/>\n<em> Estoy hecho polvo<\/em><\/p>\n<p><center><br \/>\nhttps:\/\/youtu.be\/w8PRAU2QJ-Q<\/p>\n<p>https:\/\/youtu.be\/Q6LwgpmQsWU<\/p>\n<p>https:\/\/youtu.be\/OPRmpj14BQQ<\/p>\n<p>https:\/\/youtu.be\/fK72OUH35AY<\/p>\n<p>https:\/\/youtu.be\/UbmzKQBmKH8<\/p>\n<p>https:\/\/youtu.be\/RbFwFXQNTW4<br \/>\n<\/center><\/p>\n<p style=\"text-align: left;\">Son temas muy de la &#8216;nueva ola&#8217; de los 80, con ese aire punk rock que caracteriz\u00f3 a Los R\u00e1pidos, parte de ese &#8216;troglorock&#8217; que les sigui\u00f3 hasta Los Burros.<\/p>\n<p style=\"text-align: left;\">En cuanto a discos, Los Burros grabaron un LP, Rebuznos de amor (Belter, 1983) y un mini-LP, Jam\u00f3n de burro (GASA, 1987).<\/p>\n<p>Respecto al nombre del grupo, los componentes sugirieron para este nuevo grupo nombres como Los Pies de Pato, Los Hombres Rana, Los Trogloditas, etc. y finalmente, adoptaron el nombre de Los Burros.<\/p>\n<p>En los directos utilizaron toda la parafernalia que ya les acompa\u00f1aba en Los R\u00e1pidos: bidones, duchas de espuma, guerras de humos de colores, embudos, telas de pl\u00e1stico, etc. montando un espect\u00e1culo paralelo a la actuaci\u00f3n musical, lo que ahora se llamar\u00eda &#8216;performance&#8217;. Tocaban canciones de Los R\u00e1pidos junto a nuevos temas.\u00a0En alguna\u00a0ocasi\u00f3n, Antonio Fidel nos confes\u00f3 que el estilo de Los Burros era el\u00a0&#8216;troglopop&#8217;.<\/p>\n<p>Para su primer y \u00fanico disco, adem\u00e1s de nuevas canciones, usaron temas no editados de Los R\u00e1pidos. Esta combinaci\u00f3n de temas provoc\u00f3 que el disco sonara ecl\u00e9ctico y variado. Pese al \u00e9xito que cosecharon de la cr\u00edtica, las ventas le dieron la espalda. Para grabar ese disco, contrataron al bater\u00eda Quim Ben\u00edtez, ex Kul de Mandril y al bajista Pepe L\u00f3pez Jara.<\/p>\n<p>Adem\u00e1s, dejaron grabadas maquetas que nunca vieron la luz. En 1987, Manolo y Quimi deciden rescatar algunas canciones compuestas por Los Burros para grabar un mini-LP llamado Jam\u00f3n de burro.<\/p>\n<p>Vistas las escasas ventas del grupo, la discogr\u00e1fica les retir\u00f3 el apoyo. Entonces Manolo y Quimi, decidieron establecerse como un d\u00fao musical, creando as\u00ed El \u00daltimo de la Fila.<\/p>\n<p style=\"text-align: left;\">Manolo Garc\u00eda desvela en su comunicado que el equipo, <strong>actualmente en estudio grabando el material de los Burros<\/strong>, se compone de:<\/p>\n<p style=\"text-align: left;\"><strong>\u00c1ngel Celada<\/strong> (bater\u00eda; curiosamente no form\u00f3 parte de Los R\u00e1pidos ni Los Burros oficialmente, pero triunf\u00f3 con el \u00daltimo de la Fila y Manolo ha querido contar con \u00e9l)<br \/>\n<strong>Antonio Fidel<\/strong> (bajo; Los R\u00e1pidos, Los Burros, El \u00daltimo de la Fila)<br \/>\n<strong>Josep Ll\u00fais P\u00e9rez<\/strong> (guitarras; Los R\u00e1pidos, Los Burros, El \u00daltimo de la Fila)<br \/>\n<strong>Marc Grau &#8216;Junior&#8217;<\/strong> (guitarras; hijo de Marc Grau, miembro de El \u00daltimo de la Fila, que colabora en un tema de su padre)<br \/>\n<strong>Quimi Portet<\/strong> (guitarras, producci\u00f3n)<br \/>\n<strong>Manolo Garc\u00eda<\/strong><\/p>\n<p style=\"text-align: left;\">En el comunicado, Manolo Garc\u00eda contin\u00faa <em>\u00abdentro de poco en<\/em><em>trar\u00e1 al estudio la formaci\u00f3n original de Los R\u00e1pidos para acometer el reto arriba mencionado.\u00bb<\/em><\/p>\n<p style=\"text-align: left;\">Ya s\u00f3lo queda esperar que todo salga bien; y viendo las fotograf\u00edas publicadas por el equipo de Manolo y por Josep Llu\u00eds P\u00e9rez, la cosa va m\u00e1s que rodada, se les ve felices, riendo y pas\u00e1ndoselo en grande. No vemos el momento de disfrutar de estas dos sorpresas que el bueno de Manolo nos ten\u00eda preparadas.<\/p>\n<div id='gallery-1' class='gallery galleryid-12930 gallery-columns-3 gallery-size-thumbnail'><dl class='gallery-item'>\n\t\t\t<dt class='gallery-icon landscape'>\n\t\t\t\t<a class='swipebox' href='https:\/\/www.manologarciaycia.com\/wp-content\/uploads\/2015\/06\/MG_1.jpg'><img loading=\"lazy\" decoding=\"async\" width=\"150\" height=\"150\" src=\"https:\/\/www.manologarciaycia.com\/wp-content\/uploads\/2015\/06\/MG_1-150x150.jpg\" class=\"attachment-thumbnail size-thumbnail\" alt=\"\" \/><\/a>\n\t\t\t<\/dt><\/dl><dl class='gallery-item'>\n\t\t\t<dt class='gallery-icon landscape'>\n\t\t\t\t<a class='swipebox' href='https:\/\/www.manologarciaycia.com\/wp-content\/uploads\/2015\/06\/MG_2.jpg'><img loading=\"lazy\" decoding=\"async\" width=\"150\" height=\"150\" src=\"https:\/\/www.manologarciaycia.com\/wp-content\/uploads\/2015\/06\/MG_2-150x150.jpg\" class=\"attachment-thumbnail size-thumbnail\" alt=\"\" \/><\/a>\n\t\t\t<\/dt><\/dl><dl class='gallery-item'>\n\t\t\t<dt class='gallery-icon landscape'>\n\t\t\t\t<a class='swipebox' href='https:\/\/www.manologarciaycia.com\/wp-content\/uploads\/2015\/06\/MG_3.jpg'><img loading=\"lazy\" decoding=\"async\" width=\"150\" height=\"150\" src=\"https:\/\/www.manologarciaycia.com\/wp-content\/uploads\/2015\/06\/MG_3-150x150.jpg\" class=\"attachment-thumbnail size-thumbnail\" alt=\"\" \/><\/a>\n\t\t\t<\/dt><\/dl><br style=\"clear: both\" \/><dl class='gallery-item'>\n\t\t\t<dt class='gallery-icon landscape'>\n\t\t\t\t<a class='swipebox' href='https:\/\/www.manologarciaycia.com\/wp-content\/uploads\/2015\/06\/MG_4.jpg'><img loading=\"lazy\" decoding=\"async\" width=\"150\" height=\"150\" src=\"https:\/\/www.manologarciaycia.com\/wp-content\/uploads\/2015\/06\/MG_4-150x150.jpg\" class=\"attachment-thumbnail size-thumbnail\" alt=\"\" \/><\/a>\n\t\t\t<\/dt><\/dl><dl class='gallery-item'>\n\t\t\t<dt class='gallery-icon landscape'>\n\t\t\t\t<a class='swipebox' href='https:\/\/www.manologarciaycia.com\/wp-content\/uploads\/2015\/06\/MG_5.jpeg'><img loading=\"lazy\" decoding=\"async\" width=\"150\" height=\"150\" src=\"https:\/\/www.manologarciaycia.com\/wp-content\/uploads\/2015\/06\/MG_5-150x150.jpeg\" class=\"attachment-thumbnail size-thumbnail\" alt=\"\" \/><\/a>\n\t\t\t<\/dt><\/dl><dl class='gallery-item'>\n\t\t\t<dt class='gallery-icon landscape'>\n\t\t\t\t<a class='swipebox' href='https:\/\/www.manologarciaycia.com\/wp-content\/uploads\/2015\/06\/MG_6.jpg'><img loading=\"lazy\" decoding=\"async\" width=\"150\" height=\"150\" src=\"https:\/\/www.manologarciaycia.com\/wp-content\/uploads\/2015\/06\/MG_6-150x150.jpg\" class=\"attachment-thumbnail size-thumbnail\" alt=\"\" \/><\/a>\n\t\t\t<\/dt><\/dl><br style=\"clear: both\" \/><dl class='gallery-item'>\n\t\t\t<dt class='gallery-icon portrait'>\n\t\t\t\t<a class='swipebox' href='https:\/\/www.manologarciaycia.com\/wp-content\/uploads\/2015\/05\/jpg_3.jpg'><img loading=\"lazy\" decoding=\"async\" width=\"150\" height=\"150\" src=\"https:\/\/www.manologarciaycia.com\/wp-content\/uploads\/2015\/05\/jpg_3-150x150.jpg\" class=\"attachment-thumbnail size-thumbnail\" alt=\"\" \/><\/a>\n\t\t\t<\/dt><\/dl><dl class='gallery-item'>\n\t\t\t<dt class='gallery-icon portrait'>\n\t\t\t\t<a class='swipebox' href='https:\/\/www.manologarciaycia.com\/wp-content\/uploads\/2015\/05\/jpg_2.jpg'><img loading=\"lazy\" decoding=\"async\" width=\"150\" height=\"150\" src=\"https:\/\/www.manologarciaycia.com\/wp-content\/uploads\/2015\/05\/jpg_2-150x150.jpg\" class=\"attachment-thumbnail size-thumbnail\" alt=\"\" \/><\/a>\n\t\t\t<\/dt><\/dl>\n\t\t\t<br style='clear: both' \/>\n\t\t<\/div>\n\n<p style=\"text-align: left;\">A pesar de que ya nos dejar\u00eda anonadados del todo una gira de reencuentro en los escenarios de Los R\u00e1pidos o de Los Burros (o puestos a so\u00f1ar, de El \u00daltimo de la Fila), creemos que no se producir\u00e1, tal y como han comentado Manolo y Quimi en repetidas ocasiones. Aunque la primera reacci\u00f3n de multitud de seguidores, a este comunicado, ha sido pedir gira, conciertos!<\/p>\n<p style=\"text-align: left;\">Para terminar estos dos proyectos ser\u00edan el porqu\u00e9 Manolo Garc\u00eda no ha iniciado la tradicional gira tras la publicaci\u00f3n de uno de sus discos. Pero seg\u00fan coment\u00f3 en una de sus comunicaciones en Abril de este a\u00f1o <em>\u00absi no hemos dado todav\u00eda fechas de conciertos no es por falta de ganas m\u00edas, todo lo contrario, o por ser yo persona dubitativa, que no lo soy, sino porque estoy intentando encajar un par de ideas para m\u00ed importantes antes de meterme en harina. Estar\u00e9 contento de daros fechas de conciertos pronto.\u00bb<\/em> Esperamos pues a que terminen estos proyectos para disfrutar en directo de Manolo y su banda.<\/p>\n<p style=\"text-align: left;\"><strong><span style=\"text-decoration: underline;\">Comunicado completo del 27 de Mayo 2015:<\/span><\/strong><\/p>\n<p style=\"text-align: left;\">\u00abLos R\u00e1pidos \u2013 Los Burros<\/p>\n<p style=\"text-align: left;\">35 a\u00f1os de una andadura<\/p>\n<p style=\"text-align: left;\">A finales del 79 empec\u00e9 a dar vueltas por las tiendas de m\u00fasica de Barcelona en busca de anuncios de oferta\/demanda de m\u00fasicos para intentar formar una banda de rock. En uno de esos anuncios (\u201cteclista uruguayo busca cantante para formar banda de rock\u201d) conoc\u00ed a Esteban Mart\u00edn Hirschfeld. Empezamos a trabajar inmediatamente y poco despu\u00e9s, por diferentes v\u00edas, llegaron Antonio Fidel, Josep Llu\u00eds P\u00e9rez y Llu\u00eds Visiers. As\u00ed, muy resumidamente, nacieron Los R\u00e1pidos. Aproximadamente un a\u00f1o despu\u00e9s conocimos a Quimi Portet, a quien consideramos el miembro adecuado para formar la banda perfecta para fracasar estrepitosamente o catapultarnos a las cimas m\u00e1s elevadas de no sab\u00edamos muy bien qu\u00e9. Lo dem\u00e1s, como se suele decir, ya es historia conocida.<\/p>\n<p style=\"text-align: left;\">El motivo de esta resumida explicaci\u00f3n es porque tomando un caf\u00e9 en Barcelona con Llu\u00eds Visiers hace unos meses, pens\u00e9 que ser\u00eda bonito un reencuentro de esta caterva de m\u00fasicos peludos y grabar el segundo \u00e1lbum de Los R\u00e1pidos, que se qued\u00f3 en maqueta tras reiteradas (y fracasadas) intentonas con la compa\u00f1\u00eda discogr\u00e1fica. Ya en el calent\u00f3n, habl\u00e9 con Quimi \u00bfpor qu\u00e9 no regrabar las canciones de Los Burros que tantas alegr\u00edas nos han dado? Como todos sab\u00e9is, alegr\u00edas no en ventas pero s\u00ed vitalmente.<\/p>\n<p style=\"text-align: left;\">O sea, que al final esto se va a convertir en la celebraci\u00f3n del 35 aniversario de las mencionadas andanzas. A d\u00eda de hoy, como v\u00e1is a ver en algunas fotos, estamos ya en estudio el equipo formado por Angel Celada, bater\u00eda, Antonio Fidel, bajo, Josep Ll\u00fais P\u00e9rez, guitarras, Marc Grau \u201cjunior\u201d, guitarras, Quimi Portet, guitarras y produciendo, y un servidor grabando el material de los Burros. Dentro de poco entrar\u00e1 al estudio la formaci\u00f3n original de Los R\u00e1pidos para acometer el reto arriba mencionado. Nuestra idea es que este material vea la luz el pr\u00f3ximo oto\u00f1o.<\/p>\n<p style=\"text-align: left;\">Por el momento poco m\u00e1s.<\/p>\n<p style=\"text-align: left;\">Abrazos y garrotazos a terceros.\u00bb<\/p>\n","protected":false},"excerpt":{"rendered":"<p>A trav\u00e9s de un comunicado en la web oficial de (Sony) Manolo Garc\u00eda, del pasado 27 de Mayo, el polifac\u00e9tico artista catal\u00e1n ha desvelado lo que era un &#8216;secreto a voces&#8217;: \u00abManolo Garc\u00eda vuelve al estudio para grabar junto a Los R\u00e1pidos y Los Burros\u00bb. A voces, por que el mismo Manolo se lo hab\u00eda<a class=\"moretag\" href=\"https:\/\/www.manologarciaycia.com\/?p=12930\" title=\"Celebrando 35 a\u00f1os de una andadura: Los R\u00e1pidos y Los Burros de nuevo en estudio\" target=\"_self\" rel=\"follow\"> <font face=arial size=2>[Leer m\u00e1s]<\/font> <\/a><\/p>\n","protected":false},"author":2,"featured_media":12935,"comment_status":"closed","ping_status":"closed","sticky":false,"template":"","format":"standard","meta":{"footnotes":""},"categories":[3,1,23],"tags":[],"class_list":["post-12930","post","type-post","status-publish","format-standard","has-post-thumbnail","hentry","category-el-ultimo-de-la-fila","category-manolo-garcia","category-otros"],"_links":{"self":[{"href":"https:\/\/www.manologarciaycia.com\/index.php?rest_route=\/wp\/v2\/posts\/12930","targetHints":{"allow":["GET"]}}],"collection":[{"href":"https:\/\/www.manologarciaycia.com\/index.php?rest_route=\/wp\/v2\/posts"}],"about":[{"href":"https:\/\/www.manologarciaycia.com\/index.php?rest_route=\/wp\/v2\/types\/post"}],"author":[{"embeddable":true,"href":"https:\/\/www.manologarciaycia.com\/index.php?rest_route=\/wp\/v2\/users\/2"}],"replies":[{"embeddable":true,"href":"https:\/\/www.manologarciaycia.com\/index.php?rest_route=%2Fwp%2Fv2%2Fcomments&post=12930"}],"version-history":[{"count":19,"href":"https:\/\/www.manologarciaycia.com\/index.php?rest_route=\/wp\/v2\/posts\/12930\/revisions"}],"predecessor-version":[{"id":12956,"href":"https:\/\/www.manologarciaycia.com\/index.php?rest_route=\/wp\/v2\/posts\/12930\/revisions\/12956"}],"wp:featuredmedia":[{"embeddable":true,"href":"https:\/\/www.manologarciaycia.com\/index.php?rest_route=\/wp\/v2\/media\/12935"}],"wp:attachment":[{"href":"https:\/\/www.manologarciaycia.com\/index.php?rest_route=%2Fwp%2Fv2%2Fmedia&parent=12930"}],"wp:term":[{"taxonomy":"category","embeddable":true,"href":"https:\/\/www.manologarciaycia.com\/index.php?rest_route=%2Fwp%2Fv2%2Fcategories&post=12930"},{"taxonomy":"post_tag","embeddable":true,"href":"https:\/\/www.manologarciaycia.com\/index.php?rest_route=%2Fwp%2Fv2%2Ftags&post=12930"}],"curies":[{"name":"wp","href":"https:\/\/api.w.org\/{rel}","templated":true}]}}