{"id":12891,"date":"2015-05-29T14:05:35","date_gmt":"2015-05-29T12:05:35","guid":{"rendered":"http:\/\/www.manologarciaycia.com\/?p=12891"},"modified":"2015-05-30T07:31:50","modified_gmt":"2015-05-30T05:31:50","slug":"fotografias-de-los-rapidos-en-estudio","status":"publish","type":"post","link":"https:\/\/www.manologarciaycia.com\/?p=12891","title":{"rendered":"Fotograf\u00edas de Los R\u00e1pidos en estudio"},"content":{"rendered":"<p>Los R\u00e1pidos en estudio, con Antonio Fidel, \u00c1ngel Celada, Quimi Portet, Marc Grau Jr. y Manolo Garc\u00eda. \u202a<\/p>\n<p><center><div id='gallery-1' class='gallery galleryid-12891 gallery-columns-3 gallery-size-thumbnail'><dl class='gallery-item'>\n\t\t\t<dt class='gallery-icon landscape'>\n\t\t\t\t<a class='swipebox' href='https:\/\/www.manologarciaycia.com\/wp-content\/uploads\/2015\/05\/MarcGrau.jpeg'><img loading=\"lazy\" decoding=\"async\" width=\"150\" height=\"150\" src=\"https:\/\/www.manologarciaycia.com\/wp-content\/uploads\/2015\/05\/MarcGrau-150x150.jpeg\" class=\"attachment-thumbnail size-thumbnail\" alt=\"\" \/><\/a>\n\t\t\t<\/dt><\/dl><dl class='gallery-item'>\n\t\t\t<dt class='gallery-icon landscape'>\n\t\t\t\t<a class='swipebox' href='https:\/\/www.manologarciaycia.com\/wp-content\/uploads\/2015\/05\/Rapidos.jpg'><img loading=\"lazy\" decoding=\"async\" width=\"150\" height=\"150\" src=\"https:\/\/www.manologarciaycia.com\/wp-content\/uploads\/2015\/05\/Rapidos-150x150.jpg\" class=\"attachment-thumbnail size-thumbnail\" alt=\"\" \/><\/a>\n\t\t\t<\/dt><\/dl>\n\t\t\t<br style='clear: both' \/>\n\t\t<\/div>\n<\/center><\/p>\n<p>#\u200eLosRapidos\u202c \u202a#\u200eAntonioFidel\u202c \u202a#\u200e\u00c1ngelCelada\u202c, \u202a#\u200eQuimiPortet\u202c, \u202a#\u200eMarcGrauJr\u202c y \u202a#\u200eManoloGarc\u00eda\u202c.<\/p>\n<p>Fuente: Web oficial de Sony de Manolo Garc\u00eda &#8211; <a href=\"http:\/\/www.manolo-garcia.com\/photos\/galeria-oficial\" target=\"_blank\">ENLACE<\/a><\/p>\n","protected":false},"excerpt":{"rendered":"<p>Los R\u00e1pidos en estudio, con Antonio Fidel, \u00c1ngel Celada, Quimi Portet, Marc Grau Jr. y Manolo Garc\u00eda. \u202a #\u200eLosRapidos\u202c \u202a#\u200eAntonioFidel\u202c \u202a#\u200e\u00c1ngelCelada\u202c, \u202a#\u200eQuimiPortet\u202c, \u202a#\u200eMarcGrauJr\u202c y \u202a#\u200eManoloGarc\u00eda\u202c. Fuente: Web oficial de Sony de Manolo Garc\u00eda &#8211; ENLACE<a class=\"moretag\" href=\"https:\/\/www.manologarciaycia.com\/?p=12891\" title=\"Fotograf\u00edas de Los R\u00e1pidos en estudio\" target=\"_self\" rel=\"follow\"> <font face=arial size=2>[Leer m\u00e1s]<\/font> <\/a><\/p>\n","protected":false},"author":2,"featured_media":0,"comment_status":"closed","ping_status":"closed","sticky":false,"template":"","format":"gallery","meta":{"footnotes":""},"categories":[3,1,23,9],"tags":[],"class_list":["post-12891","post","type-post","status-publish","format-gallery","hentry","category-el-ultimo-de-la-fila","category-manolo-garcia","category-otros","category-qumi-portet","post_format-post-format-gallery"],"_links":{"self":[{"href":"https:\/\/www.manologarciaycia.com\/index.php?rest_route=\/wp\/v2\/posts\/12891","targetHints":{"allow":["GET"]}}],"collection":[{"href":"https:\/\/www.manologarciaycia.com\/index.php?rest_route=\/wp\/v2\/posts"}],"about":[{"href":"https:\/\/www.manologarciaycia.com\/index.php?rest_route=\/wp\/v2\/types\/post"}],"author":[{"embeddable":true,"href":"https:\/\/www.manologarciaycia.com\/index.php?rest_route=\/wp\/v2\/users\/2"}],"replies":[{"embeddable":true,"href":"https:\/\/www.manologarciaycia.com\/index.php?rest_route=%2Fwp%2Fv2%2Fcomments&post=12891"}],"version-history":[{"count":1,"href":"https:\/\/www.manologarciaycia.com\/index.php?rest_route=\/wp\/v2\/posts\/12891\/revisions"}],"predecessor-version":[{"id":12896,"href":"https:\/\/www.manologarciaycia.com\/index.php?rest_route=\/wp\/v2\/posts\/12891\/revisions\/12896"}],"wp:attachment":[{"href":"https:\/\/www.manologarciaycia.com\/index.php?rest_route=%2Fwp%2Fv2%2Fmedia&parent=12891"}],"wp:term":[{"taxonomy":"category","embeddable":true,"href":"https:\/\/www.manologarciaycia.com\/index.php?rest_route=%2Fwp%2Fv2%2Fcategories&post=12891"},{"taxonomy":"post_tag","embeddable":true,"href":"https:\/\/www.manologarciaycia.com\/index.php?rest_route=%2Fwp%2Fv2%2Ftags&post=12891"}],"curies":[{"name":"wp","href":"https:\/\/api.w.org\/{rel}","templated":true}]}}