{"id":12862,"date":"2015-05-19T19:07:53","date_gmt":"2015-05-19T17:07:53","guid":{"rendered":"http:\/\/www.manologarciaycia.com\/?p=12862"},"modified":"2015-05-19T19:10:45","modified_gmt":"2015-05-19T17:10:45","slug":"artistas-e-industria-convocan-el-20-m-un-dia-sin-musica-en-protesta-por-el-iva-cultural","status":"publish","type":"post","link":"https:\/\/www.manologarciaycia.com\/?p=12862","title":{"rendered":"Artistas e industria convocan el 20M un &#8216;D\u00eda sin m\u00fasica&#8217; en protesta por el IVA cultural"},"content":{"rendered":"<p>Vetusta Morla, Alejandro Sanz, Albor\u00e1n o Serrat apoyan la iniciativa. No habr\u00e1 conciertos y los promotores piden que no se escuche m\u00fasica. A las 10.30 horas entregar\u00e1n 215.000 firmas para pedir rebajar el IVA del 21 al 4%.<\/p>\n<p>Ni conciertos, ni vinilos girando, ni reproductores de escucha en l\u00ednea en marcha, ni hilo en las tiendas. La industria de la m\u00fasica en vivo lanza su grito m\u00e1s silencioso y aspira a convertir este mi\u00e9rcoles 20 de mayo en un &#8216;D\u00eda sin m\u00fasica&#8217; en toda Espa\u00f1a en protesta contra un IVA cultural que les tiene, dicen, en \u00abniveles de supervivencia\u00bb.<\/p>\n<p>Seg\u00fan cifras de la Asociaci\u00f3n de Promotores Musicales (APM), la mayoritaria y una de las principales impulsoras de esta convocatoria, son 170 empresas y unas 215.000 personas las que, junto a todos los partidos de la oposici\u00f3n con grupo propio en el Parlamento, han firmado el documento que solicita que el 21% de IVA fijado actualmente se reduzca hasta el 4%.<\/p>\n<p>\u00abMe parece una barbaridad y un super\u00e9xito haber conseguido esas 215.000 firmas\u00bb, ha dicho a Efe Pascual Egea, presidente de APM, quien ha defendido que la rebaja del impuesto \u00abcambiar\u00eda completamente el panorama: de no tener ning\u00fan margen de movimiento a, por ejemplo, poder impulsar nuevos talentos y hacer crecer el turismo en torno a estos eventos\u00bb.<\/p>\n<p>Entre los actos convocados para este mi\u00e9rcoles, est\u00e1 previsto que a partir de las 10.30 horas se realice la entrega de las firmas recabadas a trav\u00e9s de la plataforma \u00abon-line\u00bb Change.org en el Congreso de los Diputados y que, seguidamente, a las 11.00 horas, se realice una concentraci\u00f3n en la madrile\u00f1a plaza de C\u00e1novas del Castillo, donde est\u00e1 emplazada la fuente de Neptuno.<\/p>\n<p>Vetusta Morla, Alejandro Sanz, Pablo Albor\u00e1n o Sabina, concienciados<br \/>\nVetusta Morla, grandes triunfadores de los \u00faltimos Premios de la M\u00fasica Independiente, han alzado sus voces por esta causa, que se celebra a pocos d\u00edas de su primer desembarco en el Barclaycard Center de Madrid (antiguo Palacio de los Deportes). \u00abApoyamos totalmente el 20-M. La m\u00fasica tiene una relevancia emocional y social enorme, pero sucede algo extra\u00f1o en la traslaci\u00f3n de esa importancia al legislar. Vamos a ver qu\u00e9 pasa cuando llegue este d\u00eda. Habr\u00e1 gente que se d\u00e9 cuenta de ello\u00bb, ha dicho a Efe Juanma Latorre, uno de los integrantes de la banda.<\/p>\n<p>Como ellos, Pablo Albor\u00e1n, Alejandro Sanz, Joan Manuel Serrat, Joaqu\u00edn Sabina, Miguel Bos\u00e9, Manolo Garc\u00eda, Sergio Dalma, Estopa o Kiko Veneno se encuentran entre los numerosos artistas que han apoyado la iniciativa.<\/p>\n<p>Ya sean \u00abindies\u00bb, cantautores o artistas m\u00e1s comerciales, son numerosas voces que se han unido para llamar la atenci\u00f3n sobre la situaci\u00f3n actual de la industria y los que se han fotografiado con la boca tapada, anticipando lo que podr\u00eda suceder, en su opini\u00f3n, de mantenerse el actual IVA.<\/p>\n<p>Entre ellos se encuentran Leiva, Luis Eduardo Aute, Rosendo, Camela, Ana Torroja, Amaia Montero, Los Secretos, El Canijo de Jerez, David DeMar\u00eda, Celtas Cortos, Tomasito, Chenoa, Eladio (y Los Seres Queridos), Rulo y la Contrabanda, Elefantes, Manuel Carrasco, El Barrio, Carlos Baute, La Habitaci\u00f3n Roja, Coque Malla, \u00c1lex Ubago y Mikel Erentxun.<\/p>\n<p>P\u00e9rdidas de entre 40.000 y 50.000 empleos<br \/>\nUtilizando datos del propio Gobierno, el mundo de la cultura ha perdido entre 40.000 y 50.000 puestos de trabajo desde que en septiembre de 2012 el tipo impositivo que grava la m\u00fasica en vivo subi\u00f3 dr\u00e1sticamente del 8 al 21%.<\/p>\n<p>Asimismo, APM denuncia que se ha perdido un 30% de asistentes a los conciertos, con m\u00e1rgenes de beneficio cada vez m\u00e1s exiguos para los promotores por el obligado pago adicional de otro 10% en concepto de autores.<\/p>\n<p>Eso, a\u00f1aden desde esta asociaci\u00f3n, deja a los empresarios espa\u00f1oles en una situaci\u00f3n de inferioridad para competir en el mercado internacional de contrataciones con pa\u00edses vecinos como Francia, \u00abdonde se paga cuatro veces menos de IVA\u00bb y que pueden ofrecer mejores ofertas a los artistas.<\/p>\n<p>\u00abSi nos qued\u00e1ramos fuera del circuito internacional por completo, estar\u00edamos muertos, porque luego costar\u00eda mucho volver a \u00e9l; por eso se est\u00e1 haciendo un enorme esfuerzo para traer artistas al menos a una ciudad, pero estamos funcionando sin m\u00e1rgenes\u00bb, advierte Egea.<\/p>\n<p>Fuente: RTVE &#8211; <a href=\"http:\/\/www.rtve.es\/noticias\/20150519\/artistas-industria-convocan-20-dia-sin-musica-protesta-iva-cultural\/1147350.shtml\" target=\"_blank\">ENLACE<\/a><\/p>\n","protected":false},"excerpt":{"rendered":"<p>Vetusta Morla, Alejandro Sanz, Albor\u00e1n o Serrat apoyan la iniciativa. No habr\u00e1 conciertos y los promotores piden que no se escuche m\u00fasica. A las 10.30 horas entregar\u00e1n 215.000 firmas para pedir rebajar el IVA del 21 al 4%. Ni conciertos, ni vinilos girando, ni reproductores de escucha en l\u00ednea en marcha, ni hilo en las<a class=\"moretag\" href=\"https:\/\/www.manologarciaycia.com\/?p=12862\" title=\"Artistas e industria convocan el 20M un &#8216;D\u00eda sin m\u00fasica&#8217; en protesta por el IVA cultural\" target=\"_self\" rel=\"follow\"> <font face=arial size=2>[Leer m\u00e1s]<\/font> <\/a><\/p>\n","protected":false},"author":2,"featured_media":12863,"comment_status":"closed","ping_status":"closed","sticky":false,"template":"","format":"standard","meta":{"footnotes":""},"categories":[1,23],"tags":[],"class_list":["post-12862","post","type-post","status-publish","format-standard","has-post-thumbnail","hentry","category-manolo-garcia","category-otros"],"_links":{"self":[{"href":"https:\/\/www.manologarciaycia.com\/index.php?rest_route=\/wp\/v2\/posts\/12862","targetHints":{"allow":["GET"]}}],"collection":[{"href":"https:\/\/www.manologarciaycia.com\/index.php?rest_route=\/wp\/v2\/posts"}],"about":[{"href":"https:\/\/www.manologarciaycia.com\/index.php?rest_route=\/wp\/v2\/types\/post"}],"author":[{"embeddable":true,"href":"https:\/\/www.manologarciaycia.com\/index.php?rest_route=\/wp\/v2\/users\/2"}],"replies":[{"embeddable":true,"href":"https:\/\/www.manologarciaycia.com\/index.php?rest_route=%2Fwp%2Fv2%2Fcomments&post=12862"}],"version-history":[{"count":2,"href":"https:\/\/www.manologarciaycia.com\/index.php?rest_route=\/wp\/v2\/posts\/12862\/revisions"}],"predecessor-version":[{"id":12865,"href":"https:\/\/www.manologarciaycia.com\/index.php?rest_route=\/wp\/v2\/posts\/12862\/revisions\/12865"}],"wp:featuredmedia":[{"embeddable":true,"href":"https:\/\/www.manologarciaycia.com\/index.php?rest_route=\/wp\/v2\/media\/12863"}],"wp:attachment":[{"href":"https:\/\/www.manologarciaycia.com\/index.php?rest_route=%2Fwp%2Fv2%2Fmedia&parent=12862"}],"wp:term":[{"taxonomy":"category","embeddable":true,"href":"https:\/\/www.manologarciaycia.com\/index.php?rest_route=%2Fwp%2Fv2%2Fcategories&post=12862"},{"taxonomy":"post_tag","embeddable":true,"href":"https:\/\/www.manologarciaycia.com\/index.php?rest_route=%2Fwp%2Fv2%2Ftags&post=12862"}],"curies":[{"name":"wp","href":"https:\/\/api.w.org\/{rel}","templated":true}]}}