{"id":12854,"date":"2015-05-19T17:14:33","date_gmt":"2015-05-19T15:14:33","guid":{"rendered":"http:\/\/www.manologarciaycia.com\/?p=12854"},"modified":"2015-05-22T10:40:21","modified_gmt":"2015-05-22T08:40:21","slug":"manolo-garcia-se-adhiere-a-la-accion-un-dia-sin-musica","status":"publish","type":"post","link":"https:\/\/www.manologarciaycia.com\/?p=12854","title":{"rendered":"Manolo Garc\u00eda se adhiere a la acci\u00f3n \u00abun d\u00eda sin m\u00fasica\u00bb"},"content":{"rendered":"<p>Hola,<\/p>\n<p>Me gustar\u00eda recordar al que pueda interesarle que el d\u00eda 20 es la huelga de \u00abun d\u00eda sin m\u00fasica\u00bb en Espa\u00f1a.<\/p>\n<p>Me adhiero absolutamente a esa iniciativa que tendr\u00eda que haber empezado much\u00edsimos meses atr\u00e1s ante la brutal injusticia a la que estamos siendo sometidos los cientos de miles de personas que trabajamos en el mundo de la cultura. Esta es una cadena, y unos eslabones dan fuerza a otros.<\/p>\n<p>Las injustas pol\u00edticas contra el mundo de la cultura est\u00e1n llevando a much\u00edsimos compa\u00f1eros a situaciones cr\u00edticas. No s\u00f3lo artistas sino toda la gente de las diferentes disciplinas que intentan ganarse la vida honestamente en este sector, desde camioneros, ch\u00f3feres, equipos de luces y sonido, catering y una infinidad de personas que est\u00e1n sufriendo en sus carnes la brutal embestida de esta injusticia.<\/p>\n<p>A los que est\u00e9is de acuerdo \u00abun d\u00eda sin m\u00fasica\u00bb difundir.<\/p>\n<p>Que este s\u00f3lo sea el principio de la protesta general de toda la gente de la cultura hasta que se vuelva a una situaci\u00f3n justa y equipararnos a los IVA culturales del resto de Europa que permite a este colectivo nuestro trabajar y crear riqueza. Las situaci\u00f3n actual es poner palos en la rueda y , como se est\u00e1 viendo, causa un resultado nefasto. Por nuestra dignidad.<\/p>\n<p>Manolo Garc\u00eda<\/p>\n<p>Fuente: P\u00e1gina Oficial Sony Manolo Garc\u00eda &#8211; <a href=\"http:\/\/www.manolo-garcia.com\/news\/manolo-garc%C3%ADa-se-adhiere-la-acci%C3%B3n-un-d%C3%ADa-sin-m%C3%BAsica\" target=\"_blank\">ENLACE<\/a><\/p>\n<p>Te puedes unir en Charge.org: <a href=\"https:\/\/www.change.org\/p\/gobierno-de-espa\u00f1a-por-la-aplicaci\u00f3n-del-iva-super-reducido-para-la-cultura-al-4-en-espa\u00f1a\">https:\/\/www.change.org\/p\/gobierno-de-espa\u00f1a-por-la-aplicaci\u00f3n-del-iva-super-reducido-para-la-cultura-al-4-en-espa\u00f1a<\/a><\/p>\n","protected":false},"excerpt":{"rendered":"<p>Hola, Me gustar\u00eda recordar al que pueda interesarle que el d\u00eda 20 es la huelga de \u00abun d\u00eda sin m\u00fasica\u00bb en Espa\u00f1a. Me adhiero absolutamente a esa iniciativa que tendr\u00eda que haber empezado much\u00edsimos meses atr\u00e1s ante la brutal injusticia a la que estamos siendo sometidos los cientos de miles de personas que trabajamos en<a class=\"moretag\" href=\"https:\/\/www.manologarciaycia.com\/?p=12854\" title=\"Manolo Garc\u00eda se adhiere a la acci\u00f3n \u00abun d\u00eda sin m\u00fasica\u00bb\" target=\"_self\" rel=\"follow\"> <font face=arial size=2>[Leer m\u00e1s]<\/font> <\/a><\/p>\n","protected":false},"author":2,"featured_media":12857,"comment_status":"closed","ping_status":"closed","sticky":false,"template":"","format":"standard","meta":{"footnotes":""},"categories":[1],"tags":[],"class_list":["post-12854","post","type-post","status-publish","format-standard","has-post-thumbnail","hentry","category-manolo-garcia"],"_links":{"self":[{"href":"https:\/\/www.manologarciaycia.com\/index.php?rest_route=\/wp\/v2\/posts\/12854","targetHints":{"allow":["GET"]}}],"collection":[{"href":"https:\/\/www.manologarciaycia.com\/index.php?rest_route=\/wp\/v2\/posts"}],"about":[{"href":"https:\/\/www.manologarciaycia.com\/index.php?rest_route=\/wp\/v2\/types\/post"}],"author":[{"embeddable":true,"href":"https:\/\/www.manologarciaycia.com\/index.php?rest_route=\/wp\/v2\/users\/2"}],"replies":[{"embeddable":true,"href":"https:\/\/www.manologarciaycia.com\/index.php?rest_route=%2Fwp%2Fv2%2Fcomments&post=12854"}],"version-history":[{"count":6,"href":"https:\/\/www.manologarciaycia.com\/index.php?rest_route=\/wp\/v2\/posts\/12854\/revisions"}],"predecessor-version":[{"id":12861,"href":"https:\/\/www.manologarciaycia.com\/index.php?rest_route=\/wp\/v2\/posts\/12854\/revisions\/12861"}],"wp:featuredmedia":[{"embeddable":true,"href":"https:\/\/www.manologarciaycia.com\/index.php?rest_route=\/wp\/v2\/media\/12857"}],"wp:attachment":[{"href":"https:\/\/www.manologarciaycia.com\/index.php?rest_route=%2Fwp%2Fv2%2Fmedia&parent=12854"}],"wp:term":[{"taxonomy":"category","embeddable":true,"href":"https:\/\/www.manologarciaycia.com\/index.php?rest_route=%2Fwp%2Fv2%2Fcategories&post=12854"},{"taxonomy":"post_tag","embeddable":true,"href":"https:\/\/www.manologarciaycia.com\/index.php?rest_route=%2Fwp%2Fv2%2Ftags&post=12854"}],"curies":[{"name":"wp","href":"https:\/\/api.w.org\/{rel}","templated":true}]}}