{"id":12851,"date":"2015-05-19T15:27:36","date_gmt":"2015-05-19T13:27:36","guid":{"rendered":"http:\/\/www.manologarciaycia.com\/?p=12851"},"modified":"2015-05-19T15:27:36","modified_gmt":"2015-05-19T13:27:36","slug":"muere-el-cantaor-manuel-molina","status":"publish","type":"post","link":"https:\/\/www.manologarciaycia.com\/?p=12851","title":{"rendered":"Muere el cantaor Manuel Molina."},"content":{"rendered":"<p>Recordamos que Manolo Garc\u00eda siempre ha mencionado a este grupo como uno de los que m\u00e1s le ha gustado de siempre.<\/p>\n<p>Manuel Molina (Ceuta, 1948), compositor, guitarrista y cantaor, impulsor del flamenco fusi\u00f3n con su inigualable pareja Lole, ha fallecido en la madrugada de este martes en Sevilla. Los restos del cantaor ser\u00e1n traslados a mediod\u00eda al Teatro Romero de San Juan, en San Juan de Aznalfarache (Sevilla).<\/p>\n<p>El cantaor, al que le hab\u00edan diagnosticado un c\u00e1ncer hace apenas unos meses, se neg\u00f3 a recibir ning\u00fan tipo de tratamiento. Su \u00faltima voluntad fue cantar y morir en un teatro. Hace apenas una semana\u00a0su hija la cantante Alba Molina, con la que tambi\u00e9n form\u00f3 pareja art\u00edstica, prepar\u00f3 un concierto homenaje en el que estaba previsto que participara lo m\u00e1s granado del flamenco gitano, incluida su exesposa la cantaora Lole Montoya, pero tuvo que suspenderse al agravarse el estado de salud del m\u00fasico. Con su muerte, desaparece\u00a0una de las figuras fundamentales del flamenco.<\/p>\n<div id=\"sumario_1|html\" class=\"centro\"><iframe loading=\"lazy\" src=\"https:\/\/www.youtube.com\/embed\/Z6imqdDVZFQ\" width=\"460\" height=\"315\" frameborder=\"0\" allowfullscreen=\"allowfullscreen\"><\/iframe><\/div>\n<p>El productor de Manuel Molina en los numerosos trabajos que realizaron Lole y Manuel o el cantaor en Smasch, Ricardo Pach\u00f3n, se\u00f1ala: \u00abEscuchar al T\u00edo Manuel es aprender las claves m\u00e1s misteriosas del modo gitano de entender la vida y vivir la m\u00fasica. Sutiles mensajes de apertura pero, como dijo Paco de Luc\u00eda, sin apartarse del viejo tronco flamenco. Haber creado un \u201ctoque\u201d personal por buler\u00edas, como los Parrilla o los Moraos. Haber incorporado una nueva poes\u00eda al flamenco. Componer para la voz m\u00e1s sublime. Y sigue siendo una humilde fuente de verdad y sabidur\u00eda. Un ser querido dentro y fuera de la m\u00fasica\u00bb.<\/p>\n<div id=\"sumario_2|html\" class=\"centro\"><iframe loading=\"lazy\" src=\"https:\/\/www.youtube.com\/embed\/ZRPZMFosyDo\" width=\"460\" height=\"315\" frameborder=\"0\" allowfullscreen=\"allowfullscreen\"><\/iframe><\/div>\n<p>&nbsp;<\/p>\n<p>Fuente: El Pa\u00eds &#8211; <a href=\"http:\/\/cultura.elpais.com\/cultura\/2015\/05\/19\/actualidad\/1432018628_760935.html\">ENLACE<\/a><\/p>\n","protected":false},"excerpt":{"rendered":"<p>Recordamos que Manolo Garc\u00eda siempre ha mencionado a este grupo como uno de los que m\u00e1s le ha gustado de siempre. Manuel Molina (Ceuta, 1948), compositor, guitarrista y cantaor, impulsor del flamenco fusi\u00f3n con su inigualable pareja Lole, ha fallecido en la madrugada de este martes en Sevilla. Los restos del cantaor ser\u00e1n traslados a<a class=\"moretag\" href=\"https:\/\/www.manologarciaycia.com\/?p=12851\" title=\"Muere el cantaor Manuel Molina.\" target=\"_self\" rel=\"follow\"> <font face=arial size=2>[Leer m\u00e1s]<\/font> <\/a><\/p>\n","protected":false},"author":2,"featured_media":0,"comment_status":"closed","ping_status":"closed","sticky":false,"template":"","format":"standard","meta":{"footnotes":""},"categories":[1,23],"tags":[],"class_list":["post-12851","post","type-post","status-publish","format-standard","hentry","category-manolo-garcia","category-otros"],"_links":{"self":[{"href":"https:\/\/www.manologarciaycia.com\/index.php?rest_route=\/wp\/v2\/posts\/12851","targetHints":{"allow":["GET"]}}],"collection":[{"href":"https:\/\/www.manologarciaycia.com\/index.php?rest_route=\/wp\/v2\/posts"}],"about":[{"href":"https:\/\/www.manologarciaycia.com\/index.php?rest_route=\/wp\/v2\/types\/post"}],"author":[{"embeddable":true,"href":"https:\/\/www.manologarciaycia.com\/index.php?rest_route=\/wp\/v2\/users\/2"}],"replies":[{"embeddable":true,"href":"https:\/\/www.manologarciaycia.com\/index.php?rest_route=%2Fwp%2Fv2%2Fcomments&post=12851"}],"version-history":[{"count":1,"href":"https:\/\/www.manologarciaycia.com\/index.php?rest_route=\/wp\/v2\/posts\/12851\/revisions"}],"predecessor-version":[{"id":12853,"href":"https:\/\/www.manologarciaycia.com\/index.php?rest_route=\/wp\/v2\/posts\/12851\/revisions\/12853"}],"wp:attachment":[{"href":"https:\/\/www.manologarciaycia.com\/index.php?rest_route=%2Fwp%2Fv2%2Fmedia&parent=12851"}],"wp:term":[{"taxonomy":"category","embeddable":true,"href":"https:\/\/www.manologarciaycia.com\/index.php?rest_route=%2Fwp%2Fv2%2Fcategories&post=12851"},{"taxonomy":"post_tag","embeddable":true,"href":"https:\/\/www.manologarciaycia.com\/index.php?rest_route=%2Fwp%2Fv2%2Ftags&post=12851"}],"curies":[{"name":"wp","href":"https:\/\/api.w.org\/{rel}","templated":true}]}}