{"id":12847,"date":"2015-05-19T15:22:11","date_gmt":"2015-05-19T13:22:11","guid":{"rendered":"http:\/\/www.manologarciaycia.com\/?p=12847"},"modified":"2015-05-19T15:22:11","modified_gmt":"2015-05-19T13:22:11","slug":"reedicion-del-1er-disco-de-triana-el-patio-la-influencia-de-triana-permanece","status":"publish","type":"post","link":"https:\/\/www.manologarciaycia.com\/?p=12847","title":{"rendered":"Reedici\u00f3n del 1er disco de Triana, &#8216;El Patio&#8217;. La influencia de Triana permanece."},"content":{"rendered":"<p>\u00abHicimos un pacto: Si faltaba alguno, Triana desaparecer\u00eda\u00bb. Eduardo Rodr\u00edguez, \u00fanico superviviente del tr\u00edo, evoca &#8216;El Patio&#8217; a los 40 a\u00f1os del disco.<\/p>\n<p>Se ha reeditado el primer disco de <strong>Triana<\/strong>, <strong>&#8216;El Patio&#8217;<\/strong>, con cuatro temas in\u00e9ditos grabados en directo en 1975. <strong>Eduardo Rodr\u00edguez Rodway<\/strong> es el \u00fanico superviviente de un tr\u00edo m\u00e1gico que cambi\u00f3 los destinos del rock andaluz con aquel disco de referencia para el rock espa\u00f1ol. \u00abYo estaba en Los Payos, pero todo cambi\u00f3 para m\u00ed cuando apareci\u00f3 <strong>Jes\u00fas de la Rosa<\/strong> en mi casa de Madrid en 1973. Yo era un guitarrista flamenco al que le gustaba el rock progresivo que se hac\u00eda entonces\u00bb, recuerda. El tr\u00edo se complet\u00f3 con la incorporaci\u00f3n de <strong>Juan Jos\u00e9 &#8216;Tele&#8217; Palacios<\/strong> en la bater\u00eda. \u00abTele era capaz de tocar rock sobre cualquier comp\u00e1s o ritmo flamenco\u00bb.<\/p>\n<p>Grabado y publicado en la primavera de 1975, &#8216;El Patio&#8217; tard\u00f3 su tiempo en despegar comercialmente. El productor <strong>Gonzalo Garc\u00eda Pelayo<\/strong> recuerda que en la primera liquidaci\u00f3n de &#8216;royalties&#8217; \u00abfacturaron 19 copias vendidas\u00bb. Sin embargo, el disco hab\u00eda alcanzado una fuerte repercusi\u00f3n en el ambiente musical y, por supuesto, hab\u00eda vendido mucho m\u00e1s para convertirse en el acontecimiento de cada reuni\u00f3n de amigos junto a los discos de<strong> Led Zeppelin, King Crimson<\/strong> o<strong> Pink Floyd<\/strong>. Adem\u00e1s, la portada no desmerec\u00eda junto a otras de la \u00e9poca: tres tipos de indiscutible aire hippie en un patio andaluz y, ojo al dato, el que puede ser primer grafitti de la historia con el nombre del grupo reci\u00e9n pintado en una de las paredes. Una obra de <strong>M\u00e1ximo Moreno<\/strong>.<\/p>\n<p><iframe loading=\"lazy\" src=\"https:\/\/www.youtube.com\/embed\/ymeZ_-eXLIs\" width=\"470\" height=\"353\" frameborder=\"0\" allowfullscreen=\"allowfullscreen\"><\/iframe><\/p>\n<p>Triana cerr\u00f3 uno de los primeros festivales celebrados en Espa\u00f1a, el de las 15 horas de Burgos de verano de 1975. \u00abTengo unos recuerdos un poco difusos del concierto de Triana en Burgos. Era en una plaza de toros. <strong>Y a\u00fan viv\u00eda Franco, el dictador. Un peri\u00f3dico de la ciudad titul\u00f3: &#8216;Nos invade la cochambre&#8217;<\/strong>. Hab\u00eda grupos sevillanos como Storm, con los que hicimos unos cuantos conciertos. Y estaba Gualberto que ven\u00eda de Smash\u00bb. Aunque el festival pas\u00f3 a la historia del rock espa\u00f1ol, aquel concierto de Triana no fue memorable. El grupo sali\u00f3 a las 3:20 de la madrugada y en aquellos tiempos aquella concentraci\u00f3n de m\u00fasicos era ins\u00f3lita.<\/p>\n<p>El cansancio, el fr\u00edo y el mal sonido no ayudaron para que fraguara aquella compleja combinaci\u00f3n de una guitarra flamenca integrada en una banda de rock. A\u00fan hoy, con todos los avances tecnol\u00f3gicos, es un asunto que trae de cabeza a los t\u00e9cnicos de sonido. Y sin embargo, Triana forj\u00f3 su leyenda sobre los directos, especialmente en la discoteca MM de Madrid en febrero de 1976 y en el &#8216;Johnny&#8217; en marzo de ese mismo a\u00f1o. La del <strong>Colegio Mayor San Juan Evangelista <\/strong>fue una experiencia irrepetible como lo eran casi todos los conciertos celebrados all\u00ed en un ambiente de libertad que convert\u00edan aquel recinto universitario en una isla cultural frente a un panorama gris. Gonzalo Garc\u00eda Pelayo, el productor, explica que las canciones de Jes\u00fas de la Rosa \u00aberan como un oratorio\u00bb, precisaban de un clima de recogimiento cuasi religioso que se evidencia en textos como el de<strong> &#8216;Abre la puerta&#8217;<\/strong>: \u00abYo quise subir al cielo para ver \/ y bajar al infierno para comprender\u00bb.<strong> La psicodelia llegaba a Espa\u00f1a de nuevo, pero \u00e9sta vez con aroma de velas y acento andaluz<\/strong>. Los textos de Jes\u00fas hablaban de experiencias m\u00e1s o menos lis\u00e9rgicas.<\/p>\n<p>Eduardo Rodr\u00edguez recuerda una Espa\u00f1a negra: \u00ab<strong>Ten\u00edamos que llevar las canciones a pasar censura. A los m\u00fasicos no se nos permit\u00eda actuar en ninguna parte si no ten\u00edas el carn\u00e9 del sindicato vertical<\/strong> y para obtener el carn\u00e9 ten\u00edas que pasar un examen. Los equipos de sonido eran muy precarios: nosotros ten\u00edamos que ir a Londres a comprar los sintetizadores y los &#8216;moogs&#8217;; aqu\u00ed no hab\u00eda\u00bb.<\/p>\n<p>Triana encontr\u00f3 el sonido y las canciones. <strong>Smash <\/strong>hab\u00eda recorrido parte de aquel camino entre el flamenco y el rock, pero la vida de aquel grupo sevillano fue breve y apenas lleg\u00f3 al gran p\u00fablico. Por el otro lado, el del flamenco, triunfaba <strong>Lole y Manuel<\/strong>. Pero Triana era distinto. <strong>\u00abEst\u00e1bamos hartos de los patrones de fuera y creo que conseguimos un sonido dentro del rock\u00bb<\/strong>, reitera Eduardo.<\/p>\n<p>Al primer disco rebautizado como &#8216;El Patio&#8217;, siguieron<strong> &#8216;Hijos del Agobio&#8217;<\/strong> (1977) y<strong> &#8216;Sombra y luz&#8217;<\/strong> (1979). Su sonido pas\u00f3 por una crisis est\u00e9tica producto de la aparici\u00f3n de la nueva ola que se fue reflejando en sus siguientes producciones:<strong> &#8216;Un encuentro&#8217; <\/strong>(1980),<strong>&#8216;Un mal sue\u00f1o&#8217;<\/strong> (1981) y <strong>&#8216;Lleg\u00f3 el d\u00eda&#8217;<\/strong> (1983).<\/p>\n<h2 class=\"ladillo\">La muerte de Triana<\/h2>\n<p>El <strong>13 de octubre de 1983 Jes\u00fas de la Rosa<\/strong> regresa del Pa\u00eds Vasco de un concierto ben\u00e9fico por los damnificados en unas inundaciones. Su coche colisiona de frente contra una furgoneta en Burgos. Las heridas causadas por el choque se agravan por el desplazamiento de los teclados que lleva en el asiento trasero.<strong> Al d\u00eda siguiente muere en el quir\u00f3fano<\/strong>.<\/p>\n<p>\u00c9l era el alma de Triana, su voz y su compositor principal.<strong> \u00abJes\u00fas de la Rosa, &#8216;Tele&#8217; y yo hicimos un pacto entre hermanos de que el grupo desaparecer\u00eda si faltaba alguno de nosotros. Tele rompi\u00f3 el pacto<\/strong>, pero lo peor fue despu\u00e9s cuando unos m\u00fasicos utilizaron el nombre por que Tele les hab\u00eda dado permiso\u00bb, explica Eduardo Rodr\u00edguez desde su refugio de Ca\u00f1os de Meca, donde se dedica \u00aba vivir\u00bb.<\/p>\n<p>La influencia de Triana permanece. <strong>Manolo Garc\u00eda<\/strong> insiste en cada entrevista que Triana fue esencial en la construcci\u00f3n de sus grupos.<strong>Raimundo Amador<\/strong> y <strong>Lin Cort\u00e9s <\/strong>interpretan en directo composiciones como <strong>&#8216;En el lago&#8217;<\/strong>. \u00abEn Espa\u00f1a se sigue valorando al grupo. El a\u00f1o pasado en el festival Territorios de Sevilla se celebr\u00f3 un concierto de homenaje a Triana con <strong>Kiko Veneno, Andr\u00e9s Herrera<\/strong> o Jota, de <strong>Los Planetas<\/strong>. Nos falt\u00f3 tiempo para entrar en Latinoam\u00e9rica y Estados Unidos\u00b7, explica Eduardo, que ha abandonado la guitarra:\u00bbEs muy celosa. Hoy tenemos generaciones de guitarristas maravillosos\u00bb.<\/p>\n<p>Eduardo Rodr\u00edguez recuerda el talento de sus compa\u00f1eros, las composiciones de Jes\u00fas y las diabluras r\u00edtmicas de &#8216;Tele&#8217;. <strong>\u00abMi nieta vino el otro d\u00eda con un amigo de 15 a\u00f1os. El chico estaba temblando, le pregunt\u00e9 que era lo que le pasaba y resulta que era admirador de Triana\u00bb<\/strong>, relata. \u00abYo grab\u00e9 dos discos con mi nombre en los a\u00f1os 80:el primero tuvo un peque\u00f1o apoyo, quiz\u00e1s ahora se reediten. <strong>Luego abandon\u00e9 la m\u00fasica. Mi tiempo hab\u00eda acabado. Quiz\u00e1 ahora vuelva a escuchar a Triana<\/strong>\u00ab.<\/p>\n<p>Fuente: El Mundo &#8211; <a href=\"http:\/\/www.elmundo.es\/cultura\/2015\/05\/19\/555a420a268e3e23748b45b2.html\">ENLACE<\/a><\/p>\n","protected":false},"excerpt":{"rendered":"<p>\u00abHicimos un pacto: Si faltaba alguno, Triana desaparecer\u00eda\u00bb. Eduardo Rodr\u00edguez, \u00fanico superviviente del tr\u00edo, evoca &#8216;El Patio&#8217; a los 40 a\u00f1os del disco. Se ha reeditado el primer disco de Triana, &#8216;El Patio&#8217;, con cuatro temas in\u00e9ditos grabados en directo en 1975. Eduardo Rodr\u00edguez Rodway es el \u00fanico superviviente de un tr\u00edo m\u00e1gico que cambi\u00f3<a class=\"moretag\" href=\"https:\/\/www.manologarciaycia.com\/?p=12847\" title=\"Reedici\u00f3n del 1er disco de Triana, &#8216;El Patio&#8217;. La influencia de Triana permanece.\" target=\"_self\" rel=\"follow\"> <font face=arial size=2>[Leer m\u00e1s]<\/font> <\/a><\/p>\n","protected":false},"author":2,"featured_media":12849,"comment_status":"closed","ping_status":"closed","sticky":false,"template":"","format":"standard","meta":{"footnotes":""},"categories":[1,23],"tags":[],"class_list":["post-12847","post","type-post","status-publish","format-standard","has-post-thumbnail","hentry","category-manolo-garcia","category-otros"],"_links":{"self":[{"href":"https:\/\/www.manologarciaycia.com\/index.php?rest_route=\/wp\/v2\/posts\/12847","targetHints":{"allow":["GET"]}}],"collection":[{"href":"https:\/\/www.manologarciaycia.com\/index.php?rest_route=\/wp\/v2\/posts"}],"about":[{"href":"https:\/\/www.manologarciaycia.com\/index.php?rest_route=\/wp\/v2\/types\/post"}],"author":[{"embeddable":true,"href":"https:\/\/www.manologarciaycia.com\/index.php?rest_route=\/wp\/v2\/users\/2"}],"replies":[{"embeddable":true,"href":"https:\/\/www.manologarciaycia.com\/index.php?rest_route=%2Fwp%2Fv2%2Fcomments&post=12847"}],"version-history":[{"count":1,"href":"https:\/\/www.manologarciaycia.com\/index.php?rest_route=\/wp\/v2\/posts\/12847\/revisions"}],"predecessor-version":[{"id":12850,"href":"https:\/\/www.manologarciaycia.com\/index.php?rest_route=\/wp\/v2\/posts\/12847\/revisions\/12850"}],"wp:featuredmedia":[{"embeddable":true,"href":"https:\/\/www.manologarciaycia.com\/index.php?rest_route=\/wp\/v2\/media\/12849"}],"wp:attachment":[{"href":"https:\/\/www.manologarciaycia.com\/index.php?rest_route=%2Fwp%2Fv2%2Fmedia&parent=12847"}],"wp:term":[{"taxonomy":"category","embeddable":true,"href":"https:\/\/www.manologarciaycia.com\/index.php?rest_route=%2Fwp%2Fv2%2Fcategories&post=12847"},{"taxonomy":"post_tag","embeddable":true,"href":"https:\/\/www.manologarciaycia.com\/index.php?rest_route=%2Fwp%2Fv2%2Ftags&post=12847"}],"curies":[{"name":"wp","href":"https:\/\/api.w.org\/{rel}","templated":true}]}}