{"id":12832,"date":"2015-05-13T08:52:21","date_gmt":"2015-05-13T06:52:21","guid":{"rendered":"http:\/\/www.manologarciaycia.com\/?p=12832"},"modified":"2015-05-13T08:55:35","modified_gmt":"2015-05-13T06:55:35","slug":"sabor-espanol-para-los-vinilos-de-la-semana-los-secretos-y-el-ultimo-de-la-fila","status":"publish","type":"post","link":"https:\/\/www.manologarciaycia.com\/?p=12832","title":{"rendered":"Sabor espa\u00f1ol para los vinilos de la semana: Los Secretos y El \u00daltimo de la Fila"},"content":{"rendered":"<p>El Pop espa\u00f1ol de dos m\u00edticas bandas es el protagonista del vinilo de la semana en El Corte Ingl\u00e9s. Dos \u00e1lbumes imprescindibles en la historia de la m\u00fasica en Espa\u00f1a.<\/p>\n<p>Dif\u00edcilmente se podr\u00eda hablar o escribir del pop espa\u00f1ol sin hacer menci\u00f3n a los grupos de los a\u00f1os 80 y 90 que marcaron una senda triunfal de \u00e9xitos. Dos de los m\u00e1s importantes fueron El \u00faltimo de la fila y Los secretos. Dos agrupaciones con mucho que contar gracias a sus ya legendarias canciones. Ahora se te presenta una oportunidad fant\u00e1stica para poder disfrutar de dos de sus mejores \u00e1lbumes con el sonido de calidad que presenta el formato LP-Vinilo. Puro sabor a\u00f1ejo. Enemigos de lo ajeno y A tu lado: un homenaje a Enrique Urquijo son los protagonistas del vinilo de la semana en El Corte Ingl\u00e9s. \u00a1No te quedes sin ellos!<\/p>\n<p>El \u00faltimo de la fila fue un grupo formado por Manolo Garc\u00eda y Quimi Portet. Enemigos de lo ajeno fue su segundo \u00e1lbum de estudio, todo un boom para la \u00e9poca. Incluy\u00f3 himnos generacionales como \u201cInsurrecci\u00f3n\u201d y \u201cAviones plateados\u201d. Est\u00e1 considerado por la prestigiosa revista Rolling Stone como el mejor disco de la historia del rock espa\u00f1ol. Ahora se presenta en una edici\u00f3n renovada, con parte de las mezclas que realiz\u00f3 David Tickle en 2008, y que fue remasterizado por Ian Cooper en Metropolis (Londres). Por otro lado, Los secretos sigue en activo. Liderado por \u00c1lvaro Urquijo, tuvo que sufrir un fuerte rev\u00e9s en 1999 cuando falleci\u00f3 su hermano, Enrique Urquijo. Lejos de disolverse, decidieron realizar un sentido homenaje al poeta triste de la movida madrile\u00f1a. Luz Casal, Revolver, Jarabe de Palo, Antonio Vega y Carlos Tarque, entre otros, no quisieron perder la ocasi\u00f3n de rendir tributo a Enrique y participaron en la grabaci\u00f3n de A tu lado: un homenaje a Enrique Urquijo. Se edita ahora por primera vez en nuevo formato, un precioso vinilo de 180 g con una espectacular ilustraci\u00f3n de Federico del Barrio.<\/p>\n<p>Disfruta como nunca antes lo hab\u00edas hecho del vinilo. Regresa a tus \u00eddolos musicales con El \u00faltimo de la fila y Los secretos.<\/p>\n<p><center><img decoding=\"async\" src=\"http:\/\/sgfm.elcorteingles.es\/SGFM\/dctm\/MEDIA02\/CONTENIDOS\/201401\/16\/00105110270328____1__150x150.jpg\" alt=\"Enemigos De Lo Ajeno\" \/>&nbsp;<img decoding=\"async\" src=\"http:\/\/sgfm.elcorteingles.es\/SGFM\/dctm\/MEDIA02\/CONTENIDOS\/201411\/07\/00105110276507____1__150x150.jpg\" alt=\"La Rebeli\u00f3n De Los Hombres Rana\" \/>&nbsp;<img decoding=\"async\" src=\"http:\/\/sgfm.elcorteingles.es\/SGFM\/dctm\/MEDIA02\/CONTENIDOS\/201411\/07\/00105110276523____1__150x150.jpg\" alt=\"Nuevo Peque\u00f1o Cat\u00e1logo De Seres Y Estares\" \/>&nbsp;<img decoding=\"async\" src=\"http:\/\/sgfm.elcorteingles.es\/SGFM\/dctm\/MEDIA02\/CONTENIDOS\/201411\/07\/00105110276515____1__150x150.jpg\" alt=\"Astronom\u00eda Razonable\" \/><\/center><\/p>\n<p>Fuente: El Corte Ingl\u00e9s, M\u00fasica &#8211; <a href=\"http:\/\/www.elcorteingles.es\/musica\/revista\/vinilo-de-la-semana-los-secretos-y-el-ultimo-de-la-fila-mayo-2015\" target=\"_blank\">ENLACE<\/a> &#8211; Creo que es una iniciativa de Warner Music, de sacar Vinilo + CD.<\/p>\n","protected":false},"excerpt":{"rendered":"<p>El Pop espa\u00f1ol de dos m\u00edticas bandas es el protagonista del vinilo de la semana en El Corte Ingl\u00e9s. Dos \u00e1lbumes imprescindibles en la historia de la m\u00fasica en Espa\u00f1a. Dif\u00edcilmente se podr\u00eda hablar o escribir del pop espa\u00f1ol sin hacer menci\u00f3n a los grupos de los a\u00f1os 80 y 90 que marcaron una senda<a class=\"moretag\" href=\"https:\/\/www.manologarciaycia.com\/?p=12832\" title=\"Sabor espa\u00f1ol para los vinilos de la semana: Los Secretos y El \u00daltimo de la Fila\" target=\"_self\" rel=\"follow\"> <font face=arial size=2>[Leer m\u00e1s]<\/font> <\/a><\/p>\n","protected":false},"author":2,"featured_media":12835,"comment_status":"closed","ping_status":"closed","sticky":false,"template":"","format":"standard","meta":{"footnotes":""},"categories":[1],"tags":[],"class_list":["post-12832","post","type-post","status-publish","format-standard","has-post-thumbnail","hentry","category-manolo-garcia"],"_links":{"self":[{"href":"https:\/\/www.manologarciaycia.com\/index.php?rest_route=\/wp\/v2\/posts\/12832","targetHints":{"allow":["GET"]}}],"collection":[{"href":"https:\/\/www.manologarciaycia.com\/index.php?rest_route=\/wp\/v2\/posts"}],"about":[{"href":"https:\/\/www.manologarciaycia.com\/index.php?rest_route=\/wp\/v2\/types\/post"}],"author":[{"embeddable":true,"href":"https:\/\/www.manologarciaycia.com\/index.php?rest_route=\/wp\/v2\/users\/2"}],"replies":[{"embeddable":true,"href":"https:\/\/www.manologarciaycia.com\/index.php?rest_route=%2Fwp%2Fv2%2Fcomments&post=12832"}],"version-history":[{"count":6,"href":"https:\/\/www.manologarciaycia.com\/index.php?rest_route=\/wp\/v2\/posts\/12832\/revisions"}],"predecessor-version":[{"id":12840,"href":"https:\/\/www.manologarciaycia.com\/index.php?rest_route=\/wp\/v2\/posts\/12832\/revisions\/12840"}],"wp:featuredmedia":[{"embeddable":true,"href":"https:\/\/www.manologarciaycia.com\/index.php?rest_route=\/wp\/v2\/media\/12835"}],"wp:attachment":[{"href":"https:\/\/www.manologarciaycia.com\/index.php?rest_route=%2Fwp%2Fv2%2Fmedia&parent=12832"}],"wp:term":[{"taxonomy":"category","embeddable":true,"href":"https:\/\/www.manologarciaycia.com\/index.php?rest_route=%2Fwp%2Fv2%2Fcategories&post=12832"},{"taxonomy":"post_tag","embeddable":true,"href":"https:\/\/www.manologarciaycia.com\/index.php?rest_route=%2Fwp%2Fv2%2Ftags&post=12832"}],"curies":[{"name":"wp","href":"https:\/\/api.w.org\/{rel}","templated":true}]}}