{"id":1261,"date":"2011-03-20T18:11:08","date_gmt":"2011-03-20T17:11:08","guid":{"rendered":"http:\/\/petaos.net\/?p=1261"},"modified":"2011-04-05T17:08:41","modified_gmt":"2011-04-05T16:08:41","slug":"mg-actuacion-2032011-en-la-radio-encendida","status":"publish","type":"post","link":"https:\/\/www.manologarciaycia.com\/?p=1261","title":{"rendered":"MG: Actuaci\u00f3n 20\/3\/2011 en La Radio Encendida"},"content":{"rendered":"<p>Hoy domingo 20\/3\/2011, fiesta de la radio. Vuelve como cada a\u00f1o a La Casa Encendida de Madrid.<\/p>\n<p>Como ya es tradici\u00f3n, Radio 3 celebra La Radio Encendida, una marat\u00f3n de casi 12 horas de conciertos gratuitos que re\u00fanen a lo mejor del panorama musical nacional.\u00a0Este a\u00f1o el evento llega a su octava edici\u00f3n y se celebra el\u00a0<span style=\"display: inline;\">20 de marzo. Actuar\u00e1 Manolo Garc\u00eda.<\/span><\/p>\n<p style=\"text-align: center;\"><img loading=\"lazy\" decoding=\"async\" class=\"aligncenter\" src=\"http:\/\/www.rtve.es\/imagenes\/lapido-garcia\/1300696509956.jpg\" alt=\"\" width=\"478\" height=\"357\" \/><\/p>\n<p style=\"text-align: center;\">Descarga el MP3 directamente aqu\u00ed:<a href=\"http:\/\/www.megaupload.com\/?d=SUMEPP6T\" target=\"_blank\"> ENLACE<\/a><\/p>\n<p>Y aqu\u00ed puedes escuchar ya la actuaci\u00f3n de Manolo y Ricardo Mar\u00edn con LAPIDO:<\/p>\n<p><object id=\"player1050309\" classid=\"clsid:d27cdb6e-ae6d-11cf-96b8-444553540000\" width=\"425\" height=\"37\" codebase=\"http:\/\/download.macromedia.com\/pub\/shockwave\/cabs\/flash\/swflash.cab#version=6,0,40,0\"><param name=\"allowScriptAccess\" value=\"always\" \/><param name=\"allowFullScreen\" value=\"true\" \/><param name=\"flashvars\" value=\"assetID=1050309_es_audios&amp;location=embed\" \/><param name=\"src\" value=\"http:\/\/www.rtve.es\/swf\/4.0.11\/RTVEPlayerAudio.swf\" \/><param name=\"allowfullscreen\" value=\"true\" \/><embed id=\"player1050309\" type=\"application\/x-shockwave-flash\" width=\"425\" height=\"37\" src=\"http:\/\/www.rtve.es\/swf\/4.0.11\/RTVEPlayerAudio.swf\" flashvars=\"assetID=1050309_es_audios&amp;location=embed\" allowfullscreen=\"true\" allowscriptaccess=\"always\"><\/embed><\/object><\/p>\n<p>Salut!<\/p>\n","protected":false},"excerpt":{"rendered":"<p>Hoy domingo 20\/3\/2011, fiesta de la radio. Vuelve como cada a\u00f1o a La Casa Encendida de Madrid. Como ya es tradici\u00f3n, Radio 3 celebra La Radio Encendida, una marat\u00f3n de casi 12 horas de conciertos gratuitos que re\u00fanen a lo mejor del panorama musical nacional.\u00a0Este a\u00f1o el evento llega a su octava edici\u00f3n y se<a class=\"moretag\" href=\"https:\/\/www.manologarciaycia.com\/?p=1261\" title=\"MG: Actuaci\u00f3n 20\/3\/2011 en La Radio Encendida\" target=\"_self\" rel=\"follow\"> <font face=arial size=2>[Leer m\u00e1s]<\/font> <\/a><\/p>\n","protected":false},"author":2,"featured_media":0,"comment_status":"closed","ping_status":"closed","sticky":false,"template":"","format":"standard","meta":{"footnotes":""},"categories":[1],"tags":[],"class_list":["post-1261","post","type-post","status-publish","format-standard","hentry","category-manolo-garcia"],"_links":{"self":[{"href":"https:\/\/www.manologarciaycia.com\/index.php?rest_route=\/wp\/v2\/posts\/1261","targetHints":{"allow":["GET"]}}],"collection":[{"href":"https:\/\/www.manologarciaycia.com\/index.php?rest_route=\/wp\/v2\/posts"}],"about":[{"href":"https:\/\/www.manologarciaycia.com\/index.php?rest_route=\/wp\/v2\/types\/post"}],"author":[{"embeddable":true,"href":"https:\/\/www.manologarciaycia.com\/index.php?rest_route=\/wp\/v2\/users\/2"}],"replies":[{"embeddable":true,"href":"https:\/\/www.manologarciaycia.com\/index.php?rest_route=%2Fwp%2Fv2%2Fcomments&post=1261"}],"version-history":[{"count":11,"href":"https:\/\/www.manologarciaycia.com\/index.php?rest_route=\/wp\/v2\/posts\/1261\/revisions"}],"predecessor-version":[{"id":1286,"href":"https:\/\/www.manologarciaycia.com\/index.php?rest_route=\/wp\/v2\/posts\/1261\/revisions\/1286"}],"wp:attachment":[{"href":"https:\/\/www.manologarciaycia.com\/index.php?rest_route=%2Fwp%2Fv2%2Fmedia&parent=1261"}],"wp:term":[{"taxonomy":"category","embeddable":true,"href":"https:\/\/www.manologarciaycia.com\/index.php?rest_route=%2Fwp%2Fv2%2Fcategories&post=1261"},{"taxonomy":"post_tag","embeddable":true,"href":"https:\/\/www.manologarciaycia.com\/index.php?rest_route=%2Fwp%2Fv2%2Ftags&post=1261"}],"curies":[{"name":"wp","href":"https:\/\/api.w.org\/{rel}","templated":true}]}}