{"id":12543,"date":"1988-09-10T09:28:38","date_gmt":"1988-09-10T07:28:38","guid":{"rendered":"http:\/\/www.manologarciaycia.com\/?p=12543"},"modified":"2015-05-03T09:20:30","modified_gmt":"2015-05-03T07:20:30","slug":"esta-noche-en-el-camp-nou-rock-por-derecho-el-ultimo-de-la-fila","status":"publish","type":"post","link":"https:\/\/www.manologarciaycia.com\/?p=12543","title":{"rendered":"Esta noche en el Camp Nou, rock por derecho. El \u00daltimo de la Fila"},"content":{"rendered":"<p><b>A partir de las ocho de la tarde: Youssou N\u2019Dour, El \u00daltimo de la Fila, Tracy Chapman, Peter Gabriel, Sting y Bruce Springsteen<\/b><\/p>\n<p>Procedentes de Tur\u00edn, donde actuaron el pasado jueves, a primera hora de la tarde de ayer Ilegaron a Barcelona Youssou N\u2019Dour, Tracy Chapman, Peter Gabriel, Sting y Bruce Springs teen, m\u00e1s de 24 horas antes del concierto que protagonizar\u00e1n a partir de las ocho de la tarde en el Camp Nou bajo el lema \u201c\u00a1Derechos humanos, ya!\u201d. En esta sexta escala de la gira mundial se une a la comitiva rockera El Ultimo de la Fila. Quimi Portet, excusando a su compa\u00f1ero Manolo Garc\u00eda \u2014\u201cporque tiene que dormir\u201d \u2014 se sum\u00f3 a la rueda de prensa que ofrecieron los artistas en el aeropuerto de El Prat, junto a Franca Sciuto, presidenta de Amnist\u00eda Internacional; Carmen Soto, presidenta de la delegaci\u00f3n espa\u00f1ola, y John G. Healey, presidente de la Concerts for Human Rights Foundation, entidad creada a prop\u00f3sito de esta gira mundial que conmemora el 40 aniversario dela Declaraci\u00f3n Universal de los Derechos Humanos por las Naciones Unidas.<\/p>\n<p>Como viene siendo de rigor desde que comenzara la gira el pasado d\u00eda 2 en Londres, John Healey glos\u00f3 los objetivos humanistas de esta serie de conciertos, remarcando que \u201cno se trata de una gira de caridad sino dejusticia\u201d. Mien tras Healey disertaba en tono de diplom\u00e1tico brit\u00e1nico, los m\u00fasicos memorizaban su parlamento encastellano. As\u00edlohicieron Peter Gabriel, Sting y Bruce Springsteen, mientras que el senegal\u00e9s N\u2019Dour se expres\u00f3 en franc\u00e9s y Tracy Chapman lo hizo en ingl\u00e9s. \u201cMi deseo en esta gira \u2014dijo Sting\u2014 es que Amnist\u00eda Internacional se haga m\u00e1s fuerte en los pa\u00edses donde no se respetan los derechos humanos\u201d. A continuaci\u00f3n, el cantante, miembro activo de la entidad, expuso el caso de un profesor de Nepal que se encuentra encarcelado por protestar contra la venta de leche en polvo polaca empaquetada durante en los d\u00edas de la nube radiactiva de Chernobil.<\/p>\n<p>Franca Sciuto, en relaci\u00f3n con el anuncio del Gobierno h\u00fangaro de liberar a varios de los prisioneros condenados por participar en la revuelta de 1956 \u2014que se produjo s\u00f3lo dos d\u00edas despu\u00e9s de la celebraci\u00f3n del concierto de Budapest\u2014, afirm\u00f3 que \u201cAmnist\u00eda Internacional ha abierto la puerta en Hungr\u00eda. Yo tuve reuniones con el Gobierno h\u00fangaro y el di\u00e1logo va a continuar, pero sobre la base de los derechos humanos. nunca de pol\u00edtica\u201d. La referencia a la situaci\u00f3n de los derechos humanos en Espa\u00f1a fue inmediata, pero Franca Sciuto prefiri\u00f3 pasar la pelota a un estufacto Sting: \u201cNing\u00fan Gobierno es inocente, incluyendo el espa\u00f1ol. pero mejor que conteste Franca Sciuto\u201d. Esta se limit\u00f3 a decir que \u201cseguimos recibiendo informes de malos tratos en las comisar\u00edas\u201d y desvi\u00f3 la cuesti\u00f3n a Peter Gabriel, igual de sorprendido que Sting. No obstante, \u00e9ste resolvi\u00f3: \u201cEn relaci\u00f3n a Espa\u00f1a, una de nuestras preocupaciones mayores es la ley antiterrorista, y temas como el \u2018caso Nani\u2019 y el GAL nos preocupan sobremanera\u201d. <\/p>\n<p>John Healey, como en otras ocasiones. casi soslay\u00f3 la cuesti\u00f3n econ\u00f3mica de la gira, que cuesta 2.700 millones de pesetas, capital financiado por la firma de art\u00edculos deportivos Reebok. \u201cEl dinero obtenido en un concierto se utiliza para pagar otro y los gastos de desplazamiento, etc. \u2014afirm\u00f3\u2014. La aportaci\u00f3n de Reebok es a fondo perdido. Desde luego, esperamos perder la menor cantidad posible de dinero, y podemos decir que, por la calidad de nuestros artistas, estamos ganando terreno\u201d. <\/p>\n<p>D\u00f3nde est\u00e1 el centro de inter\u00e9s de estos conciertos de m\u00e1ximas estrellas de la m\u00fasica pop est\u00e1 claro. Estas insisten, no obstante, en que no est\u00e1 en ellas mismas. \u201cLo que podemos hacer los artistas es tomar estos ideales y divulgarlos \u2014manifest\u00f3 Bruce Sprinsgteen \u2014. Hay que hacer un desaf\u00edo a la audiencia, como en la gira \u2018Conspiraci\u00f3n de la esperanza\u2019 (en 1986) y conseguir cien mil miembros m\u00e1s para Amnist\u00eda Internaciona.\u201d Quimi Portet dijo, en representaci\u00f3n de su grupo. que \u201cestamos muy orgullosos de aportar nuestro humilde poder de convocatoria para esta causa. A veces la gente nos hace demasiado caso a los artistas, pero esta vez lo importante es saber que el poder de convocatoria corresponde a los derechos humanos\u201d.<\/p>\n<p><b><u>Trenes especiales<\/b><\/u><\/p>\n<p>Por otra parte, la Renfe ha comunicado que para esta noche pondr\u00e1 en servicio cinco trenes especiales para los asistentes al concierto del Camp Nou (que acabar\u00e1 sobre las 2 de la madrugada). Cuatro de los trenes partir\u00e1n de la estaci\u00f3n de Sants a las 5,30 de la ma\u00f1anacon direcci\u00f3n a Granollers y Sant (\u2018eloni, Sant Vicens de Calders (v\u00eda Vilafranca) y Sabadell-Terrassa\u2014Manresa. El quinto partir\u00e1 de la estaci\u00f3n t\u00e9rmino con direcci\u00f3n a Calella.<\/p>\n<p>F.F.<\/p>\n<p><a href=\"http:\/\/www.manologarciaycia.com\/wp-content\/uploads\/2015\/04\/HR_1988_LV_2.jpg\"><img loading=\"lazy\" decoding=\"async\" src=\"http:\/\/www.manologarciaycia.com\/wp-content\/uploads\/2015\/04\/HR_1988_LV_2.jpg\" alt=\"HR_1988_LV_2\" width=\"1024\" height=\"1011\" class=\"aligncenter size-full wp-image-12544\" srcset=\"https:\/\/www.manologarciaycia.com\/wp-content\/uploads\/2015\/04\/HR_1988_LV_2.jpg 1024w, https:\/\/www.manologarciaycia.com\/wp-content\/uploads\/2015\/04\/HR_1988_LV_2-500x494.jpg 500w, https:\/\/www.manologarciaycia.com\/wp-content\/uploads\/2015\/04\/HR_1988_LV_2-695x686.jpg 695w, https:\/\/www.manologarciaycia.com\/wp-content\/uploads\/2015\/04\/HR_1988_LV_2-930x918.jpg 930w\" sizes=\"auto, (max-width: 1024px) 100vw, 1024px\" \/><\/a><\/p>\n<p><b><u>Seis figuras de la m\u00fasica compartir\u00e1n en Barcelona escenario e ideario comunes<\/b><\/u><\/p>\n<p><b>Youssou N\u2019Dour.<\/b> Senegal\u00e9s, de 26 a\u00f1os. Lleva desde 1984 abri\u00e9ndose camino en el mercado internacional con su sonido peculiar, el \u201cmbalax\u201d, que arranca de la tradici\u00f3n folkl\u00f3rica de su pa\u00eds. Peter Gabriel le ha promocionado. \u201cSoy miembro de Amnist\u00eda Internacional. Para m\u00ed la vida es un viaje: descubrir continentes y pa\u00edses. Pero en esos paises hay que sentirse bien: tiene que haber seguridad, cosas que comer. y no tiene que haber problenas de racismo\u201d.<\/p>\n<p><b>TracyChapman.<\/b> Estadounidense, de 24 a\u00f1os, se dio a conocer como inspirada cantautora hace seis meses con su disco \u201cRevolution\u201d. Es la \u00fanica mujer de la gira y escribe canciones tristes. \u201cEs demasiado f\u00e1cil ser pesimista en un mundo con tanto sufrimiento, pero no podemos ser libres hasta que todos los dem\u00e1s sean libres\u201d.<\/p>\n<p><b>Peter Gabriel.<\/b> Brit\u00e1nico, de 38 a\u00f1os. De \u00e9l parti\u00f3 la idea de hacer la gira, como miembro que es de Amnist\u00eda Internacional, recordando la experiencia americana de 1986. En cada actuaci\u00f3n lee uno de los derechos de la declaraci\u00f3n en el idioma natural del pa\u00eds para presentar sus temas. \u201cS\u00f3lo con que un uno por ciento de los mil millones de personas que seguir\u00e1n los conciertos se solidarizara, dentro de veinte a\u00f1os vivir\u00edamos un mundo diferente\u201d.<\/p>\n<p><b>Sting.<\/b> Brit\u00e1nico. \u201cMi nombre es Sting. soy m\u00fasico, tengo 36 a\u00f1os y cuatro hijos&#8230;\u201d Militante de Amnist\u00eda Internacional, ha prestado apoyo a todo tipo de causas, desde a las \u201cMadres de Mayo\u201d argentinas hasta la protecci\u00f3n de la selva amaz\u00f3nica. \u201cA las estrellas del rock se nos pide constantemente apoyo para causas muy diversas, y algunas no est\u00e1n siempre claras. Creo que AI es la organizaci\u00f3n m\u00e1s importante de este siglo\u201d.<\/p>\n<p><b>Bruce Springsteen.<\/b> Norteamericano, de 38 a\u00f1os. Ha ofrecido recitales ben\u00e9ficos en su pa\u00eds, entre ellos, para los veteranos de Vietnam. Se anunci\u00f3 que los beneficios de su actuaci\u00f3n en Berl\u00edn Este, a finales de mayo pasado, se destinaban a la construcci\u00f3n de un hospital en Nicaragua. Es la primera vez que participa en una gira de este tipo. Todo su discurso se reduce, con variantes, a decir: \u201cDesde ni\u00f1o, tengo un sentido de la vida, de la diversi\u00f3n, del sexo. de la Libertad. Y el rock siempre ha s\u00edgnificado para m\u00ed libertad\u201d. <\/p>\n<p><b>El Ultimo de la Fila.<\/b> El d\u00fao catal\u00e1n formado por el cantante Manolo Garc\u00eda (del Poblenou) y el guitarrista Quimi Portet (natural de Vic), con sus acompa\u00f1antes, han conseguido ser, al cabo de seis a\u00f1os juntos (empezaron llam\u00e1ndose Los R\u00e1pidos y luego Los Burros), uno de los grupos m\u00e1s importantes de Espa\u00f1a. Han interrumpido su gira espa\u00f1ola por este concierto \u2014concretamente, una actuaci\u00f3n en Sant Sadurn\u00ed d\u2019Anoia\u2014. Queridos y respetados, exigen que en todos sus conciertos la entrada no cueste m\u00e1s de mil pesetas. La elecci\u00f3n de El Ultimo de la Fila como grupo invitado es un acierto, al coincidir su car\u00e1cter con el espectro idealista de las grandes figuras.<\/p>\n<p>Fuente: La Vanguardia &#8211; 10\/09\/1988 &#8211; Edici\u00f3n Impresa<\/p>\n<p><a href=\"http:\/\/www.manologarciaycia.com\/wp-content\/uploads\/2015\/04\/HR_1988_LV_P.jpg\"><img loading=\"lazy\" decoding=\"async\" src=\"http:\/\/www.manologarciaycia.com\/wp-content\/uploads\/2015\/04\/HR_1988_LV_P.jpg\" alt=\"HR_1988_LV_P\" width=\"707\" height=\"1024\" class=\"aligncenter size-full wp-image-12546\" srcset=\"https:\/\/www.manologarciaycia.com\/wp-content\/uploads\/2015\/04\/HR_1988_LV_P.jpg 707w, https:\/\/www.manologarciaycia.com\/wp-content\/uploads\/2015\/04\/HR_1988_LV_P-345x500.jpg 345w, https:\/\/www.manologarciaycia.com\/wp-content\/uploads\/2015\/04\/HR_1988_LV_P-695x1007.jpg 695w\" sizes=\"auto, (max-width: 707px) 100vw, 707px\" \/><\/a><\/p>\n","protected":false},"excerpt":{"rendered":"<p>A partir de las ocho de la tarde: Youssou N\u2019Dour, El \u00daltimo de la Fila, Tracy Chapman, Peter Gabriel, Sting y Bruce Springsteen Procedentes de Tur\u00edn, donde actuaron el pasado jueves, a primera hora de la tarde de ayer Ilegaron a Barcelona Youssou N\u2019Dour, Tracy Chapman, Peter Gabriel, Sting y Bruce Springs teen, m\u00e1s de<a class=\"moretag\" href=\"https:\/\/www.manologarciaycia.com\/?p=12543\" title=\"Esta noche en el Camp Nou, rock por derecho. El \u00daltimo de la Fila\" target=\"_self\" rel=\"follow\"> <font face=arial size=2>[Leer m\u00e1s]<\/font> <\/a><\/p>\n","protected":false},"author":2,"featured_media":12545,"comment_status":"closed","ping_status":"closed","sticky":false,"template":"","format":"standard","meta":{"footnotes":""},"categories":[3,1,9],"tags":[],"class_list":["post-12543","post","type-post","status-publish","format-standard","has-post-thumbnail","hentry","category-el-ultimo-de-la-fila","category-manolo-garcia","category-qumi-portet"],"_links":{"self":[{"href":"https:\/\/www.manologarciaycia.com\/index.php?rest_route=\/wp\/v2\/posts\/12543","targetHints":{"allow":["GET"]}}],"collection":[{"href":"https:\/\/www.manologarciaycia.com\/index.php?rest_route=\/wp\/v2\/posts"}],"about":[{"href":"https:\/\/www.manologarciaycia.com\/index.php?rest_route=\/wp\/v2\/types\/post"}],"author":[{"embeddable":true,"href":"https:\/\/www.manologarciaycia.com\/index.php?rest_route=\/wp\/v2\/users\/2"}],"replies":[{"embeddable":true,"href":"https:\/\/www.manologarciaycia.com\/index.php?rest_route=%2Fwp%2Fv2%2Fcomments&post=12543"}],"version-history":[{"count":2,"href":"https:\/\/www.manologarciaycia.com\/index.php?rest_route=\/wp\/v2\/posts\/12543\/revisions"}],"predecessor-version":[{"id":12548,"href":"https:\/\/www.manologarciaycia.com\/index.php?rest_route=\/wp\/v2\/posts\/12543\/revisions\/12548"}],"wp:featuredmedia":[{"embeddable":true,"href":"https:\/\/www.manologarciaycia.com\/index.php?rest_route=\/wp\/v2\/media\/12545"}],"wp:attachment":[{"href":"https:\/\/www.manologarciaycia.com\/index.php?rest_route=%2Fwp%2Fv2%2Fmedia&parent=12543"}],"wp:term":[{"taxonomy":"category","embeddable":true,"href":"https:\/\/www.manologarciaycia.com\/index.php?rest_route=%2Fwp%2Fv2%2Fcategories&post=12543"},{"taxonomy":"post_tag","embeddable":true,"href":"https:\/\/www.manologarciaycia.com\/index.php?rest_route=%2Fwp%2Fv2%2Ftags&post=12543"}],"curies":[{"name":"wp","href":"https:\/\/api.w.org\/{rel}","templated":true}]}}