{"id":12525,"date":"1990-06-30T18:43:58","date_gmt":"1990-06-30T16:43:58","guid":{"rendered":"http:\/\/www.manologarciaycia.com\/?p=12525"},"modified":"2015-05-06T11:05:02","modified_gmt":"2015-05-06T09:05:02","slug":"el-ultimo-de-la-fila-los-primeros-de-la-lista","status":"publish","type":"post","link":"https:\/\/www.manologarciaycia.com\/?p=12525","title":{"rendered":"El \u00daltimo de la Fila: especial el S\u00e1bado, El Peri\u00f3dico 30\/6\/1990. Grec-90"},"content":{"rendered":"<p><a href=\"http:\/\/www.manologarciaycia.com\/wp-content\/uploads\/2015\/04\/EUDLF-Los-Primeros-de-la-lista-El-Periodico-30-6-1990-petaos.net-Imagen-2p.jpg\"><img loading=\"lazy\" decoding=\"async\" src=\"http:\/\/www.manologarciaycia.com\/wp-content\/uploads\/2015\/04\/EUDLF-Los-Primeros-de-la-lista-El-Periodico-30-6-1990-petaos.net-Imagen-2p.jpg\" alt=\"EUDLF - Los Primeros de la lista - El Periodico 30-6-1990 - petaos.net - Imagen 2p\" width=\"305\" height=\"446\" class=\"alignright size-full wp-image-12529\" \/><\/a> <b><u>EL \u00daltimo de la Fila: Los primeros de la lista<\/u><\/b> De Miquel A. Queralt.<\/p>\n<p><i><strong>El \u00daltimo de la Fila abre los conciertos del Grec90 presentando su nuevo alb\u00fam. Barcelona acoge al d\u00fao con los brazos abiertos, no queda ni una entrada.<\/strong><\/i><\/p>\n<p>El \u00daltimo de la Fila da el disparo de salida a los conciertos del Vel\u00f3drom d&#8217;Harta, dentro de la programaci\u00f3n del Grec90. La oportunidad sirve para que Manolo Garc\u00eda y Quimi Portet presenten en Barcelona su m\u00e1s reciente producci\u00f3n, Nuevo peque\u00f1o cat\u00e1logo de seres y esteres, que desde el mismo instante de su publicaci\u00f3n es n\u00famero uno en ventas.<\/p>\n<p>A El \u00daltimo le seguir\u00e1n Chuck Berry y Doctor John, el cuarteto de Jack DeJohnette con Pat Metheny, y la Fania All Stars. El 2 y 3 de agosto cerrar\u00e1n el festival V\u00edctor Manuel y Ana Bel\u00e9n. Una programaci\u00f3n pensada para agradar a amplias capas de la poblaci\u00f3n. De entrada, el Grec arranca con excelente pie, pues desde hace tres semanas no queda ni una localidad para asistir al concierto del d\u00fao barcelon\u00e9s. El Ayuntamiento, que tiene fijado el aforo del Vel\u00f3drom en 9.000 localidades, se ha visto obligado a ampliar la oferta en mil entradas m\u00e1s. Ese cupo se agot\u00f3 tan r\u00e1pido como el primero, sin embargo hoy s\u00e1bado, 30 de junio, tambi\u00e9n existe la posibilidad de ver a El Ultimo en la plaza Medieval de Montblanc.<\/p>\n<p>Todo hace pensar que el grupo, tarde o temprano, deber\u00e1 buscar un recinto de mayor cabida para satisfacer la expectaci\u00f3n de la que es objeto. Al parecer, la direcci\u00f3n del festival estaba dispuesta a realizar tres sesiones, pero compromisos del grupo lo han hecho inviable. Otro aspecto es que Manolo Garc\u00eda y Quimi Portet, o sus representantes, no han permitido ninguna publicidad adicional en la promoci\u00f3n del concierto. Ning\u00fan artista ha puesto el menor reparo por el hecho de que su nombre vaya acompa\u00f1ado por el de firmas comerciales, quienes sufragan en buena medida el presupuesto de este a\u00f1o, superior a los 300 millones de pesetas. Quien realmente es esponsorizado es el festival, no un artista o espect\u00e1culo.<\/p>\n<p>Lo cierto es que el cari\u00f1o que Barcelona profesa a El \u00daltimo de la Fila no viene de ahora. No es aventurado decir que son los artistas m\u00e1s queridos por la ciudadan\u00eda. Asombrados y perplejos deben estar nombres hist\u00f3ricos como Los Sirex o Los Mustang, que ni en sus mejores tiempos disfrutaron del calor que gozan actualmente Manolo Garc\u00eda y Quim\u00ed Portet.<\/p>\n<p>Esta historia no es de ahora. Arranca el 16 de junio de 1985 cuando El \u00daltimo presenta un espect\u00e1culo, un tanto enloquecido, llamado Pop con embudo para mam\u00edferos destetados, en Studio 54. Aquella noche, con un embudo de pl\u00e1stico por sombrero, se revel\u00f3 un animal esc\u00e9nico: Manolo Garc\u00eda. Tras de si, una banda de rock no daba respiro. Quimi empu\u00f1aba la guitarra r\u00edtmica. Eran los tiempos de Cuando la tristeza entra por la puerta, el amor salta por la ventana. Querida Milagros, El loco de la calle y Dulces sue\u00f1os son canciones de aquella etapa. Grabada en la memoria de sus fans y en la piel de sus incondicionales.<\/p>\n<p>Algunos ya les segu\u00edan la pista desde hac\u00eda dos a\u00f1os, cuando Manolo y Quimi se llamaban Los Burros. Y con tal nombre publicaron un solo elep\u00e9, Rebuznos de amor. Para muchos el mejor disco de pop nacional de los a\u00f1os 80.<\/p>\n<p>Joyas del calibre de Huesos, Mi novia se llama Ram\u00f3n, Hazme sufrir o Portugal son reflejo exacto de sanas mentes, abrumadas por el surrealismo y la socarroner\u00eda. Ese disco, cuatro a\u00f1os despu\u00e9s, se cotizaba a 3.000 pesetas en el mercado del coleccionismo. Algo impensable para un \u00e1lbum tan reciente. El grupo alucinaba cuando en los conciertos el p\u00fablico les ped\u00eda unas canciones que conoc\u00edan de memoria, pero que no pod\u00edan escuchar en casa. Belter, la discogr\u00e1fica que lo edit\u00f3, quebr\u00f3. Y el d\u00fao decidi\u00f3 reeditado junto a un maxi, Jam\u00f3n de burro.<\/p>\n<p>En aquellos a\u00f1os, su mejor tarjeta de visita era el directo. La energ\u00eda que derrochaban cada noche hac\u00eda pensar que era el \u00faltimo concierto de su vida. El \u00e9xito creci\u00f3 con Enemigos de lo ajeno, y m\u00e1s todav\u00eda con Nuevas mezclas, resumen de los dos elep\u00e9s anteriores. Giras constantes y nuevas canciones. Hasta que tocaron techo. Ocurri\u00f3 en septiemre de 1988 en el Camp Nou. Era el concierto en favor de Amnist\u00eda Internacional. Sting, Springsteen y Peter Gabriel compart\u00edan cartel con aquella pareja que hac\u00eda vibrar a las 100.000 personas all\u00ed reunidas.<\/p>\n<p>Lo que sigue es de sobras conocido. Ventas escandalosas de discos, salidas al extranjero con \u00e9xitos importantes, como el de Par\u00eds \u2014diciembre de 1989\u2014, y un inter\u00e9s por determinados valores \u00e9ticos y sociales, como la ecolog\u00eda, los derechos humanos o la preservaci\u00f3n de la naturaleza. En ese camino han vuelto al punto inicial. Despu\u00e9s de un largo recorrido por compa\u00f1\u00edas independientes, regresan, tras crear su propio sello discogr\u00e1fico, a la editora que los despach\u00f3. Era 1981. Ellos, Los R\u00e1pidos. Nueve a\u00f1os separan Ruta del Sur de Canta por m\u00ed.<\/p>\n<p>A Manolo Garc\u00eda, voz, y Quimi Portet, guitarra, les acompa\u00f1an su grupo habitual: Marc Grau, guitarras; Antonio Fidel, bajo; Angel Celada, bater\u00eda; Juan Carlos Garc\u00eda, teclados; y Pedro Javier Gonz\u00e1lez, guitarra espa\u00f1ola.<\/p>\n<p>Vel\u00f3drom d&#8217;Horta. Martes 3 de julio, 22.00 horas. Plaza Medieval, Montblanc. S\u00e1bado 30, 22.30 horas.<\/p>\n<p><a href=\"http:\/\/www.manologarciaycia.com\/wp-content\/uploads\/2015\/04\/EUDLF-Los-Primeros-de-la-lista-El-Periodico-30-6-1990-petaos.net-Imagen-1p.jpg\"><img loading=\"lazy\" decoding=\"async\" src=\"http:\/\/www.manologarciaycia.com\/wp-content\/uploads\/2015\/04\/EUDLF-Los-Primeros-de-la-lista-El-Periodico-30-6-1990-petaos.net-Imagen-1p.jpg\" alt=\"EUDLF - Los Primeros de la lista - El Periodico 30-6-1990 - petaos.net - Imagen 1p\" width=\"319\" height=\"421\" class=\"alignleft size-full wp-image-12528\" \/><\/a> <b><u>Por una vez, ganan los buenos.<\/b><\/u> De Gabriel Jaraba.<\/p>\n<p>Todav\u00eda nadie ha sabido explicar suficientemente bien las razones que convirtieron a un d\u00fao semimarginal en el grupo de poprock de mayor \u00e9xito de los \u00faltimos tiempos, por m\u00e9ritos propios y sin el apoyo de ninguna operaci\u00f3n de mercadotecnia.<\/p>\n<p>Y sin embargo, el \u00e9xito arrollador de El \u00daltimo de la Fila pasar\u00e1 a la historia de la m\u00fasica popular espa\u00f1ola en el capitulo de los grupos que han significado la vinculaci\u00f3n estrecha de un \u00eddolo pop con una realidad social y un estado de \u00e1nimo de un p\u00fablico: el D\u00fao Din\u00e1mico, Los Brincos, Los S\u00edrex, Los Mustang, Mecano y Loquillo y los Trogloditas.<\/p>\n<p>No sirve como explicaci\u00f3n de tal \u00e9xito decir que los chicos de El \u00daltimo de la Fila han triunfado porque son buenos y sinceros, pobres pero honrados. Las cunetas de la autopista del rock est\u00e1n llenas de artistas tan merecedores como ellos de un lugar semejante a pleno sol. Adem\u00e1s, perfectos farsantes, como Los Ronaldos, Gabinete Caligari y el resto de la carnaza que descaradamente les imita, alimentan las listas de \u00e9xitos m\u00e1s infectas y goza de un predicamento que, de por s\u00ed, invalida el postulado de que el p\u00fablico siempre tiene raz\u00f3n.<\/p>\n<p>Pero, por una vez, con El \u00daltimo de la Fila, la fuerza de la raz\u00f3n se ha impuesto. Quiz\u00e1s porque el sentimiento del que surge su m\u00fasica es raramente aut\u00e9ntico. <\/p>\n<p><a href=\"http:\/\/www.manologarciaycia.com\/wp-content\/uploads\/2015\/04\/EUDLF-Los-Primeros-de-la-lista-El-Periodico-30-6-1990-petaos.net-Imagen-4p.jpg\"><img loading=\"lazy\" decoding=\"async\" src=\"http:\/\/www.manologarciaycia.com\/wp-content\/uploads\/2015\/04\/EUDLF-Los-Primeros-de-la-lista-El-Periodico-30-6-1990-petaos.net-Imagen-4p.jpg\" alt=\"EUDLF - Los Primeros de la lista - El Periodico 30-6-1990 - petaos.net - Imagen 4p\" width=\"293\" height=\"1024\" class=\"alignleft size-full wp-image-12530\" srcset=\"https:\/\/www.manologarciaycia.com\/wp-content\/uploads\/2015\/04\/EUDLF-Los-Primeros-de-la-lista-El-Periodico-30-6-1990-petaos.net-Imagen-4p.jpg 293w, https:\/\/www.manologarciaycia.com\/wp-content\/uploads\/2015\/04\/EUDLF-Los-Primeros-de-la-lista-El-Periodico-30-6-1990-petaos.net-Imagen-4p-143x500.jpg 143w\" sizes=\"auto, (max-width: 293px) 100vw, 293px\" \/><\/a> <b><u>Canciones que dejan huella<\/b><\/u><\/p>\n<p><strong>LOS BURROS.<\/strong> <em>Rebuznos de amor. Belter. 1983.<\/em><br \/>\n<strong>Huesos<\/strong><br \/>\nC\u00f3mo te voy a querer \/ estando flaca como est\u00e1s \/ mis besos se pueden perder \/ sin sitio donde aterrizar.\/ De noche llegan a m\u00ed \/ los gritos de tu corazon \/ me dice que quiere huir \/ casi no cabe en su prisi\u00f3n.\/ Huesos, huesos; t\u00fa eres s\u00f3lo huesos uaidos por muy poca piel.\/ Huesos, huesos, delgada como el viento, suave como un alfiler.\/ C\u00f3mo te voy a abrazar, que es lo que yo querr\u00eda hacer \/ y por d\u00f3nde te voy a coger \/ para salir a pasear \/ la gente no me deja en paz \/ t\u00fa no eres un muchacho normal \/ pero eso a m\u00ed me da igual \/ eres la flaca que me hace feliz.\/ Te digo que te quiero y lo puedes creer \/ lo \u00fanico que pasa es que casi no est\u00e1s \/ a veces me pregunto si ser\u00e1s realidad \/ si s\u00f3lo eres un sue\u00f1o o eres espiritual\/. Huesos, huesos&#8230; suave como un almac\u00e9n. (Letra: Quimi Portet)<\/p>\n<p><strong>EL \u00daLTIMO DE LA FILA.<\/strong> <em>Cuando la pobreza entra por la puerta el amor salta por la ventana. PD1. 1985.<\/em><br \/>\n<strong>Querida Milagros<\/strong><br \/>\nEsta ma\u00f1ana al salir a patrullar,\/ hallamos muerto al soldado Adri\u00e1n.\/ Como manda el reglamento \/ procedimos a buscar los objetos que llevara \/ y s\u00f3lo hallamos esta carta:\/ \u00abQuerida Milagros,\/ llevo seis d\u00edas aqu\u00ed.\/ Te echo de menos, no puedo vivir sin ti.\/ He visto las explosiones,\/ brillando a mi alrededor.\/ Tengo miedo, no lo oculto,\/ s\u00f3lo me queda tu amor.\/ Por ahora la suerte me ha sonreido;\/ necesito verte, aqu\u00ed no hay amigos;\/ no estar\u00eda de m\u00e1s \/ que algui\u00e9n me explicara \/ qu\u00e9 tiene esto que ver contigo y conmigo.\/ Querida Milagros,\/ queda tanto por vivir&#8230;\/ Ser\u00eda absurdo dejarse la piel aqu\u00ed.\/ Querida Milagros,\/ a\u00fan no he podido dormir.\/ Un sue\u00f1o fr\u00edo me anuncia que llega el fin.\/ He visto a los hombres llorar como ni\u00f1os;\/ he visto a la muerte como un ave extra\u00f1a,\/ planear en silencio sobre los caminos,\/ devorar a un sol que es tuyo y m\u00edo.\/ Querida Milagros,\/ llevo seis d\u00edas aqu\u00ed,\/ muchos han muerto,\/ casi todos morir\u00e1n.\/ Querida Milagros\/ me tengo que despedir,\/ siempre te quiere: tu soldado Adri\u00e1n.\u00bb (Letra: Quimi Portet) <\/p>\n<p><strong>EL \u00daLTIMO DE LA FILA.<\/strong> <em>Enemigos de lo ajeno. POI. 1986.<\/em><br \/>\n<strong>Soy un accidente<\/strong><br \/>\nSoy un accidente \/ un error de medida.\/ Un viajero de barro que se lleva la corriente.\/ Soy el salvaje que derriba tus dioses \/ y que se atrinchera en tu cama.\/ Soy la galerna que te azota.\/ Yo conjuro el hurac\u00e1n!!\/ Soy el hombre que veis.\/ Eso digo a mis pocos amigos.\/ Quisiera no correr,\/ quedarme a ser tu torbellino.\/ Busco una orilla extra\u00f1a \/ pero yo no soy Ulises.\/ Que nadie me ate cuando las sirenas canten.\/ No trato de conseguir perdurar \/ porque se que s\u00f3lo soy un accidente.\/ T\u00fa eres el fuego,\/ yo la zarza que no se consume.\/ T\u00fa las murallas,\/ yo enemigo que vela\/ y cuando vuelva el guardi\u00e1n del universo,\/ a pedir cuentas,\/ devolver\u00e9 el trigo a su due\u00f1o.\/ No pretendo conseguir perdurar,\/ porque se que s\u00f3lo soy un accidente.\/ Soy como un animal agazapado y vigilante.\/ Soy el caos,\/ un alma polvorienta.\/ Soy un accidente.\/ Soy un acci dente. (Letra y m\u00fasica: Quimi Portet y Manolo Garc\u00eda)<\/p>\n<p><strong>EL \u00daLTIMO DE LA FILA.<\/strong> <em>Nuevo peque\u00f1o cat\u00e1logo de seres y estares. Perro RecordsEMI. 1990.<\/em><br \/>\n<strong>Canta por m\u00ed<\/strong><br \/>\nCruz\u00f3 el pasado en el camino \/ y lo miraba y no pod\u00eda llorar.\/ Entre el crep\u00fasculo y el alba \/ no hizo otra cosa que dejarse llevar.\/ Y refulgiendo cual luci\u00e9rnagas,\/ caminando sin prisa sobre el tiempo,\/ huyen de un mundo material,\/ son esp\u00edritus barridos por el viento.\/ Y ahora van hacia su abstracci\u00f3n,\/ dales s\u00f3lo paz y una sonrisa,\/ cielo abierto y aire para respirar.\/ Caen las estrellas de su manto,\/ verdean los campos a un resquicio de luz,\/ la pradera ahora es su casa \/ donde la espiga brota entre la flor.\/ Si les miente la vida \/ se hacen parapetos con poemas.\/ Un d\u00eda color de melocot\u00f3n,\/ cuando todos seamos libres,\/ cuando las piedras se puedan comer \/ y ya nadie sea m\u00e1s que nadie,\/ canta por m\u00ed \/ si no estoy yo aqu\u00ed.\/ Viene el d\u00eda en que seremos puros \/ como un cielo de verano sobre el mar.\/ Cantar\u00e9 por t\u00ed \/ si no est\u00e1s t\u00fa aqu\u00ed. (Letra y m\u00fasica: Manolo Garc\u00eda y Quimi Portet)<\/p>\n<div id='gallery-1' class='gallery galleryid-12525 gallery-columns-2 gallery-size-thumbnail'><dl class='gallery-item'>\n\t\t\t<dt class='gallery-icon portrait'>\n\t\t\t\t<a class='swipebox' href='https:\/\/www.manologarciaycia.com\/wp-content\/uploads\/1990\/06\/EUDLF-Los-Primeros-de-la-lista-El-Periodico-30-6-1990-petaos.net-1-de-5p.jpg'><img loading=\"lazy\" decoding=\"async\" width=\"150\" height=\"150\" src=\"https:\/\/www.manologarciaycia.com\/wp-content\/uploads\/1990\/06\/EUDLF-Los-Primeros-de-la-lista-El-Periodico-30-6-1990-petaos.net-1-de-5p-150x150.jpg\" class=\"attachment-thumbnail size-thumbnail\" alt=\"\" \/><\/a>\n\t\t\t<\/dt><\/dl><dl class='gallery-item'>\n\t\t\t<dt class='gallery-icon portrait'>\n\t\t\t\t<a class='swipebox' href='https:\/\/www.manologarciaycia.com\/wp-content\/uploads\/1990\/06\/EUDLF-Los-Primeros-de-la-lista-El-Periodico-30-6-1990-petaos.net-2-de-5p.jpg'><img loading=\"lazy\" decoding=\"async\" width=\"150\" height=\"150\" src=\"https:\/\/www.manologarciaycia.com\/wp-content\/uploads\/1990\/06\/EUDLF-Los-Primeros-de-la-lista-El-Periodico-30-6-1990-petaos.net-2-de-5p-150x150.jpg\" class=\"attachment-thumbnail size-thumbnail\" alt=\"\" \/><\/a>\n\t\t\t<\/dt><\/dl><br style=\"clear: both\" \/><dl class='gallery-item'>\n\t\t\t<dt class='gallery-icon portrait'>\n\t\t\t\t<a class='swipebox' href='https:\/\/www.manologarciaycia.com\/wp-content\/uploads\/1990\/06\/EUDLF-Los-Primeros-de-la-lista-El-Periodico-30-6-1990-petaos.net-3-de-5p.jpg'><img loading=\"lazy\" decoding=\"async\" width=\"150\" height=\"150\" src=\"https:\/\/www.manologarciaycia.com\/wp-content\/uploads\/1990\/06\/EUDLF-Los-Primeros-de-la-lista-El-Periodico-30-6-1990-petaos.net-3-de-5p-150x150.jpg\" class=\"attachment-thumbnail size-thumbnail\" alt=\"\" \/><\/a>\n\t\t\t<\/dt><\/dl><dl class='gallery-item'>\n\t\t\t<dt class='gallery-icon portrait'>\n\t\t\t\t<a class='swipebox' href='https:\/\/www.manologarciaycia.com\/wp-content\/uploads\/1990\/06\/EUDLF-Los-Primeros-de-la-lista-El-Periodico-30-6-1990-petaos.net-4-de-5p.jpg'><img loading=\"lazy\" decoding=\"async\" width=\"150\" height=\"150\" src=\"https:\/\/www.manologarciaycia.com\/wp-content\/uploads\/1990\/06\/EUDLF-Los-Primeros-de-la-lista-El-Periodico-30-6-1990-petaos.net-4-de-5p-150x150.jpg\" class=\"attachment-thumbnail size-thumbnail\" alt=\"\" \/><\/a>\n\t\t\t<\/dt><\/dl><br style=\"clear: both\" \/><dl class='gallery-item'>\n\t\t\t<dt class='gallery-icon portrait'>\n\t\t\t\t<a class='swipebox' href='https:\/\/www.manologarciaycia.com\/wp-content\/uploads\/1990\/06\/EUDLF-Los-Primeros-de-la-lista-El-Periodico-30-6-1990-petaos.net-5-de-5p.jpg'><img loading=\"lazy\" decoding=\"async\" width=\"150\" height=\"150\" src=\"https:\/\/www.manologarciaycia.com\/wp-content\/uploads\/1990\/06\/EUDLF-Los-Primeros-de-la-lista-El-Periodico-30-6-1990-petaos.net-5-de-5p-150x150.jpg\" class=\"attachment-thumbnail size-thumbnail\" alt=\"\" \/><\/a>\n\t\t\t<\/dt><\/dl>\n\t\t\t<br style='clear: both' \/>\n\t\t<\/div>\n\n<p>Fuente: Edici\u00f3n Impresa (adquirida por Petaos.net) de El Peri\u00f3dico de Catalunya 30\/6\/1990 &#8211; Miquel A. Queralt.<\/p>\n","protected":false},"excerpt":{"rendered":"<p>EL \u00daltimo de la Fila: Los primeros de la lista De Miquel A. Queralt. El \u00daltimo de la Fila abre los conciertos del Grec90 presentando su nuevo alb\u00fam. Barcelona acoge al d\u00fao con los brazos abiertos, no queda ni una entrada. El \u00daltimo de la Fila da el disparo de salida a los conciertos del<a class=\"moretag\" href=\"https:\/\/www.manologarciaycia.com\/?p=12525\" title=\"El \u00daltimo de la Fila: especial el S\u00e1bado, El Peri\u00f3dico 30\/6\/1990. Grec-90\" target=\"_self\" rel=\"follow\"> <font face=arial size=2>[Leer m\u00e1s]<\/font> <\/a><\/p>\n","protected":false},"author":2,"featured_media":12526,"comment_status":"closed","ping_status":"closed","sticky":false,"template":"","format":"standard","meta":{"footnotes":""},"categories":[3,1,9],"tags":[],"class_list":["post-12525","post","type-post","status-publish","format-standard","has-post-thumbnail","hentry","category-el-ultimo-de-la-fila","category-manolo-garcia","category-qumi-portet"],"_links":{"self":[{"href":"https:\/\/www.manologarciaycia.com\/index.php?rest_route=\/wp\/v2\/posts\/12525","targetHints":{"allow":["GET"]}}],"collection":[{"href":"https:\/\/www.manologarciaycia.com\/index.php?rest_route=\/wp\/v2\/posts"}],"about":[{"href":"https:\/\/www.manologarciaycia.com\/index.php?rest_route=\/wp\/v2\/types\/post"}],"author":[{"embeddable":true,"href":"https:\/\/www.manologarciaycia.com\/index.php?rest_route=\/wp\/v2\/users\/2"}],"replies":[{"embeddable":true,"href":"https:\/\/www.manologarciaycia.com\/index.php?rest_route=%2Fwp%2Fv2%2Fcomments&post=12525"}],"version-history":[{"count":7,"href":"https:\/\/www.manologarciaycia.com\/index.php?rest_route=\/wp\/v2\/posts\/12525\/revisions"}],"predecessor-version":[{"id":12542,"href":"https:\/\/www.manologarciaycia.com\/index.php?rest_route=\/wp\/v2\/posts\/12525\/revisions\/12542"}],"wp:featuredmedia":[{"embeddable":true,"href":"https:\/\/www.manologarciaycia.com\/index.php?rest_route=\/wp\/v2\/media\/12526"}],"wp:attachment":[{"href":"https:\/\/www.manologarciaycia.com\/index.php?rest_route=%2Fwp%2Fv2%2Fmedia&parent=12525"}],"wp:term":[{"taxonomy":"category","embeddable":true,"href":"https:\/\/www.manologarciaycia.com\/index.php?rest_route=%2Fwp%2Fv2%2Fcategories&post=12525"},{"taxonomy":"post_tag","embeddable":true,"href":"https:\/\/www.manologarciaycia.com\/index.php?rest_route=%2Fwp%2Fv2%2Ftags&post=12525"}],"curies":[{"name":"wp","href":"https:\/\/api.w.org\/{rel}","templated":true}]}}