{"id":12501,"date":"2015-04-22T11:59:40","date_gmt":"2015-04-22T09:59:40","guid":{"rendered":"http:\/\/www.manologarciaycia.com\/?p=12501"},"modified":"2015-04-22T12:00:19","modified_gmt":"2015-04-22T10:00:19","slug":"cronica-del-concierto-del-col-lectiu-eternity-en-barnasants-27315","status":"publish","type":"post","link":"https:\/\/www.manologarciaycia.com\/?p=12501","title":{"rendered":"Cr\u00f3nica del concierto del Col.lectiu Eternity en Barnasants 27\/3\/15"},"content":{"rendered":"<p>Cuando el domingo, en el marco del Barnasants, nos desplazamos hasta el Teatro Joventut de L&#8217;Hospitalet, para ver a Sisa, Quimi Portet y Joan Miquel Oliver o El Colectivo Eternity, como han bautizado, sencillamente no tenemos muy claro que es lo que nos encontraremos, aunque podemos intuir que encontraremos buena m\u00fasica, teniendo en cuenta el tr\u00edo que compone el grupo y, humor, teniendo en cuenta algunas de las frases que hemos le\u00eddo del grupo como \u00abNo se nos pas\u00f3 miedo la cabeza juntarnos para ampliar p\u00fablico, \u00a1m\u00e1s bien nos gustar\u00eda empezar a limitarlo, Porque no DAMOS para tanto! \u00abo\u00bb Y nosotros ya nos peleamos tas de empezar. Nos insultamos y casi nos agredimos con las guitarras, y luego dijimos: &#8216;Ahora ya no nos queda Otro remedio que hacernos amigos otra vez y Producir algo \u00ab.<\/p>\n<p>El concierto arranca con Miquel y Portet, en el escenario, acompa\u00f1ados por Antonio Fidel (al bajo) y en Xarli Oliver (a la bater\u00eda) tocando \u00abPaisaje con anchoa\u00bb, de Matamos los martes y los viernes (Cusco Records \/ M\u00fasica Global) de en Portet, y seguidamente \u00abSurfistas en c\u00e1mara lenta\u00bb, del \u00e1lbum del mismo nombre (Disco Medio) de en Oliver, y ya sabemos que el repertorio es un viaje entre las canciones de los 3 cantautores.<\/p>\n<p>Al terminar, nos piden disculpas pues falta un miembro, en Sisa, y nos cuentan que tras unas diferencias con la core\u00f3grafa, ha tenido que ir a la ciudad de la Justicia y que har\u00e1n lo que podr\u00e1n para defender la siguiente canci\u00f3n \u00bb coristas y numism\u00e1ticos \u00ab, de Lo m\u00e1s gal\u00e1ctico (PDI) pero, como era previsible, en Sisa aparece para cantar con ellos, entre los aplausos del p\u00fablico.<\/p>\n<p>Con el grito \u00abpirul\u00eds y piruletas\u00bb comienza \u00abHansel y Gretel\u00bb, de Su novia muerta (Azul \/ Disco Medio) de en Oliver, que pretende combatir la gran \u00abpirula\u00bb que se viene encima, seg\u00fan pronostica Sisa ya continuaci\u00f3n suena \u00abHombres y mujeres del derecho\u00bb, de viaje en Montserrat de en Portet, ya continuaci\u00f3n \u00abProgreso adecuadamente\u00bb, Matamos los martes y los viernes (Quisso Records \/ M\u00fasica Global) de en Portet.<\/p>\n<p><a href=\"http:\/\/www.manologarciaycia.com\/wp-content\/uploads\/2015\/04\/Sisa-Portet-Oliver-2.png\"><img loading=\"lazy\" decoding=\"async\" src=\"http:\/\/www.manologarciaycia.com\/wp-content\/uploads\/2015\/04\/Sisa-Portet-Oliver-2.png\" alt=\"Sisa-Portet-Oliver-2\" width=\"1084\" height=\"433\" class=\"aligncenter size-full wp-image-12503\" srcset=\"https:\/\/www.manologarciaycia.com\/wp-content\/uploads\/2015\/04\/Sisa-Portet-Oliver-2.png 1084w, https:\/\/www.manologarciaycia.com\/wp-content\/uploads\/2015\/04\/Sisa-Portet-Oliver-2-500x200.png 500w, https:\/\/www.manologarciaycia.com\/wp-content\/uploads\/2015\/04\/Sisa-Portet-Oliver-2-1024x409.png 1024w, https:\/\/www.manologarciaycia.com\/wp-content\/uploads\/2015\/04\/Sisa-Portet-Oliver-2-695x278.png 695w, https:\/\/www.manologarciaycia.com\/wp-content\/uploads\/2015\/04\/Sisa-Portet-Oliver-2-930x371.png 930w\" sizes=\"auto, (max-width: 1084px) 100vw, 1084px\" \/><\/a><\/p>\n<p>Despu\u00e9s de unas cuantas bromas sobre las maracas de Sisa, que dejan una nubecilla pues van perdiendo arena, nos cantan \u00abMolino de viento\u00bb, de Live In Paris (Azul \/ Disco Medio) de en Oliver, donde Sisa sigue agitando las maracas, aunque ya no las tiene en sus manos. A continuaci\u00f3n, \u00abpasto entre los lirios\u00bb, de viaje en Montserrat de en Portet, una canci\u00f3n de amor que escribi\u00f3 en un mal momento personal.<\/p>\n<p>Toca el turno de presentarnos a Oriol Pi Farrer, un cantautor novel que hace canciones, que no es otro que en Sisa, que nos cuenta su historia y que nos canta \u00abDesde la luna\u00bb, de Ni pies ni pies (K Industria Cultural), y \u00abLa primera comuni\u00f3n\u00bb, de Galleta gal\u00e1ctica (Zeleste \/ Edigsa) ambas de Sisa, con unos acordes de guitarra que evocan los ukeleles de Hawai.<\/p>\n<p>A continuaci\u00f3n suena \u00abPeque\u00f1o hombrecito de monta\u00f1a\u00bb, de Live In Paris (Azul \/ Disco Medio) de en Oliver, donde nos piden que los acompa\u00f1emos silbando y al terminar, todos marchan y solo se quedan en el escenario en Portet y en Oliver para cantarnos \u00abSa novia muerta\u00bb, del disco de igual nombre (Azul \/ Disco Medio) de en Oliver ya continuaci\u00f3n en Portet nos anuncia que har\u00e1n una canci\u00f3n muy buena, \u00abSunny day\u00bb, de Oh my Love ( Quisso Records \/ M\u00fasica Global) que resulta hizo \u00e9l mismo Portet.<\/p>\n<p>Vuelven al escenario todo, para hacer \u00abNo hay que hablar\u00bb, de El congreso de los solitarios (Disco Medio) de Sisa, tras la que nos presentan a Antonio y Xavi y, para despedirse deben elegido \u00abEl hijo del maestro\u00bb, de Sisa &#038; Melodrama (Edigsa) de Sisa y \u00abLa rambla\u00bb, de Hockey sobre piedras (Perro Records \/ Chrysalis) de en Portet, que para esta ocasi\u00f3n han transformado en \u00abLa rambla Justo Olivos \u00abtras la que marchan.<\/p>\n<p>Las quejas de los asistentes, reclamando los bises, hacen que vuelvan para explicarnos que es la primera vez que les reclaman m\u00e1s y para cantarnos \u00abFinal feliz\u00bb, de Bomb\u00f3n Mallorqu\u00edn (Azul) de en Oliver, y \u00abBoletaires \u00ab, de Viva la libertad (Drag\u00f3n-Virgin) de Sisa, y vuelven a marchar.<\/p>\n<p>Las quejas vuelven as\u00ed que, esta vez mucho m\u00e1s r\u00e1pido, tienen que volver y esta vez nos cantan \u00abPayaso\u00bb, de Surfistas en c\u00e1mara lenta (Azul \/ Disco Medio) de Oliver, con un serrallo como acompa\u00f1amiento, \u00abEste a\u00f1o follar como locos \u00ab, de Ni pies ni cabeza (K Industria Cultural) de Sisa y con Portet con las maracas, y\u00bb La m\u00fasica de los astros \u00ab, de Cancionero electromagn\u00e9tico (Quisso Records \/ Chrysalis) de en Portet, que pone punto final al concierto.<\/p>\n<p><a href=\"http:\/\/www.manologarciaycia.com\/wp-content\/uploads\/2015\/04\/Sisa-Portet-Oliver-3.png\"><img loading=\"lazy\" decoding=\"async\" src=\"http:\/\/www.manologarciaycia.com\/wp-content\/uploads\/2015\/04\/Sisa-Portet-Oliver-3.png\" alt=\"Sisa-Portet-Oliver-3\" width=\"1088\" height=\"432\" class=\"aligncenter size-full wp-image-12504\" srcset=\"https:\/\/www.manologarciaycia.com\/wp-content\/uploads\/2015\/04\/Sisa-Portet-Oliver-3.png 1088w, https:\/\/www.manologarciaycia.com\/wp-content\/uploads\/2015\/04\/Sisa-Portet-Oliver-3-500x199.png 500w, https:\/\/www.manologarciaycia.com\/wp-content\/uploads\/2015\/04\/Sisa-Portet-Oliver-3-1024x407.png 1024w, https:\/\/www.manologarciaycia.com\/wp-content\/uploads\/2015\/04\/Sisa-Portet-Oliver-3-695x276.png 695w, https:\/\/www.manologarciaycia.com\/wp-content\/uploads\/2015\/04\/Sisa-Portet-Oliver-3-930x369.png 930w\" sizes=\"auto, (max-width: 1088px) 100vw, 1088px\" \/><\/a><\/p>\n<p><a href=\"http:\/\/www.manologarciaycia.com\/wp-content\/uploads\/2015\/04\/Sisa-Portet-Oliver-4.png\"><img loading=\"lazy\" decoding=\"async\" src=\"http:\/\/www.manologarciaycia.com\/wp-content\/uploads\/2015\/04\/Sisa-Portet-Oliver-4.png\" alt=\"Sisa-Portet-Oliver-4\" width=\"1088\" height=\"434\" class=\"aligncenter size-full wp-image-12505\" srcset=\"https:\/\/www.manologarciaycia.com\/wp-content\/uploads\/2015\/04\/Sisa-Portet-Oliver-4.png 1088w, https:\/\/www.manologarciaycia.com\/wp-content\/uploads\/2015\/04\/Sisa-Portet-Oliver-4-500x199.png 500w, https:\/\/www.manologarciaycia.com\/wp-content\/uploads\/2015\/04\/Sisa-Portet-Oliver-4-1024x408.png 1024w, https:\/\/www.manologarciaycia.com\/wp-content\/uploads\/2015\/04\/Sisa-Portet-Oliver-4-695x277.png 695w, https:\/\/www.manologarciaycia.com\/wp-content\/uploads\/2015\/04\/Sisa-Portet-Oliver-4-930x371.png 930w\" sizes=\"auto, (max-width: 1088px) 100vw, 1088px\" \/><\/a><\/p>\n<p><a href=\"http:\/\/www.manologarciaycia.com\/wp-content\/uploads\/2015\/04\/Antonio_Sisa_Quimi.png\"><img loading=\"lazy\" decoding=\"async\" src=\"http:\/\/www.manologarciaycia.com\/wp-content\/uploads\/2015\/04\/Antonio_Sisa_Quimi.png\" alt=\"Antonio_Sisa_Quimi\" width=\"713\" height=\"540\" class=\"aligncenter size-full wp-image-12506\" srcset=\"https:\/\/www.manologarciaycia.com\/wp-content\/uploads\/2015\/04\/Antonio_Sisa_Quimi.png 713w, https:\/\/www.manologarciaycia.com\/wp-content\/uploads\/2015\/04\/Antonio_Sisa_Quimi-500x379.png 500w, https:\/\/www.manologarciaycia.com\/wp-content\/uploads\/2015\/04\/Antonio_Sisa_Quimi-695x526.png 695w\" sizes=\"auto, (max-width: 713px) 100vw, 713px\" \/><\/a><\/p>\n<p>Fuente: Xus Mas &#8211; Revista BennaCat &#8211; <a href=\"http:\/\/revistabenna.org\/noticia\/4074\/cronicasisa-portet-i-oliver-el-col%C2%B7lectiu-etern-que-ens-porta-el-barnasants\" target=\"_blank\">ENLACE<\/a> al original en Catal\u00e0 &#8211; Fotos Carles Segura<\/p>\n","protected":false},"excerpt":{"rendered":"<p>Cuando el domingo, en el marco del Barnasants, nos desplazamos hasta el Teatro Joventut de L&#8217;Hospitalet, para ver a Sisa, Quimi Portet y Joan Miquel Oliver o El Colectivo Eternity, como han bautizado, sencillamente no tenemos muy claro que es lo que nos encontraremos, aunque podemos intuir que encontraremos buena m\u00fasica, teniendo en cuenta el<a class=\"moretag\" href=\"https:\/\/www.manologarciaycia.com\/?p=12501\" title=\"Cr\u00f3nica del concierto del Col.lectiu Eternity en Barnasants 27\/3\/15\" target=\"_self\" rel=\"follow\"> <font face=arial size=2>[Leer m\u00e1s]<\/font> <\/a><\/p>\n","protected":false},"author":2,"featured_media":12502,"comment_status":"closed","ping_status":"closed","sticky":false,"template":"","format":"standard","meta":{"footnotes":""},"categories":[23,9],"tags":[],"class_list":["post-12501","post","type-post","status-publish","format-standard","has-post-thumbnail","hentry","category-otros","category-qumi-portet"],"_links":{"self":[{"href":"https:\/\/www.manologarciaycia.com\/index.php?rest_route=\/wp\/v2\/posts\/12501","targetHints":{"allow":["GET"]}}],"collection":[{"href":"https:\/\/www.manologarciaycia.com\/index.php?rest_route=\/wp\/v2\/posts"}],"about":[{"href":"https:\/\/www.manologarciaycia.com\/index.php?rest_route=\/wp\/v2\/types\/post"}],"author":[{"embeddable":true,"href":"https:\/\/www.manologarciaycia.com\/index.php?rest_route=\/wp\/v2\/users\/2"}],"replies":[{"embeddable":true,"href":"https:\/\/www.manologarciaycia.com\/index.php?rest_route=%2Fwp%2Fv2%2Fcomments&post=12501"}],"version-history":[{"count":2,"href":"https:\/\/www.manologarciaycia.com\/index.php?rest_route=\/wp\/v2\/posts\/12501\/revisions"}],"predecessor-version":[{"id":12508,"href":"https:\/\/www.manologarciaycia.com\/index.php?rest_route=\/wp\/v2\/posts\/12501\/revisions\/12508"}],"wp:featuredmedia":[{"embeddable":true,"href":"https:\/\/www.manologarciaycia.com\/index.php?rest_route=\/wp\/v2\/media\/12502"}],"wp:attachment":[{"href":"https:\/\/www.manologarciaycia.com\/index.php?rest_route=%2Fwp%2Fv2%2Fmedia&parent=12501"}],"wp:term":[{"taxonomy":"category","embeddable":true,"href":"https:\/\/www.manologarciaycia.com\/index.php?rest_route=%2Fwp%2Fv2%2Fcategories&post=12501"},{"taxonomy":"post_tag","embeddable":true,"href":"https:\/\/www.manologarciaycia.com\/index.php?rest_route=%2Fwp%2Fv2%2Ftags&post=12501"}],"curies":[{"name":"wp","href":"https:\/\/api.w.org\/{rel}","templated":true}]}}