{"id":12468,"date":"2015-04-20T19:43:44","date_gmt":"2015-04-20T17:43:44","guid":{"rendered":"http:\/\/www.manologarciaycia.com\/?p=12468"},"modified":"2015-04-20T19:44:40","modified_gmt":"2015-04-20T17:44:40","slug":"vii-feria-internacional-del-disco-de-madrid","status":"publish","type":"post","link":"https:\/\/www.manologarciaycia.com\/?p=12468","title":{"rendered":"VII Feria Internacional del Disco de Madrid"},"content":{"rendered":"<p>Los d\u00edas 25 y 26 de abril, se celebrar\u00e1 la VII Feria Internacional del Disco de Madrid. Esta feria ofrecer\u00e1 a sus visitantes unos 60 stands correspondientes a las mejores tiendas de Europa, Inglaterra y Estados Unidos, que ofrecer\u00e1n todo tipo de material para coleccionistas y amantes de la m\u00fasica.<\/p>\n<p>La feria se celebrar\u00e1 en el Hotel Atocha (Rafaelhoteles) &#8211; C\/ Mendez alvaro 30 (Madrid)<\/p>\n<p>Horario:<br \/>\n  \u00b7 S\u00e1bado 25 de 10.00h. a 21.00h.<br \/>\n  \u00b7 Domingo 26 de 11.00h. a 20.00h.<\/p>\n<p>Precio entrada 3 Euros.<\/p>\n<p>Para m\u00e1s informaci\u00f3n: feriadeldiscomadrid@hotmail.com<br \/>\n<a href=\"www.feriadeldiscomadrid.com\" target=\"_blank\">www.feriadeldiscomadrid.com<\/a><br \/>\n<a href=\"www.facebook.com\/feriadeldiscomadrid\" target=\"_blank\">www.facebook.com\/feriadeldiscomadrid<\/a><\/p>\n<p>Director, Juan Carlos Vilella<\/p>\n<p>Fuente: <a href=\"http:\/\/www.todocoleccion.net\" target=\"_blank\">Todocoleccion.net<\/a><\/p>\n","protected":false},"excerpt":{"rendered":"<p>Los d\u00edas 25 y 26 de abril, se celebrar\u00e1 la VII Feria Internacional del Disco de Madrid. Esta feria ofrecer\u00e1 a sus visitantes unos 60 stands correspondientes a las mejores tiendas de Europa, Inglaterra y Estados Unidos, que ofrecer\u00e1n todo tipo de material para coleccionistas y amantes de la m\u00fasica. La feria se celebrar\u00e1 en<a class=\"moretag\" href=\"https:\/\/www.manologarciaycia.com\/?p=12468\" title=\"VII Feria Internacional del Disco de Madrid\" target=\"_self\" rel=\"follow\"> <font face=arial size=2>[Leer m\u00e1s]<\/font> <\/a><\/p>\n","protected":false},"author":2,"featured_media":12469,"comment_status":"closed","ping_status":"closed","sticky":false,"template":"","format":"standard","meta":{"footnotes":""},"categories":[1],"tags":[],"class_list":["post-12468","post","type-post","status-publish","format-standard","has-post-thumbnail","hentry","category-manolo-garcia"],"_links":{"self":[{"href":"https:\/\/www.manologarciaycia.com\/index.php?rest_route=\/wp\/v2\/posts\/12468","targetHints":{"allow":["GET"]}}],"collection":[{"href":"https:\/\/www.manologarciaycia.com\/index.php?rest_route=\/wp\/v2\/posts"}],"about":[{"href":"https:\/\/www.manologarciaycia.com\/index.php?rest_route=\/wp\/v2\/types\/post"}],"author":[{"embeddable":true,"href":"https:\/\/www.manologarciaycia.com\/index.php?rest_route=\/wp\/v2\/users\/2"}],"replies":[{"embeddable":true,"href":"https:\/\/www.manologarciaycia.com\/index.php?rest_route=%2Fwp%2Fv2%2Fcomments&post=12468"}],"version-history":[{"count":2,"href":"https:\/\/www.manologarciaycia.com\/index.php?rest_route=\/wp\/v2\/posts\/12468\/revisions"}],"predecessor-version":[{"id":12471,"href":"https:\/\/www.manologarciaycia.com\/index.php?rest_route=\/wp\/v2\/posts\/12468\/revisions\/12471"}],"wp:featuredmedia":[{"embeddable":true,"href":"https:\/\/www.manologarciaycia.com\/index.php?rest_route=\/wp\/v2\/media\/12469"}],"wp:attachment":[{"href":"https:\/\/www.manologarciaycia.com\/index.php?rest_route=%2Fwp%2Fv2%2Fmedia&parent=12468"}],"wp:term":[{"taxonomy":"category","embeddable":true,"href":"https:\/\/www.manologarciaycia.com\/index.php?rest_route=%2Fwp%2Fv2%2Fcategories&post=12468"},{"taxonomy":"post_tag","embeddable":true,"href":"https:\/\/www.manologarciaycia.com\/index.php?rest_route=%2Fwp%2Fv2%2Ftags&post=12468"}],"curies":[{"name":"wp","href":"https:\/\/api.w.org\/{rel}","templated":true}]}}