{"id":1244,"date":"2011-02-25T13:50:50","date_gmt":"2011-02-25T12:50:50","guid":{"rendered":"http:\/\/petaos.net\/?p=1244"},"modified":"2011-02-25T13:50:50","modified_gmt":"2011-02-25T12:50:50","slug":"mg-galeria-fotografias-gala-premios-dial-2010-manolo-garcia","status":"publish","type":"post","link":"https:\/\/www.manologarciaycia.com\/?p=1244","title":{"rendered":"MG: Galer\u00eda Fotograf\u00edas Gala Premios Dial 2010 Manolo Garc\u00eda"},"content":{"rendered":"<p style=\"text-align: center;\"><img loading=\"lazy\" decoding=\"async\" class=\"aligncenter size-full wp-image-1245\" title=\"Mg_Dial_2010_1\" src=\"http:\/\/petaos.net\/wp-content\/uploads\/2011\/02\/Mg_Dial_2010_1.jpg\" alt=\"Mg_Dial_2010_1\" width=\"522\" height=\"361\" srcset=\"https:\/\/www.manologarciaycia.com\/wp-content\/uploads\/2011\/02\/Mg_Dial_2010_1.jpg 653w, https:\/\/www.manologarciaycia.com\/wp-content\/uploads\/2011\/02\/Mg_Dial_2010_1-300x207.jpg 300w\" sizes=\"auto, (max-width: 522px) 100vw, 522px\" \/><\/p>\n<p style=\"text-align: center;\"><img loading=\"lazy\" decoding=\"async\" class=\"aligncenter size-full wp-image-1247\" title=\"Mg_Dial_2010_2\" src=\"http:\/\/petaos.net\/wp-content\/uploads\/2011\/02\/Mg_Dial_2010_2.jpg\" alt=\"Mg_Dial_2010_2\" width=\"518\" height=\"359\" srcset=\"https:\/\/www.manologarciaycia.com\/wp-content\/uploads\/2011\/02\/Mg_Dial_2010_2.jpg 648w, https:\/\/www.manologarciaycia.com\/wp-content\/uploads\/2011\/02\/Mg_Dial_2010_2-300x207.jpg 300w\" sizes=\"auto, (max-width: 518px) 100vw, 518px\" \/><\/p>\n<p style=\"text-align: center;\"><img loading=\"lazy\" decoding=\"async\" class=\"aligncenter size-full wp-image-1248\" title=\"Mg_Dial_2010_3\" src=\"http:\/\/petaos.net\/wp-content\/uploads\/2011\/02\/Mg_Dial_2010_3.jpg\" alt=\"Mg_Dial_2010_3\" width=\"522\" height=\"361\" srcset=\"https:\/\/www.manologarciaycia.com\/wp-content\/uploads\/2011\/02\/Mg_Dial_2010_3.jpg 653w, https:\/\/www.manologarciaycia.com\/wp-content\/uploads\/2011\/02\/Mg_Dial_2010_3-300x207.jpg 300w\" sizes=\"auto, (max-width: 522px) 100vw, 522px\" \/><\/p>\n<p style=\"text-align: center;\">Fuente: Cadena Dial<\/p>\n","protected":false},"excerpt":{"rendered":"<p>Fuente: Cadena Dial<a class=\"moretag\" href=\"https:\/\/www.manologarciaycia.com\/?p=1244\" title=\"MG: Galer\u00eda Fotograf\u00edas Gala Premios Dial 2010 Manolo Garc\u00eda\" target=\"_self\" rel=\"follow\"> <font face=arial size=2>[Leer m\u00e1s]<\/font> <\/a><\/p>\n","protected":false},"author":2,"featured_media":0,"comment_status":"closed","ping_status":"closed","sticky":false,"template":"","format":"standard","meta":{"footnotes":""},"categories":[1],"tags":[205],"class_list":["post-1244","post","type-post","status-publish","format-standard","hentry","category-manolo-garcia","tag-manolo-garcia-galeria-fotografias-cadena-dial-premios-2010"],"_links":{"self":[{"href":"https:\/\/www.manologarciaycia.com\/index.php?rest_route=\/wp\/v2\/posts\/1244","targetHints":{"allow":["GET"]}}],"collection":[{"href":"https:\/\/www.manologarciaycia.com\/index.php?rest_route=\/wp\/v2\/posts"}],"about":[{"href":"https:\/\/www.manologarciaycia.com\/index.php?rest_route=\/wp\/v2\/types\/post"}],"author":[{"embeddable":true,"href":"https:\/\/www.manologarciaycia.com\/index.php?rest_route=\/wp\/v2\/users\/2"}],"replies":[{"embeddable":true,"href":"https:\/\/www.manologarciaycia.com\/index.php?rest_route=%2Fwp%2Fv2%2Fcomments&post=1244"}],"version-history":[{"count":1,"href":"https:\/\/www.manologarciaycia.com\/index.php?rest_route=\/wp\/v2\/posts\/1244\/revisions"}],"predecessor-version":[{"id":1249,"href":"https:\/\/www.manologarciaycia.com\/index.php?rest_route=\/wp\/v2\/posts\/1244\/revisions\/1249"}],"wp:attachment":[{"href":"https:\/\/www.manologarciaycia.com\/index.php?rest_route=%2Fwp%2Fv2%2Fmedia&parent=1244"}],"wp:term":[{"taxonomy":"category","embeddable":true,"href":"https:\/\/www.manologarciaycia.com\/index.php?rest_route=%2Fwp%2Fv2%2Fcategories&post=1244"},{"taxonomy":"post_tag","embeddable":true,"href":"https:\/\/www.manologarciaycia.com\/index.php?rest_route=%2Fwp%2Fv2%2Ftags&post=1244"}],"curies":[{"name":"wp","href":"https:\/\/api.w.org\/{rel}","templated":true}]}}