{"id":12427,"date":"2015-04-15T10:34:08","date_gmt":"2015-04-15T08:34:08","guid":{"rendered":"http:\/\/www.manologarciaycia.com\/?p=12427"},"modified":"2015-04-15T10:34:08","modified_gmt":"2015-04-15T08:34:08","slug":"manolo-garcia-el-viernes-en-conexion-latina","status":"publish","type":"post","link":"https:\/\/www.manologarciaycia.com\/?p=12427","title":{"rendered":"Manolo Garc\u00eda, el viernes en Conexi\u00f3n Latina"},"content":{"rendered":"<p>Este viernes en Conexi\u00f3n Latina, Radio de Viva Voz Manolo Garc\u00eda nos contar\u00e1 con su propia voz todo lo que necesitas saber para enamorarte de su nuevo trabajo. <\/p>\n<p>En la medianoche del viernes al s\u00e1bado en:<br \/>\n<a href=\"http:\/\/www.vivaradio.es\" target=\"_blank\">http:\/\/www.vivaradio.es<\/a><br \/>\n<a href=\"http:\/\/galalatina.esy.es\/CONEXIONLATINA\/index.html\" target=\"_blank\">http:\/\/galalatina.esy.es\/CONEXIONLATINA\/index.html<\/a><\/p>\n<p>\u202a#\u200eManoloGarc\u00eda\u202c \u202a#\u200eVivaRadio\u202c \u202a#\u200eConexi\u00f3nLatina\u202c<\/p>\n","protected":false},"excerpt":{"rendered":"<p>Este viernes en Conexi\u00f3n Latina, Radio de Viva Voz Manolo Garc\u00eda nos contar\u00e1 con su propia voz todo lo que necesitas saber para enamorarte de su nuevo trabajo. En la medianoche del viernes al s\u00e1bado en: http:\/\/www.vivaradio.es http:\/\/galalatina.esy.es\/CONEXIONLATINA\/index.html \u202a#\u200eManoloGarc\u00eda\u202c \u202a#\u200eVivaRadio\u202c \u202a#\u200eConexi\u00f3nLatina\u202c<a class=\"moretag\" href=\"https:\/\/www.manologarciaycia.com\/?p=12427\" title=\"Manolo Garc\u00eda, el viernes en Conexi\u00f3n Latina\" target=\"_self\" rel=\"follow\"> <font face=arial size=2>[Leer m\u00e1s]<\/font> <\/a><\/p>\n","protected":false},"author":2,"featured_media":12428,"comment_status":"closed","ping_status":"closed","sticky":false,"template":"","format":"standard","meta":{"footnotes":""},"categories":[1],"tags":[],"class_list":["post-12427","post","type-post","status-publish","format-standard","has-post-thumbnail","hentry","category-manolo-garcia"],"_links":{"self":[{"href":"https:\/\/www.manologarciaycia.com\/index.php?rest_route=\/wp\/v2\/posts\/12427","targetHints":{"allow":["GET"]}}],"collection":[{"href":"https:\/\/www.manologarciaycia.com\/index.php?rest_route=\/wp\/v2\/posts"}],"about":[{"href":"https:\/\/www.manologarciaycia.com\/index.php?rest_route=\/wp\/v2\/types\/post"}],"author":[{"embeddable":true,"href":"https:\/\/www.manologarciaycia.com\/index.php?rest_route=\/wp\/v2\/users\/2"}],"replies":[{"embeddable":true,"href":"https:\/\/www.manologarciaycia.com\/index.php?rest_route=%2Fwp%2Fv2%2Fcomments&post=12427"}],"version-history":[{"count":1,"href":"https:\/\/www.manologarciaycia.com\/index.php?rest_route=\/wp\/v2\/posts\/12427\/revisions"}],"predecessor-version":[{"id":12429,"href":"https:\/\/www.manologarciaycia.com\/index.php?rest_route=\/wp\/v2\/posts\/12427\/revisions\/12429"}],"wp:featuredmedia":[{"embeddable":true,"href":"https:\/\/www.manologarciaycia.com\/index.php?rest_route=\/wp\/v2\/media\/12428"}],"wp:attachment":[{"href":"https:\/\/www.manologarciaycia.com\/index.php?rest_route=%2Fwp%2Fv2%2Fmedia&parent=12427"}],"wp:term":[{"taxonomy":"category","embeddable":true,"href":"https:\/\/www.manologarciaycia.com\/index.php?rest_route=%2Fwp%2Fv2%2Fcategories&post=12427"},{"taxonomy":"post_tag","embeddable":true,"href":"https:\/\/www.manologarciaycia.com\/index.php?rest_route=%2Fwp%2Fv2%2Ftags&post=12427"}],"curies":[{"name":"wp","href":"https:\/\/api.w.org\/{rel}","templated":true}]}}