{"id":12404,"date":"2015-04-04T12:00:00","date_gmt":"2015-04-04T10:00:00","guid":{"rendered":"http:\/\/www.manologarciaycia.com\/?p=12404"},"modified":"2015-04-04T12:02:35","modified_gmt":"2015-04-04T10:02:35","slug":"el-festival-circ-cric-integra-la-musica-y-la-naturaleza","status":"publish","type":"post","link":"https:\/\/www.manologarciaycia.com\/?p=12404","title":{"rendered":"El Festival Circ Cric integra la m\u00fasica y la naturaleza"},"content":{"rendered":"<p>Un recital de Albert Pla, Quimi Portet y Joan Garriga abre hoy la muestra. <\/p>\n<p>Un concierto familiar en el que Albert Pla, Quimi Portet y Joan Garriga (La Troba Kung-F\u00fa) establecer\u00e1n m\u00e1gicas complicidades con Tortell Poltrona abrir\u00e1 hoy (18.00 horas) la 6\u00aa edici\u00f3n del Festival Circ Cric, que concede a la m\u00fasica un papel creciente a trav\u00e9s de un programa que ofrece una cuarentena de propuestas hasta el 19 de julio. Este a\u00f1o, el v\u00ednculo con la naturaleza es el leitmotiv de esta muestra que tiene lugar en las carpas levantadas en Sant Esteve de Palautordera (Vall\u00e8s oriental) y los bosques del Montseny.<\/p>\n<p>El espect\u00e1culo inaugural, en el que tambi\u00e9n tomar\u00e1n parte Judit Farr\u00e9s, Pep Pascual y Oriol Mateu, partir\u00e1 de un repertorio de canciones tradicionales. Para Portet, actuar en un contexto circense no ser\u00e1 una experiencia in\u00e9dita, puesto que en 1981 fue guitarrista del Circ S\u00e8mola, donde coincidi\u00f3 con Poltrona, fundador y director del Circ Cric. Garriga, \u00abun cl\u00e1sico\u00bb del festival, como lo califica este payaso barcelon\u00e9s, protagonizar\u00e1 m\u00e1s adelante, el 19 de junio, un concierto de La Troba Kung-F\u00fa con el Circ Cric que constituye una tradici\u00f3n anual, y que esta vez contar\u00e1 con la intervenci\u00f3n de un numeroso colectivo de acordeonistas en honor al 10\u00ba aniversario de la asociaci\u00f3n Diat\u00f2nica. El festival programa otros dos recitales, los de S\u00edlvia P\u00e9rez Cruz y Toti Soler (24 de mayo) y Manu Guix (12 de junio).<\/p>\n<p><u><b>Carpas en el bosque<\/u><\/b><\/p>\n<p>Entre las propuestas de este a\u00f1o figuran Bemoll sostingut, premio Zirk\u00f3lika 2014 al mejor espect\u00e1culo de circo en carpa, al que se podr\u00e1 asistir durante 13 domingos a partir de ma\u00f1ana. Este espect\u00e1culo, ideado y dirigido por Jaume Mateu y que cuenta con payasos como el propio Poltrona, as\u00ed como acr\u00f3batas, trapecistas y malabares, incluye la opci\u00f3n de un paseo previo por el bosque dentro del apartado Circ i natura, que, como los itinerarios de El bosc tamb\u00e9 \u00e9s un circ! y Un bosc de nassos, incide en el di\u00e1logo entre las carpas y su entorno.<\/p>\n<p>Otra de las propuestas, Aix\u00f2 encara no \u00e9s un espectacle, a partir del 24 de abril, se basa en la relaci\u00f3n entre tres payasos, Toti Toronell, Pere Hosta y Poltrona, y el p\u00fablico a trav\u00e9s de la escenificaci\u00f3n de un ensayo. La programaci\u00f3n abre una parcela internacional con compa\u00f1\u00edas como la italiana Girovago e Rondella y las francesas Baro d&#8217;Evel Cirk Cie y Circ Hulon, y acoge la segunda edici\u00f3n del Festival Internacional de Pallasses, que, entre el 29 al 31 de mayo, ofrecer\u00e1 espect\u00e1culos como Brujas, de C\u00eda Lolita &#038; Corina (inauguraci\u00f3n), La cloti va al circ, de Merche Ochoa (Premio Nacional de Circo 2014) y Giuletta, de Pepa Plana (Premi Nacional de Cultura de la Generalitat en el 2014).<\/p>\n<p>Fuente: JORDI BIANCIOTTO \/ BARCELONA &#8211; <a href=\"http:\/\/www.elperiodico.com\/es\/noticias\/ocio-y-cultura\/festival-circ-cric-integra-musica-naturaleza-4072317\" target=\"_blank\">Enlace<\/a> al original (te tienes que registrar)<\/p>\n<p>Entradas: <a href=\"https:\/\/www.codetickets.com\/circ-cric\/ca\/circcric.com\/323\/\" target=\"_blank\">ENLACE<\/a><\/p>\n","protected":false},"excerpt":{"rendered":"<p>Un recital de Albert Pla, Quimi Portet y Joan Garriga abre hoy la muestra. Un concierto familiar en el que Albert Pla, Quimi Portet y Joan Garriga (La Troba Kung-F\u00fa) establecer\u00e1n m\u00e1gicas complicidades con Tortell Poltrona abrir\u00e1 hoy (18.00 horas) la 6\u00aa edici\u00f3n del Festival Circ Cric, que concede a la m\u00fasica un papel creciente<a class=\"moretag\" href=\"https:\/\/www.manologarciaycia.com\/?p=12404\" title=\"El Festival Circ Cric integra la m\u00fasica y la naturaleza\" target=\"_self\" rel=\"follow\"> <font face=arial size=2>[Leer m\u00e1s]<\/font> <\/a><\/p>\n","protected":false},"author":2,"featured_media":12407,"comment_status":"closed","ping_status":"closed","sticky":false,"template":"","format":"standard","meta":{"footnotes":""},"categories":[23,9],"tags":[],"class_list":["post-12404","post","type-post","status-publish","format-standard","has-post-thumbnail","hentry","category-otros","category-qumi-portet"],"_links":{"self":[{"href":"https:\/\/www.manologarciaycia.com\/index.php?rest_route=\/wp\/v2\/posts\/12404","targetHints":{"allow":["GET"]}}],"collection":[{"href":"https:\/\/www.manologarciaycia.com\/index.php?rest_route=\/wp\/v2\/posts"}],"about":[{"href":"https:\/\/www.manologarciaycia.com\/index.php?rest_route=\/wp\/v2\/types\/post"}],"author":[{"embeddable":true,"href":"https:\/\/www.manologarciaycia.com\/index.php?rest_route=\/wp\/v2\/users\/2"}],"replies":[{"embeddable":true,"href":"https:\/\/www.manologarciaycia.com\/index.php?rest_route=%2Fwp%2Fv2%2Fcomments&post=12404"}],"version-history":[{"count":2,"href":"https:\/\/www.manologarciaycia.com\/index.php?rest_route=\/wp\/v2\/posts\/12404\/revisions"}],"predecessor-version":[{"id":12408,"href":"https:\/\/www.manologarciaycia.com\/index.php?rest_route=\/wp\/v2\/posts\/12404\/revisions\/12408"}],"wp:featuredmedia":[{"embeddable":true,"href":"https:\/\/www.manologarciaycia.com\/index.php?rest_route=\/wp\/v2\/media\/12407"}],"wp:attachment":[{"href":"https:\/\/www.manologarciaycia.com\/index.php?rest_route=%2Fwp%2Fv2%2Fmedia&parent=12404"}],"wp:term":[{"taxonomy":"category","embeddable":true,"href":"https:\/\/www.manologarciaycia.com\/index.php?rest_route=%2Fwp%2Fv2%2Fcategories&post=12404"},{"taxonomy":"post_tag","embeddable":true,"href":"https:\/\/www.manologarciaycia.com\/index.php?rest_route=%2Fwp%2Fv2%2Ftags&post=12404"}],"curies":[{"name":"wp","href":"https:\/\/api.w.org\/{rel}","templated":true}]}}