{"id":12306,"date":"2015-03-24T13:22:51","date_gmt":"2015-03-24T12:22:51","guid":{"rendered":"http:\/\/www.manologarciaycia.com\/?p=12306"},"modified":"2015-03-24T13:26:04","modified_gmt":"2015-03-24T12:26:04","slug":"quimi-portet-a-sisa-oliver-y-a-mi-nos-une-emplear-la-musica-como-evasion-en-el-mejor-de-los-sentidos","status":"publish","type":"post","link":"https:\/\/www.manologarciaycia.com\/?p=12306","title":{"rendered":"Quimi Portet: \u00abA Sisa, Oliver y a m\u00ed nos une emplear la m\u00fasica como evasi\u00f3n, en el mejor de los sentidos\u00bb"},"content":{"rendered":"<p>La Uni\u00f3n Gal\u00e1ctica que forman Jaume Sisa, Quimi Portet y Joan Miquel Oliver desde hace un par de a\u00f1os viene a casa nuestra en el marco del T\u00e0rrega Sona, el 29 de marzo y unos d\u00edas antes, el 26, en el Auditorio de Lleida, desgranando un magn\u00edfico repertorio. Los tres, lejos de molestarse, han acabado en el escenario como ni\u00f1os en una pasteler\u00eda inventando la m\u00fasica de los astros.<\/p>\n<p><B>Estas actuaciones a tres no ten\u00edais intenci\u00f3n de que tuvieran un recorrido largo.<\/ B><br \/>\n<I>De hecho, hace un par de a\u00f1os, para abrir el Mercado de M\u00fasica Viva de Vic, nos lo propusieron a los tres por separado, \u00a1dici\u00e9ndonos que los otros dos hab\u00edan dicho que s\u00ed! (R\u00ede). Y no nos pudimos negar. Pero desde el primer d\u00eda de ensayo nos lo pasamos tan bien que hemos ido repitiendo. <\/ I><\/p>\n<p><B>Este tr\u00edo \u2013 Col.lectiu Eternity &#8211; lo form\u00e1is tres generaciones sucesivas, pero se une el mismo surrealismo, la misma iron\u00eda en las letras. <\/ B><br \/>\n<I> Creo que en la m\u00fasica popular hay dos tipos de m\u00fasico: el que es muy consciente de su realidad social, la denuncia y trata de cambiarla. Y el otro m\u00fasico, que va a su bola, y que hace m\u00fasica para huir de esta realidad y vivir en su mundo de ensue\u00f1o donde se est\u00e1 muy c\u00f3modo y confortable (r\u00ede). Lo que nos une a los tres es emplear la m\u00fasica como evasi\u00f3n en el sentido positivo de la palabra. <\/ I><\/p>\n<p><B>Sois muy diferentes los tres, sin embargo. <\/ B><br \/>\n<I>Si, por eso nos entendemos tan bien. Sisa es el verdadero hombre-espect\u00e1culo, nuestro Freddy Mercury local (sonr\u00ede) y Joan Miquel y yo siempre hemos formado parte de bandas. La estructura del espect\u00e1culo funciona de manera natural. <\/ I><\/p>\n<p><B>Entre los tres sum\u00e1is m\u00e1s de 400 canciones. <\/ B><br \/>\n<I>&#8230; y no las interpretamos todas, \u00a1afortunadamente por el p\u00fablico! pero si que cada uno interpreta temas de los dem\u00e1s. El espect\u00e1culo est\u00e1 muy bien estructurado: si a\u00f1adimos o quitamos canciones, lo hacemos de tres en tres \u00a1diplomacia! <\/ I><\/p>\n<p><B>El espect\u00e1culo lo compagin\u00e1is con sus respectivas carreras. <\/ B><br \/>\neste espect\u00e1culo est\u00e1 muy trabajado, nos lleva mucho tiempo. Pero es tan gratificante. Si nos llaman, vamos. El trabajo musical de cada uno est\u00e1 delante, evidentemente. Joan Miguel es el que est\u00e1, ahora, m\u00e1s atareado. Mientras lo podamos compaginar y nos divierta, iremos actuando. <\/ I><\/p>\n<p><B>\u00bfTras el &#8216;Oh, my love&#8217; est\u00e1s preparando alg\u00fan otro trabajo? <\/ B><br \/>\n<I> Yo siempre voy haciendo temas en el estudio, siempre compongo, algo an\u00e1rquicamente. Despu\u00e9s las canciones se colocan solas, a medida que se van espesando.<\/ I><\/p>\n<p>Fuente: LaManyana.cat &#8211; De Cua d&#8217;Ull &#8211; Rosa Peroy<\/p>\n<p><u><b>Original en Catal\u00e0:<\/b><\/u><\/p>\n<p>La &#8216;Uni\u00f3 Gal\u00e0ctica&#8217; que formen Jaume Sisa, Quimi Portet i Joan Miquel Oliver des de fa un parell d&#8217;anys ve a casa nostra en el marc del T\u00e0rrega Sona, el 29 de mar\u00e7 i uns dies abans, el 26, a l&#8217;Auditori de Lleida, desgranant un magn\u00edfic repertori. Tots tres, lluny de fer-se nosa, han acabat damunt de l&#8217;escenari com a nens a una pastisseria inventant la m\u00fasica dels astres.<\/p>\n<p><b>Aquestes actuacions a tres no ten\u00edeu intenci\u00f3 que tinguessin un reconegut llarg.<\/b><br \/>\n<i>De fet, fa un parell danys, per obrir el Mercat de M\u00fasica Viva de Vic, ens ho van proposar als tres per separat, dient-nos que els altres dos havien dit que si! (riu). I no ens vam poder negar. Per\u00f2 des del primer dia d&#8217;assaig ens ho vam passar tan b\u00e9 que hem anat repetint.<\/i><\/p>\n<p><b>Aquest trio &#8211; Col.lectiu Eternity &#8211; el formeu tres generacions successives, per\u00f2 es uneix el mateix surrealisme, la mateixa ironia en les lletres.<\/b><br \/>\n<i>Crec que en la m\u00fasica popular hi ha dos tipus de m\u00fasic: el que es molt conscient de la seua realitat social, la denuncia i mira de canviar-la. I l&#8217;altre m\u00fasic, que va a la seva bola, i que fa m\u00fasica per fugir d&#8217;aquesta realitat i viure en el seu m\u00f3n de somni on s&#8217;hi est\u00e0 molt c\u00f2mode i confortable (riu). El que ens uneix a tots tres \u00e9s emprar la m\u00fasica com a evasi\u00f3 en el sentit positiu de la paraula.<\/i><\/p>\n<p><b>Sou molt diferents tots tres, per\u00f2.<\/b><br \/>\n<i>Si, per aix\u00f2 ens entenem tan b\u00e9. En Sisa es el veritable home-espectacle, el nostre Freddy Mercury local (somriu) i el Joan Miquel i jo sempre hem format part de bandes. L&#8217;estructura de l&#8217;espectacle funciona de manera natural.<\/i><\/p>\n<p><b>Entre ets tres sumeu m\u00e9s de 400 can\u00e7ons.<\/b><br \/>\n<i>&#8230; i no les interpretem totes, afortunadament pel p\u00fablic! Per\u00f2 si cadasc\u00fa interpreta temes dels altres. L&#8217;espectacle est\u00e0 molt ben estructurat: si afegim o traiem can\u00e7ons, ho fem de tres en tres. Diplom\u00e0cia!<\/i><\/p>\n<p><b>L&#8217;espectacle el compagineu amb les vostres respectives carreres.<\/b><br \/>\nEst\u00e0 molt treballat, aquest espectacle, ens porta molt temps. Per\u00f2 \u00e9s tan gratificant. que si ens criden, hi anem. La feina musical de cadasc\u00fa va davant, evidentment. El Joan Miquel \u00e9s el que est\u00e0, ara, m\u00e9s enfeinat. Mentre ho puguem compaginar i ens diverteixi, anirem actuant.<\/i><\/p>\n<p><b>Despr\u00e9s del &#8216;Oh, my love&#8217; est\u00e0s preparant algun altre treball?<\/b><br \/>\n<i>Jo sempre vaig fent temes a l&#8217;estudi, sempre composo, una mica an\u00e0rquicament. Despr\u00e9s les can\u00e7ons es col.loquen soles, a mesura que es van espessint.<\/i><\/p>\n<p>Font: LaManyana.cat &#8211; De Cua d&#8217;Ull &#8211; Rosa Peroy<\/p>\n<p><a href=\"http:\/\/www.manologarciaycia.com\/wp-content\/uploads\/2015\/03\/QP_Decuadull.jpg\"><img loading=\"lazy\" decoding=\"async\" src=\"http:\/\/www.manologarciaycia.com\/wp-content\/uploads\/2015\/03\/QP_Decuadull.jpg\" alt=\"QP_Decuadull\" width=\"464\" height=\"786\" class=\"aligncenter size-full wp-image-12309\" srcset=\"https:\/\/www.manologarciaycia.com\/wp-content\/uploads\/2015\/03\/QP_Decuadull.jpg 464w, https:\/\/www.manologarciaycia.com\/wp-content\/uploads\/2015\/03\/QP_Decuadull-295x500.jpg 295w\" sizes=\"auto, (max-width: 464px) 100vw, 464px\" \/><\/a><\/p>\n","protected":false},"excerpt":{"rendered":"<p>La Uni\u00f3n Gal\u00e1ctica que forman Jaume Sisa, Quimi Portet y Joan Miquel Oliver desde hace un par de a\u00f1os viene a casa nuestra en el marco del T\u00e0rrega Sona, el 29 de marzo y unos d\u00edas antes, el 26, en el Auditorio de Lleida, desgranando un magn\u00edfico repertorio. Los tres, lejos de molestarse, han acabado<a class=\"moretag\" href=\"https:\/\/www.manologarciaycia.com\/?p=12306\" title=\"Quimi Portet: \u00abA Sisa, Oliver y a m\u00ed nos une emplear la m\u00fasica como evasi\u00f3n, en el mejor de los sentidos\u00bb\" target=\"_self\" rel=\"follow\"> <font face=arial size=2>[Leer m\u00e1s]<\/font> <\/a><\/p>\n","protected":false},"author":2,"featured_media":8930,"comment_status":"closed","ping_status":"closed","sticky":false,"template":"","format":"standard","meta":{"footnotes":""},"categories":[9],"tags":[],"class_list":["post-12306","post","type-post","status-publish","format-standard","has-post-thumbnail","hentry","category-qumi-portet"],"_links":{"self":[{"href":"https:\/\/www.manologarciaycia.com\/index.php?rest_route=\/wp\/v2\/posts\/12306","targetHints":{"allow":["GET"]}}],"collection":[{"href":"https:\/\/www.manologarciaycia.com\/index.php?rest_route=\/wp\/v2\/posts"}],"about":[{"href":"https:\/\/www.manologarciaycia.com\/index.php?rest_route=\/wp\/v2\/types\/post"}],"author":[{"embeddable":true,"href":"https:\/\/www.manologarciaycia.com\/index.php?rest_route=\/wp\/v2\/users\/2"}],"replies":[{"embeddable":true,"href":"https:\/\/www.manologarciaycia.com\/index.php?rest_route=%2Fwp%2Fv2%2Fcomments&post=12306"}],"version-history":[{"count":5,"href":"https:\/\/www.manologarciaycia.com\/index.php?rest_route=\/wp\/v2\/posts\/12306\/revisions"}],"predecessor-version":[{"id":12312,"href":"https:\/\/www.manologarciaycia.com\/index.php?rest_route=\/wp\/v2\/posts\/12306\/revisions\/12312"}],"wp:featuredmedia":[{"embeddable":true,"href":"https:\/\/www.manologarciaycia.com\/index.php?rest_route=\/wp\/v2\/media\/8930"}],"wp:attachment":[{"href":"https:\/\/www.manologarciaycia.com\/index.php?rest_route=%2Fwp%2Fv2%2Fmedia&parent=12306"}],"wp:term":[{"taxonomy":"category","embeddable":true,"href":"https:\/\/www.manologarciaycia.com\/index.php?rest_route=%2Fwp%2Fv2%2Fcategories&post=12306"},{"taxonomy":"post_tag","embeddable":true,"href":"https:\/\/www.manologarciaycia.com\/index.php?rest_route=%2Fwp%2Fv2%2Ftags&post=12306"}],"curies":[{"name":"wp","href":"https:\/\/api.w.org\/{rel}","templated":true}]}}