{"id":12303,"date":"2015-03-24T08:07:51","date_gmt":"2015-03-24T07:07:51","guid":{"rendered":"http:\/\/www.manologarciaycia.com\/?p=12303"},"modified":"2015-03-24T08:10:14","modified_gmt":"2015-03-24T07:10:14","slug":"reconocimiento-al-saber-hacer-premios-de-pura-cepa-tv-rioja","status":"publish","type":"post","link":"https:\/\/www.manologarciaycia.com\/?p=12303","title":{"rendered":"Reconocimiento al saber hacer. Premios De Pura Cepa, TV Rioja"},"content":{"rendered":"<p>La Gala contar\u00e1 con la presencia de Manolo Garc\u00eda, uno de los premiados junto a Josema Yuste, Amaia Montero, M\u00f3nica Carrillo, la serie &#8216;Velvet&#8217; y Nacho Guerreros son los premiados. TVR premia hoy el talento de estos seis artistas nacionales con los &#8216;Galardones De Pura Cepa&#8217;.<\/p>\n<p>La cadena auton\u00f3mica TVR premia esta noche a seis artistas de \u00e1mbito nacional en sus &#8216;Galardones De Pura Cepa&#8217;. El c\u00f3mico Josema Yuste, los cantantes Manolo Garc\u00eda y Amaia Montero, la escritora y periodista M\u00f3nica Carrillo, la serie de televisi\u00f3n &#8216;Velvet&#8217; y el actor riojano Nacho Guerreros subir\u00e1n al escenario instalado en el restaurante Delicatto para recoger sus premios.<\/p>\n<p>En una velada m\u00e1gica, especial y \u00fanica (para la que se han agotado las invitaciones) la cadena de televisi\u00f3n reconoce el talento y el buen hacer de figuras del mundo cultural y de las artes esc\u00e9nicas. La gala ser\u00e1 retransmitida a partir de las 22.30 horas por TVR.<\/p>\n<p>Con casi cinco millones de espectadores durante dos temporadas seguidas, la serie de Antena 3 &#8216;Velvet&#8217; recoger\u00e1, a trav\u00e9s de su director, Carlos Sedes, el galard\u00f3n a la mejor producci\u00f3n de televisi\u00f3n. Porque no es nada f\u00e1cil atrapar al espectador y mantenerlo fiel a la peque\u00f1a pantalla.<\/p>\n<p>Una periodista de raza, una todoterreno del sector audiovisual, M\u00f3nica Carrillo, es la premiada como mejor comunicadora, una faceta a la que acaba de a\u00f1adir la de escritora, con su primera novela &#8216;La luz de Candela&#8217;.<\/p>\n<p>De cepa especial<\/p>\n<p>La cadena reserva siempre un lugar especial para un galard\u00f3n m\u00e1s &#8216;De Pura Cepa&#8217; que ninguno y en esta ocasi\u00f3n es el calagurritano Nacho Guerreros, el popular Coque de la desternillante la serie &#8216;La que se Avecina&#8217;, el que recoger\u00e1 este premio.<\/p>\n<p>No muy lejos de esta comunidad ha nacido otra protagonista que esta noche brillar\u00e1 con luz propia. Amaia Montero comenz\u00f3 joven su carrera y con apenas 22 a\u00f1os, hab\u00eda firmado ya con una gran discogr\u00e1fica. Ha llenado estadios, teatros y plazas en Espa\u00f1a y Latinoam\u00e9rica y esta noche recala en Logro\u00f1o para recoger el galard\u00f3n a la cantante del a\u00f1o.<\/p>\n<p>El actor Josema Yuste, un hombre que forma parte de la historia del humor en nuestro pa\u00eds, ser\u00e1 reconocido por su trayectoria profesional. Pr\u00e1cticamente ha tocado todos los &#8216;palos&#8217; y todos ellos con \u00e9xito.<\/p>\n<p>Los galardones &#8216;De Pura Cepa&#8217; contar\u00e1n con un broche de oro de la mano de Manolo Garc\u00eda, premiado como &#8216;Mejor artista nacional&#8217;, un m\u00fasico con may\u00fasculas que regresa al panorama con un disco grabado en Nueva York, &#8216;Todo es ahora&#8217;.<\/p>\n<p>Todo lo ocurrido esta noche en los &#8216;Galardones De Pura Cepa&#8217;, las mejores im\u00e1genes y protagonistas, se recoger\u00e1n en un suplemento especial en Diario LA RIOJA que se publicar\u00e1 el domingo 29 de marzo.<\/p>\n<p>Se podr\u00e1 ver en directo por la web de TVR 22:30 <a href=\"http:\/\/www.tvr.es\/directo\/\" target=\"_blank\">http:\/\/www.tvr.es\/directo\/<\/a><\/p>\n<p>Fuente: La Rioja.com &#8211; ENLACE<a href=\"http:\/\/www.larioja.com\/culturas\/201503\/24\/reconocimiento-saber-hacer-20150324005018-v.html\" target=\"_blank\"><\/a><\/p>\n","protected":false},"excerpt":{"rendered":"<p>La Gala contar\u00e1 con la presencia de Manolo Garc\u00eda, uno de los premiados junto a Josema Yuste, Amaia Montero, M\u00f3nica Carrillo, la serie &#8216;Velvet&#8217; y Nacho Guerreros son los premiados. TVR premia hoy el talento de estos seis artistas nacionales con los &#8216;Galardones De Pura Cepa&#8217;. La cadena auton\u00f3mica TVR premia esta noche a seis<a class=\"moretag\" href=\"https:\/\/www.manologarciaycia.com\/?p=12303\" title=\"Reconocimiento al saber hacer. Premios De Pura Cepa, TV Rioja\" target=\"_self\" rel=\"follow\"> <font face=arial size=2>[Leer m\u00e1s]<\/font> <\/a><\/p>\n","protected":false},"author":2,"featured_media":12220,"comment_status":"closed","ping_status":"closed","sticky":false,"template":"","format":"standard","meta":{"footnotes":""},"categories":[1],"tags":[],"class_list":["post-12303","post","type-post","status-publish","format-standard","has-post-thumbnail","hentry","category-manolo-garcia"],"_links":{"self":[{"href":"https:\/\/www.manologarciaycia.com\/index.php?rest_route=\/wp\/v2\/posts\/12303","targetHints":{"allow":["GET"]}}],"collection":[{"href":"https:\/\/www.manologarciaycia.com\/index.php?rest_route=\/wp\/v2\/posts"}],"about":[{"href":"https:\/\/www.manologarciaycia.com\/index.php?rest_route=\/wp\/v2\/types\/post"}],"author":[{"embeddable":true,"href":"https:\/\/www.manologarciaycia.com\/index.php?rest_route=\/wp\/v2\/users\/2"}],"replies":[{"embeddable":true,"href":"https:\/\/www.manologarciaycia.com\/index.php?rest_route=%2Fwp%2Fv2%2Fcomments&post=12303"}],"version-history":[{"count":2,"href":"https:\/\/www.manologarciaycia.com\/index.php?rest_route=\/wp\/v2\/posts\/12303\/revisions"}],"predecessor-version":[{"id":12305,"href":"https:\/\/www.manologarciaycia.com\/index.php?rest_route=\/wp\/v2\/posts\/12303\/revisions\/12305"}],"wp:featuredmedia":[{"embeddable":true,"href":"https:\/\/www.manologarciaycia.com\/index.php?rest_route=\/wp\/v2\/media\/12220"}],"wp:attachment":[{"href":"https:\/\/www.manologarciaycia.com\/index.php?rest_route=%2Fwp%2Fv2%2Fmedia&parent=12303"}],"wp:term":[{"taxonomy":"category","embeddable":true,"href":"https:\/\/www.manologarciaycia.com\/index.php?rest_route=%2Fwp%2Fv2%2Fcategories&post=12303"},{"taxonomy":"post_tag","embeddable":true,"href":"https:\/\/www.manologarciaycia.com\/index.php?rest_route=%2Fwp%2Fv2%2Ftags&post=12303"}],"curies":[{"name":"wp","href":"https:\/\/api.w.org\/{rel}","templated":true}]}}