{"id":12295,"date":"2015-03-23T12:44:56","date_gmt":"2015-03-23T11:44:56","guid":{"rendered":"http:\/\/www.manologarciaycia.com\/?p=12295"},"modified":"2015-03-23T12:49:14","modified_gmt":"2015-03-23T11:49:14","slug":"manolo-garcia-llego-canto-y-triunfo-en-la-noche-de-cadena-100","status":"publish","type":"post","link":"https:\/\/www.manologarciaycia.com\/?p=12295","title":{"rendered":"Manolo Garc\u00eda lleg\u00f3, cant\u00f3 y triunf\u00f3 en La Noche de Cadena 100"},"content":{"rendered":"<p>Es de esos indispensables en la industria musical que puso el Barclaycard Center de Madrid en pi\u00e9. En la noche de Cadena 100 nosotros ten\u00edamos una cita indispensable con \u00e9l . Manolo Garc\u00eda es parte de la historia viva de nuestra m\u00fasica en nuestro pa\u00eds. Regal\u00f3 a todo el p\u00fablico de Madrid \u201cCaminar\u00e9\u201c, \u201cEs mejor sentir\u201d , \u201cA San Fernando\u201d , \u201cViernes\u201c.<\/p>\n<p>Minutos antes tuvimos la oportunidad de disfrutar de su talento, su magia y su lado m\u00e1s solidario. Estuvo con nosotros unos minutos donde pudimos disfrutar de sus \u00faltimas novedades profesionales y de como encaraba su vuelta a Madrid por todo lo alto. Bienvenidos de nuevo a Manolo Garc\u00eda.<\/p>\n<p><center><iframe loading=\"lazy\" title=\"LACAJADMUSICA.ORG | MANOLO GARC\u00cdA &quot;LA NOCHE DE CADENA 100&quot; 2015 | MARZO 2015\" width=\"615\" height=\"346\" src=\"https:\/\/www.youtube.com\/embed\/3IRam6c4XMY?feature=oembed\" frameborder=\"0\" allow=\"accelerometer; autoplay; clipboard-write; encrypted-media; gyroscope; picture-in-picture; web-share\" referrerpolicy=\"strict-origin-when-cross-origin\" allowfullscreen><\/iframe><\/center><\/p>\n<p>Fuente: La Caja de M\u00fasica &#8211; Enlace y galer\u00eda con im\u00e1genes: <a href=\"http:\/\/lacajadmusica.org\/manolo-garcia-llego-canto-y-triunfo-en-la-noche-de-cadena-100-2015\/\" target=\"_blank\">ENLACE<\/a><\/p>\n","protected":false},"excerpt":{"rendered":"<p>Es de esos indispensables en la industria musical que puso el Barclaycard Center de Madrid en pi\u00e9. En la noche de Cadena 100 nosotros ten\u00edamos una cita indispensable con \u00e9l . Manolo Garc\u00eda es parte de la historia viva de nuestra m\u00fasica en nuestro pa\u00eds. Regal\u00f3 a todo el p\u00fablico de Madrid \u201cCaminar\u00e9\u201c, \u201cEs mejor<a class=\"moretag\" href=\"https:\/\/www.manologarciaycia.com\/?p=12295\" title=\"Manolo Garc\u00eda lleg\u00f3, cant\u00f3 y triunf\u00f3 en La Noche de Cadena 100\" target=\"_self\" rel=\"follow\"> <font face=arial size=2>[Leer m\u00e1s]<\/font> <\/a><\/p>\n","protected":false},"author":2,"featured_media":12298,"comment_status":"closed","ping_status":"closed","sticky":false,"template":"","format":"standard","meta":{"footnotes":""},"categories":[1],"tags":[],"class_list":["post-12295","post","type-post","status-publish","format-standard","has-post-thumbnail","hentry","category-manolo-garcia"],"_links":{"self":[{"href":"https:\/\/www.manologarciaycia.com\/index.php?rest_route=\/wp\/v2\/posts\/12295","targetHints":{"allow":["GET"]}}],"collection":[{"href":"https:\/\/www.manologarciaycia.com\/index.php?rest_route=\/wp\/v2\/posts"}],"about":[{"href":"https:\/\/www.manologarciaycia.com\/index.php?rest_route=\/wp\/v2\/types\/post"}],"author":[{"embeddable":true,"href":"https:\/\/www.manologarciaycia.com\/index.php?rest_route=\/wp\/v2\/users\/2"}],"replies":[{"embeddable":true,"href":"https:\/\/www.manologarciaycia.com\/index.php?rest_route=%2Fwp%2Fv2%2Fcomments&post=12295"}],"version-history":[{"count":1,"href":"https:\/\/www.manologarciaycia.com\/index.php?rest_route=\/wp\/v2\/posts\/12295\/revisions"}],"predecessor-version":[{"id":12296,"href":"https:\/\/www.manologarciaycia.com\/index.php?rest_route=\/wp\/v2\/posts\/12295\/revisions\/12296"}],"wp:featuredmedia":[{"embeddable":true,"href":"https:\/\/www.manologarciaycia.com\/index.php?rest_route=\/wp\/v2\/media\/12298"}],"wp:attachment":[{"href":"https:\/\/www.manologarciaycia.com\/index.php?rest_route=%2Fwp%2Fv2%2Fmedia&parent=12295"}],"wp:term":[{"taxonomy":"category","embeddable":true,"href":"https:\/\/www.manologarciaycia.com\/index.php?rest_route=%2Fwp%2Fv2%2Fcategories&post=12295"},{"taxonomy":"post_tag","embeddable":true,"href":"https:\/\/www.manologarciaycia.com\/index.php?rest_route=%2Fwp%2Fv2%2Ftags&post=12295"}],"curies":[{"name":"wp","href":"https:\/\/api.w.org\/{rel}","templated":true}]}}