{"id":1228,"date":"2011-02-23T09:30:14","date_gmt":"2011-02-23T08:30:14","guid":{"rendered":"http:\/\/petaos.net\/?p=1228"},"modified":"2011-02-23T09:39:17","modified_gmt":"2011-02-23T08:39:17","slug":"mg-los-fans-se-vuelcan-con-los-premios-dial","status":"publish","type":"post","link":"https:\/\/www.manologarciaycia.com\/?p=1228","title":{"rendered":"MG: Los fans se vuelcan con los Premios Dial &#8211; Gala Completa en v\u00eddeo"},"content":{"rendered":"<p><img loading=\"lazy\" decoding=\"async\" class=\"alignleft\" src=\"http:\/\/www.cadenadial.com\/media\/201102\/23\/20110223_8_cadenadial.jpg\" alt=\"\" width=\"327\" height=\"241\" \/>Miles de personas llenaron ayer los alrededores del Auditorio de  Tenerife para ver la llegada de los 22 artistas que recibieron anoche  los Premios de Cadena Dial. Los fans se hicieron notar desde primeras  horas de la tarde y no pararon de gritar el nombre de sus \u00eddolos.<\/p>\n<p>Especialmente aplaudidos fueron Ricky Martin, Juanes y Bustamante, que  derroch\u00f3 simpat\u00eda y no dud\u00f3 en saludar al p\u00fablico, al igual que <strong>Manolo  Garc\u00eda<\/strong>, que se mostr\u00f3 muy entregado. Uno a uno, premiados e invitados  fueron ocupando sus lugares en una gala en la que brill\u00f3 especialmente  Dani Mart\u00edn, otro de los m\u00e1s vitoreados, que cerr\u00f3 anoche la gala con un  miniconcierto. Juan Luis Guerra, uno de los \u00faltimos en llegar, se  mostr\u00f3 feliz ante el concierto que ofrecer\u00e1 en Tenerife en junio. La  canaria Rosana, siempre pr\u00f3xima, firm\u00f3 aut\u00f3grafos y los m\u00e1s afortunados  se sacaron incluso alguna foto.<\/p>\n<p style=\"text-align: center;\"><a href=\"http:\/\/www.cadenadial.com\/static\/especiales\/premios-20aniversariodial\/\" target=\"_blank\">Enlace a un Especial<\/a> &#8211; <a href=\"http:\/\/www.cadenadial.com\/comunes\/multimedia\/multicam\/gala_cadena_dial.html\" target=\"_blank\">Enlace a Gala Completa<\/a><\/p>\n<p>Fuente: El D\u00eda (Tenerife) y CadenaDial.com<\/p>\n","protected":false},"excerpt":{"rendered":"<p>Miles de personas llenaron ayer los alrededores del Auditorio de Tenerife para ver la llegada de los 22 artistas que recibieron anoche los Premios de Cadena Dial. Los fans se hicieron notar desde primeras horas de la tarde y no pararon de gritar el nombre de sus \u00eddolos. Especialmente aplaudidos fueron Ricky Martin, Juanes y<a class=\"moretag\" href=\"https:\/\/www.manologarciaycia.com\/?p=1228\" title=\"MG: Los fans se vuelcan con los Premios Dial &#8211; Gala Completa en v\u00eddeo\" target=\"_self\" rel=\"follow\"> <font face=arial size=2>[Leer m\u00e1s]<\/font> <\/a><\/p>\n","protected":false},"author":2,"featured_media":0,"comment_status":"closed","ping_status":"closed","sticky":false,"template":"","format":"standard","meta":{"footnotes":""},"categories":[1,23],"tags":[200],"class_list":["post-1228","post","type-post","status-publish","format-standard","hentry","category-manolo-garcia","category-otros","tag-manolo-garcia-premios-cadena-dial-tenerife"],"_links":{"self":[{"href":"https:\/\/www.manologarciaycia.com\/index.php?rest_route=\/wp\/v2\/posts\/1228","targetHints":{"allow":["GET"]}}],"collection":[{"href":"https:\/\/www.manologarciaycia.com\/index.php?rest_route=\/wp\/v2\/posts"}],"about":[{"href":"https:\/\/www.manologarciaycia.com\/index.php?rest_route=\/wp\/v2\/types\/post"}],"author":[{"embeddable":true,"href":"https:\/\/www.manologarciaycia.com\/index.php?rest_route=\/wp\/v2\/users\/2"}],"replies":[{"embeddable":true,"href":"https:\/\/www.manologarciaycia.com\/index.php?rest_route=%2Fwp%2Fv2%2Fcomments&post=1228"}],"version-history":[{"count":6,"href":"https:\/\/www.manologarciaycia.com\/index.php?rest_route=\/wp\/v2\/posts\/1228\/revisions"}],"predecessor-version":[{"id":1234,"href":"https:\/\/www.manologarciaycia.com\/index.php?rest_route=\/wp\/v2\/posts\/1228\/revisions\/1234"}],"wp:attachment":[{"href":"https:\/\/www.manologarciaycia.com\/index.php?rest_route=%2Fwp%2Fv2%2Fmedia&parent=1228"}],"wp:term":[{"taxonomy":"category","embeddable":true,"href":"https:\/\/www.manologarciaycia.com\/index.php?rest_route=%2Fwp%2Fv2%2Fcategories&post=1228"},{"taxonomy":"post_tag","embeddable":true,"href":"https:\/\/www.manologarciaycia.com\/index.php?rest_route=%2Fwp%2Fv2%2Ftags&post=1228"}],"curies":[{"name":"wp","href":"https:\/\/api.w.org\/{rel}","templated":true}]}}