{"id":1226,"date":"2011-02-22T11:00:38","date_gmt":"2011-02-22T10:00:38","guid":{"rendered":"http:\/\/petaos.net\/?p=1226"},"modified":"2011-02-22T11:00:38","modified_gmt":"2011-02-22T10:00:38","slug":"mg-premios-dial-2010-cuenta-atras","status":"publish","type":"post","link":"https:\/\/www.manologarciaycia.com\/?p=1226","title":{"rendered":"MG: Premios Dial 2010 &#8211; Cuenta atr\u00e1s&#8230;"},"content":{"rendered":"<p>Este martes 22 de febrero a las 22 horas, una menos desde Tenerife, <a href=\"http:\/\/www.cadenadial.com\" target=\"_blank\">cadenadial.com<\/a> te ceder\u00e1 el mando para ver la Gala.<\/p>\n<p>Interactiva y multimedia. Este a\u00f1o t\u00fa podr\u00e1s decidir desde qu\u00e9 punto de vista y en cada momento ver lo que quieras gracias a nuestras cinco c\u00e1maras que estar\u00e1n retransmitiendo en tiempo real la Gala de entrega de esta edici\u00f3n especial de los Premios Dial. Y no s\u00f3lo eso, sino que podr\u00e1s rebobinar y volver a ver el instante que desees o conectarte directamente al ser de radio donde Rafa Cano y Carmen Ram\u00edrez estar\u00e1n entrevistando a todos los artistas y adem\u00e1s, comentarlo y dar tu opini\u00f3n a trav\u00e9s de Facebook.<\/p>\n<p>Han sido 20 a\u00f1os apostando por la mejor m\u00fasica en espa\u00f1ol lo que nos ha tra\u00eddo hasta aqu\u00ed y se reconocer\u00e1 las carreras de Rosario, Manolo Garc\u00eda, Miguel R\u00edos, Rosana, Juan Luis Guerra, David Bisbal, Estopa, Sergio Dalma, El Barrio, Miguel Bos\u00e9 y Merche, ganadores de los Premios Especiales 20 Aniversario. Tambi\u00e9n se conceder\u00e1n los galardones anuales a los artistas m\u00e1s destacados de 2010, en esta edici\u00f3n ser\u00e1 Ricky Martin, Mal\u00fa, Juanes, Macaco, El Arrebato, Melendi, Ana Torroja, Lya, Diego Mart\u00edn, Bustamante y Dani Mart\u00edn.<\/p>\n<p>La gala de los Premios Dial 2010 se celebrar\u00e1 este martes 22 de febrero en El Auditorio de Santa Cruz de Tenerife, un evento que no te puedes perder.<\/p>\n<p>Fuente: Cadena Dial<\/p>\n","protected":false},"excerpt":{"rendered":"<p>Este martes 22 de febrero a las 22 horas, una menos desde Tenerife, cadenadial.com te ceder\u00e1 el mando para ver la Gala. Interactiva y multimedia. Este a\u00f1o t\u00fa podr\u00e1s decidir desde qu\u00e9 punto de vista y en cada momento ver lo que quieras gracias a nuestras cinco c\u00e1maras que estar\u00e1n retransmitiendo en tiempo real la<a class=\"moretag\" href=\"https:\/\/www.manologarciaycia.com\/?p=1226\" title=\"MG: Premios Dial 2010 &#8211; Cuenta atr\u00e1s&#8230;\" target=\"_self\" rel=\"follow\"> <font face=arial size=2>[Leer m\u00e1s]<\/font> <\/a><\/p>\n","protected":false},"author":2,"featured_media":0,"comment_status":"closed","ping_status":"closed","sticky":false,"template":"","format":"standard","meta":{"footnotes":""},"categories":[1,23],"tags":[199],"class_list":["post-1226","post","type-post","status-publish","format-standard","hentry","category-manolo-garcia","category-otros","tag-manolo-garcia-premios-dial-2010-cadena"],"_links":{"self":[{"href":"https:\/\/www.manologarciaycia.com\/index.php?rest_route=\/wp\/v2\/posts\/1226","targetHints":{"allow":["GET"]}}],"collection":[{"href":"https:\/\/www.manologarciaycia.com\/index.php?rest_route=\/wp\/v2\/posts"}],"about":[{"href":"https:\/\/www.manologarciaycia.com\/index.php?rest_route=\/wp\/v2\/types\/post"}],"author":[{"embeddable":true,"href":"https:\/\/www.manologarciaycia.com\/index.php?rest_route=\/wp\/v2\/users\/2"}],"replies":[{"embeddable":true,"href":"https:\/\/www.manologarciaycia.com\/index.php?rest_route=%2Fwp%2Fv2%2Fcomments&post=1226"}],"version-history":[{"count":1,"href":"https:\/\/www.manologarciaycia.com\/index.php?rest_route=\/wp\/v2\/posts\/1226\/revisions"}],"predecessor-version":[{"id":1227,"href":"https:\/\/www.manologarciaycia.com\/index.php?rest_route=\/wp\/v2\/posts\/1226\/revisions\/1227"}],"wp:attachment":[{"href":"https:\/\/www.manologarciaycia.com\/index.php?rest_route=%2Fwp%2Fv2%2Fmedia&parent=1226"}],"wp:term":[{"taxonomy":"category","embeddable":true,"href":"https:\/\/www.manologarciaycia.com\/index.php?rest_route=%2Fwp%2Fv2%2Fcategories&post=1226"},{"taxonomy":"post_tag","embeddable":true,"href":"https:\/\/www.manologarciaycia.com\/index.php?rest_route=%2Fwp%2Fv2%2Ftags&post=1226"}],"curies":[{"name":"wp","href":"https:\/\/api.w.org\/{rel}","templated":true}]}}