{"id":12227,"date":"2015-03-20T12:07:25","date_gmt":"2015-03-20T11:07:25","guid":{"rendered":"http:\/\/www.manologarciaycia.com\/?p=12227"},"modified":"2025-10-14T12:47:06","modified_gmt":"2025-10-14T10:47:06","slug":"este-sabado-cita-con-las-estrellas-en-la-noche-de-cadena-100","status":"publish","type":"post","link":"https:\/\/www.manologarciaycia.com\/?p=12227","title":{"rendered":"Este s\u00e1bado, cita con las estrellas en \u00abLa Noche de Cadena 100\u00bb"},"content":{"rendered":"<p>Juanes, David Bisbal, Marta S\u00e1nchez, Amaia Montero, Manolo Garc\u00eda, entre los artistas presentes en el concierto.<\/p>\n<p>La emisora de radio Cadena 100 no falta a su cita anual con las estrellas del pop nacional y extranjero, y para ma\u00f1ana s\u00e1bado ha organizado una nueva velada de alto voltaje con m\u00e1s de tres horas de m\u00fasica ininterrumpida en directo, con distintos escenarios paralelos y una gran producci\u00f3n t\u00e9cnica.<\/p>\n<p>Ser\u00e1 tambi\u00e9n una noche para la solidaridad, ya que esta edici\u00f3n de La Noche de Cadena 100 se presenta con un proyecto muy especial: construir, junto con Manos Unidas, una escuela para los m\u00e1s peque\u00f1os en Hosana (Etiop\u00eda). Una idea que se convertir\u00e1 en realidad gracias a las m\u00e1s de 15.000 personas que ya han respondido agotando las localidades.<\/p>\n<p>Cartel de lujo<br \/>\nUna largu\u00edsima lista de grandes nombres del pop participa en la iniciativa, sum\u00e1ndose a un cartel que ha ido siendo desvelado con cuentagotas en el programa despertador de Cadena 100 \u00ab\u00a1Buenos D\u00edas, Javi y Mar!\u00bb.<\/p>\n<p>Los primeros confirmados fueron David Bisbal, Manolo Garc\u00eda, Maldita Nerea, Amaia Montero y El Pescao, casi todos ellos con nuevo disco bajo el brazo, como \u00abUltramar\u00bb, del antiguo miebro de El Canto del Loco; \u00abTodo es ahora\u00bb, del ex-\u00daltimo de la Fila; o \u00abSi Dios quiere, yo tambi\u00e9n\u00bb, de la ex-Oreja de Van Gohg.<\/p>\n<p>El toque rockero<br \/>\nDespu\u00e9s se sumaron DVicio, los australianos Sheppard y la banda murciana M Clan, que adem\u00e1s de poner el toque rockero a la velada actuar\u00e1n junto a un invitado muy especial, cuyo nombre se guardar\u00e1n en la manga hasta el \u00faltimo momento.<\/p>\n<p>Finalmente, se confirm\u00f3 la presencia de dos grandes divas del pop hispanohablante, la incombustible Marta S\u00e1nchez y la mexicana Paulina Rubio, la segunda confirmaci\u00f3n internacional del evento.<\/p>\n<p>Pero La Noche de Cadena 100 reservaba una sorpresa final: cuando el cartel ya estaba cerrado, se anunci\u00f3 otro artista extranjero de altura: el colombiano Juanes, que ha decidido que este macroconcierto es el marco ideal para su regreso a Espa\u00f1a. Llega adem\u00e1s en un momento dulce, con su canci\u00f3n \u00abJuntos\u00bb arrasando en las listas de iTunes tras el estreno en Estados Unidos la semana pasada de la pel\u00edcula de Disney \u00abMcFarland USA\u00bb, para cuya banda sonora compuso dicho tema.<\/p>\n<p>Todos ellos desfilar\u00e1n por el escenario del Barclaycard Center de Madrid (antiguo Palacio de Deportes), en un concierto que promete ser inolvidable y en el que p\u00fablico y artistas<\/p>\n<p>Fuente: Cadena 100 &#8211; <a href=\"http:\/\/www.abc.es\/cultura\/musica\/20150320\/abci-noche-cadena-201503192134.html\" target=\"_blank\">ENLACE<\/a><\/p>\n","protected":false},"excerpt":{"rendered":"<p>Juanes, David Bisbal, Marta S\u00e1nchez, Amaia Montero, Manolo Garc\u00eda, entre los artistas presentes en el concierto. La emisora de radio Cadena 100 no falta a su cita anual con las estrellas del pop nacional y extranjero, y para ma\u00f1ana s\u00e1bado ha organizado una nueva velada de alto voltaje con m\u00e1s de tres horas de m\u00fasica<a class=\"moretag\" href=\"https:\/\/www.manologarciaycia.com\/?p=12227\" title=\"Este s\u00e1bado, cita con las estrellas en \u00abLa Noche de Cadena 100\u00bb\" target=\"_self\" rel=\"follow\"> <font face=arial size=2>[Leer m\u00e1s]<\/font> <\/a><\/p>\n","protected":false},"author":2,"featured_media":0,"comment_status":"closed","ping_status":"closed","sticky":false,"template":"","format":"standard","meta":{"footnotes":""},"categories":[1],"tags":[],"class_list":["post-12227","post","type-post","status-publish","format-standard","hentry","category-manolo-garcia"],"_links":{"self":[{"href":"https:\/\/www.manologarciaycia.com\/index.php?rest_route=\/wp\/v2\/posts\/12227","targetHints":{"allow":["GET"]}}],"collection":[{"href":"https:\/\/www.manologarciaycia.com\/index.php?rest_route=\/wp\/v2\/posts"}],"about":[{"href":"https:\/\/www.manologarciaycia.com\/index.php?rest_route=\/wp\/v2\/types\/post"}],"author":[{"embeddable":true,"href":"https:\/\/www.manologarciaycia.com\/index.php?rest_route=\/wp\/v2\/users\/2"}],"replies":[{"embeddable":true,"href":"https:\/\/www.manologarciaycia.com\/index.php?rest_route=%2Fwp%2Fv2%2Fcomments&post=12227"}],"version-history":[{"count":1,"href":"https:\/\/www.manologarciaycia.com\/index.php?rest_route=\/wp\/v2\/posts\/12227\/revisions"}],"predecessor-version":[{"id":12229,"href":"https:\/\/www.manologarciaycia.com\/index.php?rest_route=\/wp\/v2\/posts\/12227\/revisions\/12229"}],"wp:attachment":[{"href":"https:\/\/www.manologarciaycia.com\/index.php?rest_route=%2Fwp%2Fv2%2Fmedia&parent=12227"}],"wp:term":[{"taxonomy":"category","embeddable":true,"href":"https:\/\/www.manologarciaycia.com\/index.php?rest_route=%2Fwp%2Fv2%2Fcategories&post=12227"},{"taxonomy":"post_tag","embeddable":true,"href":"https:\/\/www.manologarciaycia.com\/index.php?rest_route=%2Fwp%2Fv2%2Ftags&post=12227"}],"curies":[{"name":"wp","href":"https:\/\/api.w.org\/{rel}","templated":true}]}}