{"id":12224,"date":"2015-03-19T20:26:08","date_gmt":"2015-03-19T19:26:08","guid":{"rendered":"http:\/\/www.manologarciaycia.com\/?p=12224"},"modified":"2015-03-19T20:27:17","modified_gmt":"2015-03-19T19:27:17","slug":"video-entrevistas-a-los-invitados-de-buenas-intenciones-de-ricardo-marin","status":"publish","type":"post","link":"https:\/\/www.manologarciaycia.com\/?p=12224","title":{"rendered":"V\u00eddeo-entrevistas a los invitados de Buenas Intenciones de Ricardo Mar\u00edn"},"content":{"rendered":"<p>El pasado mi\u00e9rcoles, Ricardo Mar\u00edn ofreci\u00f3 un concierto en la sala Joy Eslava de Madrid para celebrar los m\u00e1s de 25 a\u00f1os en el mundo de la m\u00fasica, rodeado de muchos amigos invitados.<\/p>\n<p>Pillamos a Basilio Mart\u00ed, Dave Lerman (de O&#8217;funk&#8217;illo), Paco Bastante, Mikki Nilsen, \u00c1lvaro Urquijo y Juanjo Ramos (de Los Secretos), Raimundo Amador, Ariel Rot, Anye Bao, Nacho Garc\u00eda Vega, Miguel R\u00edos, David Summers (de HombresG), Manolo Garc\u00eda y Pepe Bao &#8230;<\/p>\n<p>Y les preguntamos: \u00bfc\u00f3mo conociste a Ricardo? \u00bfen qu\u00e9 has trabajado con \u00e9l? \u00bfc\u00f3mo te convenci\u00f3 para unirte a este acontecimiento?<\/p>\n<p>Por si quer\u00e9is &#8216;leer&#8217; las respuestas os las pusimos aqu\u00ed: <a href=\"http:\/\/www.manologarciaycia.com\/?p=12205\" target=\"_blank\">http:\/\/www.manologarciaycia.com\/?p=12205<\/a><\/p>\n<p>Con 2 fotos del concierto, de Gus Alves, Mario Miranda y la del cartel del concierto es de Marta Pich.<\/p>\n","protected":false},"excerpt":{"rendered":"<p>El pasado mi\u00e9rcoles, Ricardo Mar\u00edn ofreci\u00f3 un concierto en la sala Joy Eslava de Madrid para celebrar los m\u00e1s de 25 a\u00f1os en el mundo de la m\u00fasica, rodeado de muchos amigos invitados. Pillamos a Basilio Mart\u00ed, Dave Lerman (de O&#8217;funk&#8217;illo), Paco Bastante, Mikki Nilsen, \u00c1lvaro Urquijo y Juanjo Ramos (de Los Secretos), Raimundo Amador,<a class=\"moretag\" href=\"https:\/\/www.manologarciaycia.com\/?p=12224\" title=\"V\u00eddeo-entrevistas a los invitados de Buenas Intenciones de Ricardo Mar\u00edn\" target=\"_self\" rel=\"follow\"> <font face=arial size=2>[Leer m\u00e1s]<\/font> <\/a><\/p>\n","protected":false},"author":2,"featured_media":0,"comment_status":"closed","ping_status":"closed","sticky":false,"template":"","format":"video","meta":{"footnotes":""},"categories":[1],"tags":[],"class_list":["post-12224","post","type-post","status-publish","format-video","hentry","category-manolo-garcia","post_format-post-format-video"],"_links":{"self":[{"href":"https:\/\/www.manologarciaycia.com\/index.php?rest_route=\/wp\/v2\/posts\/12224","targetHints":{"allow":["GET"]}}],"collection":[{"href":"https:\/\/www.manologarciaycia.com\/index.php?rest_route=\/wp\/v2\/posts"}],"about":[{"href":"https:\/\/www.manologarciaycia.com\/index.php?rest_route=\/wp\/v2\/types\/post"}],"author":[{"embeddable":true,"href":"https:\/\/www.manologarciaycia.com\/index.php?rest_route=\/wp\/v2\/users\/2"}],"replies":[{"embeddable":true,"href":"https:\/\/www.manologarciaycia.com\/index.php?rest_route=%2Fwp%2Fv2%2Fcomments&post=12224"}],"version-history":[{"count":1,"href":"https:\/\/www.manologarciaycia.com\/index.php?rest_route=\/wp\/v2\/posts\/12224\/revisions"}],"predecessor-version":[{"id":12225,"href":"https:\/\/www.manologarciaycia.com\/index.php?rest_route=\/wp\/v2\/posts\/12224\/revisions\/12225"}],"wp:attachment":[{"href":"https:\/\/www.manologarciaycia.com\/index.php?rest_route=%2Fwp%2Fv2%2Fmedia&parent=12224"}],"wp:term":[{"taxonomy":"category","embeddable":true,"href":"https:\/\/www.manologarciaycia.com\/index.php?rest_route=%2Fwp%2Fv2%2Fcategories&post=12224"},{"taxonomy":"post_tag","embeddable":true,"href":"https:\/\/www.manologarciaycia.com\/index.php?rest_route=%2Fwp%2Fv2%2Ftags&post=12224"}],"curies":[{"name":"wp","href":"https:\/\/api.w.org\/{rel}","templated":true}]}}