{"id":12205,"date":"2015-03-16T14:31:39","date_gmt":"2015-03-16T13:31:39","guid":{"rendered":"http:\/\/www.manologarciaycia.com\/?p=12205"},"modified":"2015-05-30T08:30:35","modified_gmt":"2015-05-30T06:30:35","slug":"buenas-intenciones-ricardo-marin","status":"publish","type":"post","link":"https:\/\/www.manologarciaycia.com\/?p=12205","title":{"rendered":"Buenas Intenciones, Ricardo Mar\u00edn!"},"content":{"rendered":"<p>El pasado mi\u00e9rcoles, Ricardo Mar\u00edn ofreci\u00f3 un concierto en la sala Joy Eslava de Madrid, para presentar su nuevo disco Buenas Intenciones, as\u00ed como para celebrar los m\u00e1s de\u00a025 a\u00f1os en el mundo de la m\u00fasica de Ricardo. El directo se grab\u00f3 para la posterior edici\u00f3n y lanzamiento de\u00a0un\u00a0CD\/DVD (que esperamos que todos compr\u00e9is&#8230;).<\/p>\n<p>Ricardo se rode\u00f3 para este concierto de much\u00edsimos amigos, a algunos de los cuales tuvimos el placer de entrevistar durante las pruebas de sonido. Les formulamos tres preguntas\u00a0relacionadas con Ricardo Mar\u00edn: \u00bfc\u00f3mo le conociste? \u00bfen qu\u00e9 has colaborado\/trabajado con \u00e9l? \u00bfc\u00f3mo te convenci\u00f3 para unirte a este acontecimiento?<\/p>\n<p>Y lo que os dejamos a continuaci\u00f3n viene a ser la confirmaci\u00f3n\u00a0de que Ricardo no s\u00f3lo ha dejado important\u00edsima huella\u00a0durante estos 25 a\u00f1os, si no que ha hecho mucho m\u00e1s que amigos! Grande Ricardo! Disfrutadlo&#8230;<\/p>\n<hr \/>\n<p><a href=\"http:\/\/www.manologarciaycia.com\/wp-content\/uploads\/2015\/03\/BM_Bien1.jpg\"><img loading=\"lazy\" decoding=\"async\" class=\"alignright  wp-image-12899\" src=\"http:\/\/www.manologarciaycia.com\/wp-content\/uploads\/2015\/03\/BM_Bien1-278x500.jpg\" alt=\"BM_Bien\" width=\"217\" height=\"391\" srcset=\"https:\/\/www.manologarciaycia.com\/wp-content\/uploads\/2015\/03\/BM_Bien1-278x500.jpg 278w, https:\/\/www.manologarciaycia.com\/wp-content\/uploads\/2015\/03\/BM_Bien1.jpg 427w\" sizes=\"auto, (max-width: 217px) 100vw, 217px\" \/><\/a><b>Basilio Marti\u00a0<\/b><\/p>\n<p>\u00abConoc\u00ed a Ricardo hace casi 25 a\u00f1os, casi lo que est\u00e1 celebrando hoy. \u00c9l ven\u00eda de Barcelona, entramos en contacto con otros m\u00fasicos de Madrid, y nos conoc\u00edamos de vista de haber tocado en garitos y as\u00ed, y m\u00e1s adelante entr\u00f3 con la banda de Antonio Vega, con la que yo estuve toda la vida y \u00e9l entraba, sal\u00eda, cumpl\u00eda algunas giras; y es ah\u00ed d\u00f3nde de verdad nos hicimos amigos, y por eso estamos aqu\u00ed hoy juntos.\u00bb<\/p>\n<p>\u00abRicardo como m\u00fasico es un t\u00edo que siempre es una garant\u00eda en el escenario, llena mucho, tiene muchos recursos: canta de puta madre, toca fant\u00e1sticamente bien la guitarra, tiene un sonido muy personal que ya es su estilo, su sello.\u00bb<\/p>\n<p>\u00abNosotros somos colegas y cada x d\u00edas siempre hacemos algo, un concierto de homenaje a Antonio Vega, o tocamos con su repertorio, o doy yo un concierto y \u00e9l viene de invitado; siempre estamos en contacto y haciendo cosas. Lo que venga de aqu\u00ed en adelante nos pillar\u00e1 trabajando juntos seguro.\u00bb<\/p>\n<hr \/>\n<p><a href=\"http:\/\/www.manologarciaycia.com\/wp-content\/uploads\/2015\/03\/OF_Bien1.jpg\"><img loading=\"lazy\" decoding=\"async\" class=\"aligncenter size-medium wp-image-12906\" src=\"http:\/\/www.manologarciaycia.com\/wp-content\/uploads\/2015\/03\/OF_Bien1-500x281.jpg\" alt=\"OF_Bien\" width=\"500\" height=\"281\" srcset=\"https:\/\/www.manologarciaycia.com\/wp-content\/uploads\/2015\/03\/OF_Bien1-500x281.jpg 500w, https:\/\/www.manologarciaycia.com\/wp-content\/uploads\/2015\/03\/OF_Bien1-695x391.jpg 695w, https:\/\/www.manologarciaycia.com\/wp-content\/uploads\/2015\/03\/OF_Bien1.jpg 700w\" sizes=\"auto, (max-width: 500px) 100vw, 500px\" \/><\/a><\/p>\n<p style=\"text-align: center;\"><b>Dave Lerman, Toni Mart\u00edn y Pepe Rinc\u00f3n (O&#8217;funkillo)<\/b><\/p>\n<p>\u00abYo conoc\u00ed a Ricardo el verano pasado con O&#8217;funkillo y \u00e9l ven\u00eda con nosotros y compart\u00edamos escenario y me llam\u00f3 para hacer esto; y yo me traje a estos secuaces.\u00bb<\/p>\n<p>\u00abEsperemos que haya m\u00e1s colaboraciones con Ricardo; depende de hoy, si nos portamos bien seguro que s\u00ed.\u00bb<\/p>\n<hr \/>\n<p><b><a href=\"http:\/\/www.manologarciaycia.com\/wp-content\/uploads\/2015\/03\/PB_Bien1.jpg\"><img loading=\"lazy\" decoding=\"async\" class=\"alignleft  wp-image-12907\" src=\"http:\/\/www.manologarciaycia.com\/wp-content\/uploads\/2015\/03\/PB_Bien1-300x500.jpg\" alt=\"PB_Bien\" width=\"222\" height=\"370\" srcset=\"https:\/\/www.manologarciaycia.com\/wp-content\/uploads\/2015\/03\/PB_Bien1-300x500.jpg 300w, https:\/\/www.manologarciaycia.com\/wp-content\/uploads\/2015\/03\/PB_Bien1.jpg 596w\" sizes=\"auto, (max-width: 222px) 100vw, 222px\" \/><\/a>\u00a0Paco Bastante<\/b><\/p>\n<p>\u00abA Ricardo le conoc\u00ed cuando \u00e9l estaba tocando con Ariel Rot; yo estaba de gira con Juan Perro e hicimos muchos bolos juntos, y yo me iba a verles a ellos antes, sonaban muy bien. Pillamos muy buena onda, no hab\u00edamos tocado nunca juntos, y al a\u00f1o siguiente coincidimos en una gira con Miguel R\u00edos, y fue muy bien, surgi\u00f3 una buena amistad.\u00bb<\/p>\n<p>\u00abRicardo me invit\u00f3 a este concierto \/ grabaci\u00f3n por que seguramente estaba aterrorizado, por que si no me llamaba para venir las consecuencias hubieran sido nefastas para su salud (risas).\u00bb<\/p>\n<p>\u00abSupongo que me ha llamado, por que me considera un buen amigo y por que voy a estar ah\u00ed acompa\u00f1\u00e1ndole; tiene muchos amigos bajistas, es un honor que me haya llamado a m\u00ed. \u00c9l sabe que siempre que llama estamos ah\u00ed los colegas.\u00bb<\/p>\n<p>&nbsp;<\/p>\n<hr \/>\n<p style=\"text-align: right;\"><b><a href=\"http:\/\/www.manologarciaycia.com\/wp-content\/uploads\/2015\/03\/MN_Bien1.jpg\"><img loading=\"lazy\" decoding=\"async\" class=\"alignright  wp-image-12910\" src=\"http:\/\/www.manologarciaycia.com\/wp-content\/uploads\/2015\/03\/MN_Bien1-257x500.jpg\" alt=\"MN_Bien\" width=\"185\" height=\"360\" srcset=\"https:\/\/www.manologarciaycia.com\/wp-content\/uploads\/2015\/03\/MN_Bien1-257x500.jpg 257w, https:\/\/www.manologarciaycia.com\/wp-content\/uploads\/2015\/03\/MN_Bien1.jpg 411w\" sizes=\"auto, (max-width: 185px) 100vw, 185px\" \/><\/a><br \/>\nMikki Nilsen\u00a0<\/b><\/p>\n<p>\u00abA Ricardo, &#8216;oficialmente&#8217; que nos conozcamos har\u00e1 un a\u00f1o o as\u00ed, pero siendo yo m\u00e1s peque\u00f1o, en concierto de Rosario que tocaba con ella, alguna vez nos habremos cruzado seguro.\u00bb<\/p>\n<p>\u00abMe contaba que ten\u00eda un disco listo, que estaba preparando concierto y en un momento dado me dijo que quer\u00eda contar conmigo para las guitarras y yo acept\u00e9 sin ning\u00fan problema.\u00bb<\/p>\n<p>\u00abEs una gozada trabajar con Ricardo, Paco, Anye, a sido todo maravilloso. Espero que salga una gira de todo esto!\u00bb<\/p>\n<p>&nbsp;<\/p>\n<p>&nbsp;<\/p>\n<hr \/>\n<p><b><a href=\"http:\/\/www.manologarciaycia.com\/wp-content\/uploads\/2015\/03\/AU_Bien1.jpg\"><img loading=\"lazy\" decoding=\"async\" class=\"alignleft  wp-image-12912\" src=\"http:\/\/www.manologarciaycia.com\/wp-content\/uploads\/2015\/03\/AU_Bien1-258x500.jpg\" alt=\"AU_Bien\" width=\"197\" height=\"382\" srcset=\"https:\/\/www.manologarciaycia.com\/wp-content\/uploads\/2015\/03\/AU_Bien1-258x500.jpg 258w, https:\/\/www.manologarciaycia.com\/wp-content\/uploads\/2015\/03\/AU_Bien1-528x1024.jpg 528w, https:\/\/www.manologarciaycia.com\/wp-content\/uploads\/2015\/03\/AU_Bien1-695x1347.jpg 695w, https:\/\/www.manologarciaycia.com\/wp-content\/uploads\/2015\/03\/AU_Bien1.jpg 705w\" sizes=\"auto, (max-width: 197px) 100vw, 197px\" \/><\/a>Alvaro Urquijo (Los Secretos)<\/b><\/p>\n<p>\u00abA Ricardo le conoc\u00ed a trav\u00e9s de amigos comunes en el 98, \u00e9poca en la que yo saqu\u00e9 mi disco en solitario; me junt\u00e9 con m\u00fasicos nuevos, con gente m\u00e1s joven que yo y con otros criterios y Ricardo me fascin\u00f3 c\u00f3mo tocaba la guitarra, como canta, como hace coros&#8230; y la verdad es que tengo muy buen recuerdo de aquella gira 98-99, era yo s\u00f3lo con mi disco en solitario. Pero luego a colaborado con todo lo que han hecho Los Secretos: 2001, 2002, 2006, 2008, 2001, es como un miembro m\u00e1s en la sombra de Los Secretos, con el que siempre contamos.\u00bb<\/p>\n<p>\u00abAdem\u00e1s de amigo es un m\u00fasico buen\u00edsimo.\u00bb<\/p>\n<p>\u00abA m\u00ed me convenci\u00f3 muy f\u00e1cil para esto, ya que tengo mucho agradecimiento a todo el mundo, en concreto a Ricardo; siempre que ha habido alg\u00fan favor que pedir, la gente se ha brindado, como por ejemplo el disco homenaje a mi hermano o conciertos como el de las Ventas, y yo casi nunca digo que no.\u00bb<\/p>\n<p>&nbsp;<\/p>\n<hr \/>\n<p style=\"text-align: right;\"><b><a href=\"http:\/\/www.manologarciaycia.com\/wp-content\/uploads\/2015\/03\/RA_Bien1.jpg\"><img loading=\"lazy\" decoding=\"async\" class=\"alignright  wp-image-12913\" src=\"http:\/\/www.manologarciaycia.com\/wp-content\/uploads\/2015\/03\/RA_Bien1-251x500.jpg\" alt=\"RA_Bien\" width=\"208\" height=\"414\" srcset=\"https:\/\/www.manologarciaycia.com\/wp-content\/uploads\/2015\/03\/RA_Bien1-251x500.jpg 251w, https:\/\/www.manologarciaycia.com\/wp-content\/uploads\/2015\/03\/RA_Bien1-515x1024.jpg 515w, https:\/\/www.manologarciaycia.com\/wp-content\/uploads\/2015\/03\/RA_Bien1.jpg 687w\" sizes=\"auto, (max-width: 208px) 100vw, 208px\" \/><\/a><br \/>\nRaimundo Amador\u00a0<\/b><\/p>\n<p>\u00abNosotros est\u00e1bamos haciendo un casting de guitarrista para la primera banda como Raimundo Amador, y me dijo Pepe Bao: &#8216;te voy a traer uno que ese te va a molar&#8217; y me trajo a Ricardo que ven\u00eda del Hotel Ritz de tocar, y se disculp\u00f3 &#8216;perdonad se\u00f1ores, pero es que vengo de ping\u00fcino&#8217;, ven\u00eda en pajarita, de esmoquin, y ya me hizo gracia de momento y cuando lo v\u00ed tocar dije este es el que se queda.\u00bb<\/p>\n<p>\u00abTenemos muy buen rollo, una relaci\u00f3n muy guapa; y desde que empez\u00f3 conmigo no tardaron nada en quitarmelo todo el mundo&#8230;\u00bb<\/p>\n<p>\u00abY por eso hace estos 25 a\u00f1os, para lo que no me tuvo ni que convencer para venirme.\u00bb<\/p>\n<p>&nbsp;<\/p>\n<p>&nbsp;<\/p>\n<p>&nbsp;<\/p>\n<hr \/>\n<p><b><a href=\"http:\/\/www.manologarciaycia.com\/wp-content\/uploads\/2015\/03\/JR_Bien1.jpg\"><img loading=\"lazy\" decoding=\"async\" class=\"alignleft  wp-image-12914\" src=\"http:\/\/www.manologarciaycia.com\/wp-content\/uploads\/2015\/03\/JR_Bien1-299x500.jpg\" alt=\"JR_Bien\" width=\"230\" height=\"385\" srcset=\"https:\/\/www.manologarciaycia.com\/wp-content\/uploads\/2015\/03\/JR_Bien1-299x500.jpg 299w, https:\/\/www.manologarciaycia.com\/wp-content\/uploads\/2015\/03\/JR_Bien1-612x1024.jpg 612w, https:\/\/www.manologarciaycia.com\/wp-content\/uploads\/2015\/03\/JR_Bien1-695x1163.jpg 695w, https:\/\/www.manologarciaycia.com\/wp-content\/uploads\/2015\/03\/JR_Bien1.jpg 747w\" sizes=\"auto, (max-width: 230px) 100vw, 230px\" \/><\/a><br \/>\nJuanjo Ramos<\/b><\/p>\n<p>\u00abA Ricardo le conoc\u00ed hace 24 a\u00f1os en el HonkyTonk, reci\u00e9n llegado \u00e9l a Madrid. Seg\u00fan dice soy el segundo o tercer m\u00fasico que conoci\u00f3 en Madrid: primero Pepe y Anye Bao y luego a m\u00ed. Desde hace siete u ocho a\u00f1os tenemos un duo con el que nos divertimos por ah\u00ed.\u00bb<\/p>\n<p>\u00abMe dijo que ten\u00eda que estar, y obviamente no ha hecho falta que me convenciera; es como mi hermano peque\u00f1o, ten\u00eda que estar aqu\u00ed.\u00bb<\/p>\n<p>\u00abSeguiremos este invierno por salas peque\u00f1itas, haci\u00e9ndoselo pasar bien a la gente haciendo m\u00fasica, siempre juntos&#8230;\u00bb<\/p>\n<p>&nbsp;<\/p>\n<p>&nbsp;<\/p>\n<p>&nbsp;<\/p>\n<hr \/>\n<p style=\"text-align: right;\"><b><a href=\"http:\/\/www.manologarciaycia.com\/wp-content\/uploads\/2015\/03\/AR_Bien1.jpg\"><img loading=\"lazy\" decoding=\"async\" class=\"alignright  wp-image-12916\" src=\"http:\/\/www.manologarciaycia.com\/wp-content\/uploads\/2015\/03\/AR_Bien1-299x500.jpg\" alt=\"AR_Bien\" width=\"259\" height=\"433\" srcset=\"https:\/\/www.manologarciaycia.com\/wp-content\/uploads\/2015\/03\/AR_Bien1-299x500.jpg 299w, https:\/\/www.manologarciaycia.com\/wp-content\/uploads\/2015\/03\/AR_Bien1-612x1024.jpg 612w, https:\/\/www.manologarciaycia.com\/wp-content\/uploads\/2015\/03\/AR_Bien1-695x1163.jpg 695w, https:\/\/www.manologarciaycia.com\/wp-content\/uploads\/2015\/03\/AR_Bien1.jpg 747w\" sizes=\"auto, (max-width: 259px) 100vw, 259px\" \/><\/a><br \/>\nAriel Rot\u00a0<\/b><\/p>\n<p>\u00abA Ricardo le conoc\u00ed por que empezamos a tocar juntos despu\u00e9s de Los Rodriguez, mont\u00e9 mi primera banda en solitario; me lo recomendo Pablito Serrano, el bater\u00eda, que eran muy colegas; y apareci\u00f3 por la sala de ensayo y montamos una banda potente y como ten\u00edan m\u00e1s tiempo todos, ensayamos, viaj\u00e1bamos y toc\u00e1bamos mucho; y empez\u00f3 a formar parte de la familia musical, ya que como sabemos la carretera y la furgoneta unen mucho.\u00bb<\/p>\n<p>\u00abRicardo ha sido como dise\u00f1ado por expertos para hacer lo que hace, es un todo terreno. Puede tocar y cantar con qui\u00e9n sea, se adapta de una manera camale\u00f3nica perfectamente: cu\u00e1ndo estaba conmigo hac\u00eda los coros en argentino; con Miguel R\u00edos o Manolo Garc\u00eda parece que son ellos. Lo veo tremendamente solvente y s\u00f3lido, tanto como guitarrista, compositor y cantante.\u00bb<\/p>\n<p>\u00ab\u00bfConvencerme para venir? No&#8230; aqu\u00ed se demuestra que todo el mundo le tenemos mucho cari\u00f1o, que nos dio mucha alegr\u00eda; f\u00edjate que nadie lo quiere soltar cu\u00e1ndo empieza a tocar con alguien, por que da mucha vida en una banda, nos deja muy buenos recuerdos. A estas edades, que salimos tan poco, estas son las \u00fanicas excusas para poder vernos.\u00bb<\/p>\n<hr \/>\n<p><b><a href=\"http:\/\/www.manologarciaycia.com\/wp-content\/uploads\/2015\/03\/AB_Bien1.jpg\"><img loading=\"lazy\" decoding=\"async\" class=\"alignleft  wp-image-12917\" src=\"http:\/\/www.manologarciaycia.com\/wp-content\/uploads\/2015\/03\/AB_Bien1-299x500.jpg\" alt=\"AB_Bien\" width=\"215\" height=\"360\" srcset=\"https:\/\/www.manologarciaycia.com\/wp-content\/uploads\/2015\/03\/AB_Bien1-299x500.jpg 299w, https:\/\/www.manologarciaycia.com\/wp-content\/uploads\/2015\/03\/AB_Bien1-612x1024.jpg 612w, https:\/\/www.manologarciaycia.com\/wp-content\/uploads\/2015\/03\/AB_Bien1-695x1163.jpg 695w, https:\/\/www.manologarciaycia.com\/wp-content\/uploads\/2015\/03\/AB_Bien1.jpg 747w\" sizes=\"auto, (max-width: 215px) 100vw, 215px\" \/><\/a><br \/>\nAnye Bao<\/b><\/p>\n<p>\u00abConoc\u00ed a Ricardo desde chico, tendr\u00eda 17 a\u00f1os, le vimos tocar mi hermano Pepe y yo y nos lo trajimos para Madrid: &#8216;Ricardo vente pa&#8217;c\u00e1!&#8217;. Ricardo es mi hermano, con eso te digo todo; nos hemos criado juntos.\u00bb<\/p>\n<p>\u00abDe Ricardo como m\u00fasico opino gloria, por eso estoy aqu\u00ed.\u00bb<\/p>\n<p>\u00abA nosotros nos gusta tocar, somos guerrilleros, o sea que gloria, lo que \u00e9l quiera!\u00bb<\/p>\n<p>\u00abComo toco tantas veces con \u00e9l, comparto tantos discos, que cu\u00e1ndo me salen proyectos digo que venga Ricardo, y espero que \u00e9l lo diga igual; siempre habr\u00e1 proyectos con Ricardo!\u00bb<\/p>\n<p>&nbsp;<\/p>\n<p>&nbsp;<\/p>\n<hr \/>\n<p><a href=\"http:\/\/www.manologarciaycia.com\/wp-content\/uploads\/2015\/03\/NGV_Bien1.jpg\"><img loading=\"lazy\" decoding=\"async\" class=\"aligncenter size-medium wp-image-12918\" src=\"http:\/\/www.manologarciaycia.com\/wp-content\/uploads\/2015\/03\/NGV_Bien1-500x281.jpg\" alt=\"NGV_Bien\" width=\"500\" height=\"281\" srcset=\"https:\/\/www.manologarciaycia.com\/wp-content\/uploads\/2015\/03\/NGV_Bien1-500x281.jpg 500w, https:\/\/www.manologarciaycia.com\/wp-content\/uploads\/2015\/03\/NGV_Bien1-695x391.jpg 695w, https:\/\/www.manologarciaycia.com\/wp-content\/uploads\/2015\/03\/NGV_Bien1.jpg 700w\" sizes=\"auto, (max-width: 500px) 100vw, 500px\" \/><\/a><\/p>\n<p style=\"text-align: center;\"><b><a href=\"http:\/\/www.manologarciaycia.com\/wp-content\/uploads\/2015\/03\/NGV_Bien.jpg\"><br \/>\n<\/a>Nacho Garc\u00eda Vega<\/b><\/p>\n<p>\u00abA Ricardo le conoc\u00ed d\u00f3nde hay que conocerle, en plena faena; lo conoc\u00ed a trav\u00e9s de Fernando Ill\u00e1n, junto con Nacho Lesko de la banda de Rosario y ya hubo un flechazo, conexi\u00f3n musical, desde el primer momento y al poco tiempo ya est\u00e1bamos haciendo cosas juntos. \u00bb<\/p>\n<p>\u00abHa tocado conmigo como Nacho Garc\u00eda Vega en solitario y alguna colaboraci\u00f3n como Nacha Pop; yo colabor\u00e9 con Langa, la banda que ten\u00eda Ricardo con Nacho y Paco, en dos o tres ocasiones.\u00bb<\/p>\n<p>\u00abMi opini\u00f3n sobre Ricardo como m\u00fasico es excepcional; es un guitarrista fant\u00e1stico, un enorme compositor y un cantante estupendo; tengo muy buena opini\u00f3n de \u00e9l.\u00bb<\/p>\n<p>\u00abHa sido muy f\u00e1cil convencerme para venir, pan comido (risas). Con los buenos amigos, con la gente que te transmite, y a la que t\u00fa eres capaz de transmitir, como Ricardo, siempre hay cosas en el aire y proyecto sin duda, en el presente, futuro pr\u00f3ximo y lejano si se puede.\u00bb<\/p>\n<hr \/>\n<p><b><a href=\"http:\/\/www.manologarciaycia.com\/wp-content\/uploads\/2015\/03\/MR_Bien1.jpg\"><img loading=\"lazy\" decoding=\"async\" class=\"alignleft  wp-image-12919\" src=\"http:\/\/www.manologarciaycia.com\/wp-content\/uploads\/2015\/03\/MR_Bien1-299x500.jpg\" alt=\"MR_Bien\" width=\"231\" height=\"386\" srcset=\"https:\/\/www.manologarciaycia.com\/wp-content\/uploads\/2015\/03\/MR_Bien1-299x500.jpg 299w, https:\/\/www.manologarciaycia.com\/wp-content\/uploads\/2015\/03\/MR_Bien1-612x1024.jpg 612w, https:\/\/www.manologarciaycia.com\/wp-content\/uploads\/2015\/03\/MR_Bien1-695x1163.jpg 695w, https:\/\/www.manologarciaycia.com\/wp-content\/uploads\/2015\/03\/MR_Bien1.jpg 747w\" sizes=\"auto, (max-width: 231px) 100vw, 231px\" \/><\/a><br \/>\nMiguel R\u00edos<\/b><\/p>\n<p>\u00abA Ricardo, me cuesta pensarlo, lo conozco de casi toda la vida; creo que fue en la banda del Rock Latino o del 60Mp3, y estuvimos unos a\u00f1os haciendo giras; es un tipo brutal.\u00bb<\/p>\n<p>\u00abMe parece fant\u00e1stico que nos haya llamado a los amigos&#8230; yo no se cu\u00e1ntas veces le habr\u00e9 dicho lo que le admiro, el talento que tiene, la calidez de voz, toca fant\u00e1sticamente, su nivel de interpretaci\u00f3n; y luego tiene mucha personalidad: le oyes y le distingues a \u00e9l.\u00bb<\/p>\n<p>\u00abEs un tipo importante, y a toda la gente que ha llamado est\u00e1 aqu\u00ed&#8230; a mi no le ha costado convencerme y eso que vengo desde Chile!\u00bb<\/p>\n<p>&nbsp;<\/p>\n<p>&nbsp;<\/p>\n<p>&nbsp;<\/p>\n<hr \/>\n<p style=\"text-align: right;\"><b><a href=\"http:\/\/www.manologarciaycia.com\/wp-content\/uploads\/2015\/03\/DS_Bien1.jpg\"><img loading=\"lazy\" decoding=\"async\" class=\"alignright  wp-image-12920\" src=\"http:\/\/www.manologarciaycia.com\/wp-content\/uploads\/2015\/03\/DS_Bien1-306x500.jpg\" alt=\"DS_Bien\" width=\"230\" height=\"375\" srcset=\"https:\/\/www.manologarciaycia.com\/wp-content\/uploads\/2015\/03\/DS_Bien1-306x500.jpg 306w, https:\/\/www.manologarciaycia.com\/wp-content\/uploads\/2015\/03\/DS_Bien1-627x1024.jpg 627w, https:\/\/www.manologarciaycia.com\/wp-content\/uploads\/2015\/03\/DS_Bien1-695x1135.jpg 695w, https:\/\/www.manologarciaycia.com\/wp-content\/uploads\/2015\/03\/DS_Bien1.jpg 768w\" sizes=\"auto, (max-width: 230px) 100vw, 230px\" \/><\/a><br \/>\nDavid Summers\u00a0<\/b><\/p>\n<p>\u00abHace unos cuantos a\u00f1os conoc\u00ed a Ricardo ya que era muy amigo de Juanjo Ramos y Charly Sard\u00e0 que formaron parte de mi banda en solitario durante unos cuantos a\u00f1os. Cuando estuvo Ricardo y Charly, fueron de los mejores momentos, muy buenos amigos y para siempre. Estoy a su disposici\u00f3n&#8230;\u00bb<\/p>\n<p>\u00abMe llam\u00f3 y al segundo le dije que s\u00ed al segundo. No os pod\u00e9is imaginar el placer que es volver a reunirme no s\u00f3lo con Ricardo, sino con Basilio, etc.\u00bb<\/p>\n<p>\u00abComo persona es maravilloso, lo \u00fanico que es del Bar\u00e7a (risas) y como m\u00fasico y artista es impresionante.\u00bb<\/p>\n<p>&nbsp;<\/p>\n<p>&nbsp;<\/p>\n<hr \/>\n<p><b><a href=\"http:\/\/www.manologarciaycia.com\/wp-content\/uploads\/2015\/03\/MG_Bien1.jpg\"><img loading=\"lazy\" decoding=\"async\" class=\"alignleft  wp-image-12921\" src=\"http:\/\/www.manologarciaycia.com\/wp-content\/uploads\/2015\/03\/MG_Bien1-274x500.jpg\" alt=\"MG_Bien\" width=\"251\" height=\"458\" srcset=\"https:\/\/www.manologarciaycia.com\/wp-content\/uploads\/2015\/03\/MG_Bien1-274x500.jpg 274w, https:\/\/www.manologarciaycia.com\/wp-content\/uploads\/2015\/03\/MG_Bien1-560x1024.jpg 560w, https:\/\/www.manologarciaycia.com\/wp-content\/uploads\/2015\/03\/MG_Bien1.jpg 684w\" sizes=\"auto, (max-width: 251px) 100vw, 251px\" \/><\/a><br \/>\nManolo Garc\u00eda<\/b><\/p>\n<p>\u00abA Ricardo&#8230; yo iba a conciertos, muchos conciertos, y le vi tocar una vez con Miguel R\u00edos; y me gust\u00f3. Empec\u00e9 a indagar y luego cu\u00e1ndo empec\u00e9 en solitario le busqu\u00e9 y desde entonces.\u00bb<\/p>\n<p>\u00abHemos trabajado en much\u00edsimos conciertos, y en 4 o 5 discos de los m\u00edos.\u00bb<\/p>\n<p>\u00abEmpezar\u00e9 por abajo, a nivel personal es un t\u00edo encantador, maj\u00edsimo, que eso ya parecer\u00eda insuperable; buena gente, muy disciplinado, muy serio, con su sentido del humor, y ya ah\u00ed parecer\u00eda lo m\u00e1ximo; pero no, lo m\u00e1ximo es como toca: toca la leche! Es muy agradable trabajar con \u00e9l, en fin, todo van a ser loas y alabanzas por que se las merece.\u00bb<\/p>\n<p>\u00abSomos compa\u00f1eros de viaje desde hace mucho tiempo, igual que Raimundo, Miguel Rios, si estuviera entre nosotros Antonio Vega, Secretos, somos gente que hemos compartido escenario con \u00e9l y eso hermana, eso da una relaci\u00f3n familiar, indisoluble, de por vida: &#8216;Oye Manolo&#8230;&#8217; y dije &#8216;\u00bfqu\u00e9 d\u00eda es?, venga&#8217;. Hoy estoy un poco af\u00f3nico, pero bueno, me tiro de cabeza.\u00bb<\/p>\n<p>&nbsp;<\/p>\n<hr \/>\n<p><b><a href=\"http:\/\/www.manologarciaycia.com\/wp-content\/uploads\/2015\/03\/PeB_Bien1.jpg\"><img loading=\"lazy\" decoding=\"async\" class=\"alignright  wp-image-12923\" src=\"http:\/\/www.manologarciaycia.com\/wp-content\/uploads\/2015\/03\/PeB_Bien1-274x500.jpg\" alt=\"PeB_Bien\" width=\"237\" height=\"432\" srcset=\"https:\/\/www.manologarciaycia.com\/wp-content\/uploads\/2015\/03\/PeB_Bien1-274x500.jpg 274w, https:\/\/www.manologarciaycia.com\/wp-content\/uploads\/2015\/03\/PeB_Bien1-560x1024.jpg 560w, https:\/\/www.manologarciaycia.com\/wp-content\/uploads\/2015\/03\/PeB_Bien1.jpg 684w\" sizes=\"auto, (max-width: 237px) 100vw, 237px\" \/><\/a><br \/>\nPepe Bao<\/b><\/p>\n<p>\u00abA Ricardo le conoc\u00ed en Port Ginesta, cuando \u00e9l tocaba con su grupo Combo-k-dos, fu\u00ed de marcha y me lo encontr\u00e9 all\u00ed; nos present\u00f3 Jimmy Reitz, e iniciamos una buena amistad.<\/p>\n<p>\u00abY estando en Madrid, cuando toc\u00e1ba yo en el Hotel Ritz, le dije si quer\u00eda venir que hab\u00eda mucho rollo y mucha pasta y me lo traje para aqu\u00ed, dij\u00e9ramos que soy un poco el culpable de que hoy est\u00e9 aqu\u00ed Ricardo. Empez\u00f3 a tocar con Raimundo, que yo estaba con \u00e9l, y luego ya empez\u00f3 con todos los &#8216;buenos&#8217;&#8230;\u00bb<\/p>\n<p>\u00abEs un pedazo de artista y un pedazo de m\u00fasico. Es una pena que no hubiera hecho esto antes, pero nunca es tarde.\u00bb<\/p>\n<p>\u00abNo tuvo ni que convencerme para venir&#8230; soy su padrino; su padre me encarga: &#8216;cuida al ni\u00f1o&#8217;!\u00bb<\/p>\n<p>&nbsp;<\/p>\n<p>&nbsp;<\/p>\n<hr \/>\n<p>&nbsp;<\/p>\n<p>&nbsp;<\/p>\n<p>Foto de Fondo de imagen de portada de Mario Miranda, gracias! <a href=\"http:\/\/www.mariomiranda.es\" target=\"_blank\">www.mariomiranda.es<\/a><\/p>\n","protected":false},"excerpt":{"rendered":"<p>El pasado mi\u00e9rcoles, Ricardo Mar\u00edn ofreci\u00f3 un concierto en la sala Joy Eslava de Madrid, para presentar su nuevo disco Buenas Intenciones, as\u00ed como para celebrar los m\u00e1s de\u00a025 a\u00f1os en el mundo de la m\u00fasica de Ricardo. El directo se grab\u00f3 para la posterior edici\u00f3n y lanzamiento de\u00a0un\u00a0CD\/DVD (que esperamos que todos compr\u00e9is&#8230;). Ricardo<a class=\"moretag\" href=\"https:\/\/www.manologarciaycia.com\/?p=12205\" title=\"Buenas Intenciones, Ricardo Mar\u00edn!\" target=\"_self\" rel=\"follow\"> <font face=arial size=2>[Leer m\u00e1s]<\/font> <\/a><\/p>\n","protected":false},"author":2,"featured_media":12218,"comment_status":"closed","ping_status":"closed","sticky":false,"template":"","format":"standard","meta":{"footnotes":""},"categories":[1],"tags":[],"class_list":["post-12205","post","type-post","status-publish","format-standard","has-post-thumbnail","hentry","category-manolo-garcia"],"_links":{"self":[{"href":"https:\/\/www.manologarciaycia.com\/index.php?rest_route=\/wp\/v2\/posts\/12205","targetHints":{"allow":["GET"]}}],"collection":[{"href":"https:\/\/www.manologarciaycia.com\/index.php?rest_route=\/wp\/v2\/posts"}],"about":[{"href":"https:\/\/www.manologarciaycia.com\/index.php?rest_route=\/wp\/v2\/types\/post"}],"author":[{"embeddable":true,"href":"https:\/\/www.manologarciaycia.com\/index.php?rest_route=\/wp\/v2\/users\/2"}],"replies":[{"embeddable":true,"href":"https:\/\/www.manologarciaycia.com\/index.php?rest_route=%2Fwp%2Fv2%2Fcomments&post=12205"}],"version-history":[{"count":15,"href":"https:\/\/www.manologarciaycia.com\/index.php?rest_route=\/wp\/v2\/posts\/12205\/revisions"}],"predecessor-version":[{"id":12924,"href":"https:\/\/www.manologarciaycia.com\/index.php?rest_route=\/wp\/v2\/posts\/12205\/revisions\/12924"}],"wp:featuredmedia":[{"embeddable":true,"href":"https:\/\/www.manologarciaycia.com\/index.php?rest_route=\/wp\/v2\/media\/12218"}],"wp:attachment":[{"href":"https:\/\/www.manologarciaycia.com\/index.php?rest_route=%2Fwp%2Fv2%2Fmedia&parent=12205"}],"wp:term":[{"taxonomy":"category","embeddable":true,"href":"https:\/\/www.manologarciaycia.com\/index.php?rest_route=%2Fwp%2Fv2%2Fcategories&post=12205"},{"taxonomy":"post_tag","embeddable":true,"href":"https:\/\/www.manologarciaycia.com\/index.php?rest_route=%2Fwp%2Fv2%2Ftags&post=12205"}],"curies":[{"name":"wp","href":"https:\/\/api.w.org\/{rel}","templated":true}]}}