{"id":12192,"date":"2015-03-15T15:58:58","date_gmt":"2015-03-15T14:58:58","guid":{"rendered":"http:\/\/www.manologarciaycia.com\/?p=12192"},"modified":"2015-03-15T16:06:25","modified_gmt":"2015-03-15T15:06:25","slug":"dos-fotos-ineditas-de-ricardo-marin-y-manolo-garcia-de-gus-alves","status":"publish","type":"post","link":"https:\/\/www.manologarciaycia.com\/?p=12192","title":{"rendered":"Dos fotos in\u00e9ditas de Ricardo Mar\u00edn y Manolo Garc\u00eda, de Gus Alves!"},"content":{"rendered":"<p>El gran Gus Alves nos cede estas dos fotos in\u00e9ditas de Ricardo Mar\u00edn y Manolo Garc\u00eda (en exclusiva) del concierto Buenas Intenciones del pasado mi\u00e9rcoles en Joy Eslava, Madrid.<\/p>\n<p><center><div id='gallery-1' class='gallery galleryid-12192 gallery-columns-2 gallery-size-thumbnail'><dl class='gallery-item'>\n\t\t\t<dt class='gallery-icon portrait'>\n\t\t\t\t<a class='swipebox' href='https:\/\/www.manologarciaycia.com\/wp-content\/uploads\/2015\/03\/MG_GA_Petaos_2.jpg'><img loading=\"lazy\" decoding=\"async\" width=\"150\" height=\"150\" src=\"https:\/\/www.manologarciaycia.com\/wp-content\/uploads\/2015\/03\/MG_GA_Petaos_2-150x150.jpg\" class=\"attachment-thumbnail size-thumbnail\" alt=\"\" \/><\/a>\n\t\t\t<\/dt><\/dl><dl class='gallery-item'>\n\t\t\t<dt class='gallery-icon portrait'>\n\t\t\t\t<a class='swipebox' href='https:\/\/www.manologarciaycia.com\/wp-content\/uploads\/2015\/03\/MG_GA_Petaos_1.jpg'><img loading=\"lazy\" decoding=\"async\" width=\"150\" height=\"150\" src=\"https:\/\/www.manologarciaycia.com\/wp-content\/uploads\/2015\/03\/MG_GA_Petaos_1-150x150.jpg\" class=\"attachment-thumbnail size-thumbnail\" alt=\"\" \/><\/a>\n\t\t\t<\/dt><\/dl><br style=\"clear: both\" \/>\n\t\t<\/div>\n<\/center><\/p>\n<p>Gracias Gus, un abrazo! <a href=\"http:\/\/gusalves.com\/\" target=\"_blank\">http:\/\/gusalves.com\/<\/a><\/p>\n<p>#RicardoMar\u00edn #ManoloGarc\u00eda<\/p>\n","protected":false},"excerpt":{"rendered":"<p>El gran Gus Alves nos cede estas dos fotos in\u00e9ditas de Ricardo Mar\u00edn y Manolo Garc\u00eda (en exclusiva) del concierto Buenas Intenciones del pasado mi\u00e9rcoles en Joy Eslava, Madrid. Gracias Gus, un abrazo! http:\/\/gusalves.com\/ #RicardoMar\u00edn #ManoloGarc\u00eda<a class=\"moretag\" href=\"https:\/\/www.manologarciaycia.com\/?p=12192\" title=\"Dos fotos in\u00e9ditas de Ricardo Mar\u00edn y Manolo Garc\u00eda, de Gus Alves!\" target=\"_self\" rel=\"follow\"> <font face=arial size=2>[Leer m\u00e1s]<\/font> <\/a><\/p>\n","protected":false},"author":2,"featured_media":0,"comment_status":"closed","ping_status":"closed","sticky":false,"template":"","format":"gallery","meta":{"footnotes":""},"categories":[1],"tags":[],"class_list":["post-12192","post","type-post","status-publish","format-gallery","hentry","category-manolo-garcia","post_format-post-format-gallery"],"_links":{"self":[{"href":"https:\/\/www.manologarciaycia.com\/index.php?rest_route=\/wp\/v2\/posts\/12192","targetHints":{"allow":["GET"]}}],"collection":[{"href":"https:\/\/www.manologarciaycia.com\/index.php?rest_route=\/wp\/v2\/posts"}],"about":[{"href":"https:\/\/www.manologarciaycia.com\/index.php?rest_route=\/wp\/v2\/types\/post"}],"author":[{"embeddable":true,"href":"https:\/\/www.manologarciaycia.com\/index.php?rest_route=\/wp\/v2\/users\/2"}],"replies":[{"embeddable":true,"href":"https:\/\/www.manologarciaycia.com\/index.php?rest_route=%2Fwp%2Fv2%2Fcomments&post=12192"}],"version-history":[{"count":6,"href":"https:\/\/www.manologarciaycia.com\/index.php?rest_route=\/wp\/v2\/posts\/12192\/revisions"}],"predecessor-version":[{"id":12204,"href":"https:\/\/www.manologarciaycia.com\/index.php?rest_route=\/wp\/v2\/posts\/12192\/revisions\/12204"}],"wp:attachment":[{"href":"https:\/\/www.manologarciaycia.com\/index.php?rest_route=%2Fwp%2Fv2%2Fmedia&parent=12192"}],"wp:term":[{"taxonomy":"category","embeddable":true,"href":"https:\/\/www.manologarciaycia.com\/index.php?rest_route=%2Fwp%2Fv2%2Fcategories&post=12192"},{"taxonomy":"post_tag","embeddable":true,"href":"https:\/\/www.manologarciaycia.com\/index.php?rest_route=%2Fwp%2Fv2%2Ftags&post=12192"}],"curies":[{"name":"wp","href":"https:\/\/api.w.org\/{rel}","templated":true}]}}