{"id":1219,"date":"2011-02-10T09:17:29","date_gmt":"2011-02-10T08:17:29","guid":{"rendered":"http:\/\/petaos.net\/?p=1219"},"modified":"2011-02-10T09:17:45","modified_gmt":"2011-02-10T08:17:45","slug":"asiste-a-un-ensayo-de-la-banda-de-cieza","status":"publish","type":"post","link":"https:\/\/www.manologarciaycia.com\/?p=1219","title":{"rendered":"MG: Asiste a un ensayo de la Banda de Cieza"},"content":{"rendered":"<p>El cantante Manolo Garc\u00eda asiste a un ensayo de la Banda de la Escuela Municipal de M\u00fasica de Cieza, <span>acompa\u00f1ado por el maestro Francisco Garc\u00eda  Alc\u00e1zar; el popular cantante charl\u00f3 con los j\u00f3venes m\u00fasicos ciezanos y  los anim\u00f3 a seguir esforz\u00e1ndose.<\/span><\/p>\n<p><span><img loading=\"lazy\" decoding=\"async\" class=\"alignleft\" src=\"http:\/\/www.enciezadigital.com\/public\/290111ManoloGac%C3%ADaBandaLoritoG.jpg\" alt=\"\" width=\"400\" height=\"269\" \/><\/span>Fue toda una sorpresa para los componentes de la Banda de la Escuela  Municipal de M\u00fasica. Y ocurri\u00f3 el pasado s\u00e1bado 23 de enero. Lo que iba a  ser un ensayo m\u00e1s, se convirti\u00f3 de pronto en todo un acontecimiento.  Mientras ensayaban, como de costumbre, apareci\u00f3 por el auditorio nada  menos que Manolo Garc\u00eda, uno de los int\u00e9rpretes m\u00e1s prestigiosos del  actual panorama musical espa\u00f1ol. Los componentes de la Banda del  \u201cLorito\u201d no daban cr\u00e9dito a lo que estaban viendo. Pero s\u00ed, era \u00e9l.<\/p>\n<p> Fuente: EnCiezaDigital<br \/>\nCarmen,  miembro de la Banda, nos cuenta lo que pas\u00f3 aquel d\u00eda: \u201cNos  encontr\u00e1bamos en el ensayo del s\u00e1bado. Era media ma\u00f1ana, cuando a  nuestro director, Paco \u201cEl Lorito\u201d, lo llamaron al m\u00f3vil. Nos dijo que  ten\u00eda que ir a recoger a un gran amigo suyo a la Venta del Olivo, que  continu\u00e1ramos ensayando, que \u00e9l regresar\u00eda m\u00e1s tarde. Los m\u00e1s mayores se  hicieron una idea de qui\u00e9n podr\u00eda ser, pero la gran mayor\u00eda de nosotros  no nos lo pod\u00edamos ni imaginar. Continuamos ensayando. Fue entonces  cuando Paco llam\u00f3 a un m\u00fasico para decirle que bajar\u00e1n a abrirle ya que  se encontraba en la puerta con Manolo Garc\u00eda, ni m\u00e1s ni menos. Al  enterarse de esto un m\u00fasico de la banda, gran fan del cantante, como si  fuera un ni\u00f1o, sali\u00f3 corriendo escaleras abajo para ver a su gran  \u00eddolo\u201d. No nos lo pod\u00edamos creer\u201d.<\/p>\n<p>\u201cCuando por fin entr\u00f3 en el  auditorio \u2013prosigue Luis-\u00a0 lo saludamos y hablamos un rato con \u00e9l.  Tambi\u00e9n le tocamos un pasodoble llamado \u201cSangre de Artista\u201d, que pareci\u00f3  gustarle mucho. Luego nos echamos unas fotos con \u00e9l y nos anim\u00f3 a que  sigui\u00e9ramos esforz\u00e1ndonos. Finalmente se tuvo que marchar ya que hab\u00eda  quedado con nuestro director para comer\u201d.<\/p>\n<p>Conocida es la amistad  que une al maestro Francisco Garc\u00eda Alc\u00e1zar con el genial Manolo Garc\u00eda.  Coincidieron en Barcelona mientras Paco hac\u00eda el servicio militar,  entablaron amistad y llegaron a tocar juntos en aquellos principios de  los ochenta. Luego cada uno sigui\u00f3 su camino, pero perdur\u00f3 la relaci\u00f3n  amistosa, lo que hace que se vean con cierta frecuencia. En la  entrevista que enCiezadigital le hizo al maestro Alc\u00e1zar (y que pueden  consultar en www.enciezadigital.com\/detallenoticia.asp?&#8230;6053) este  \u00faltimo refer\u00eda sus andaduras con el que fuera el alma de \u201cEl \u00daltimo de  la Fila\u201d.<\/p>\n<p>Manolo Garc\u00eda es un artista que refleja las mejores  cualidades de la m\u00fasica espa\u00f1ola. Desde que comenz\u00f3 su carrera hace 30  a\u00f1os en bandas alternativas, la defensa de una ra\u00edz hispana junto al  compromiso y la altura po\u00e9tica de sus textos marcan una trayectoria  libre y alejada de lo convencional, a pesar de la enorme trascendencia  popular y medi\u00e1tica de su obra, que se refleja en los 30 Discos de  Platino conseguidos en una carrera en solitario que comenz\u00f3 en 1998.  Compositor de m\u00fasicas y letras de todas sus canciones y productor y  arreglista de todos sus \u00e1lbumes, Manolo Garc\u00eda sostiene su m\u00fasica sobre  una ra\u00edz sure\u00f1a y mediterr\u00e1nea, con la fuerza y la energ\u00eda del rock  mestizo, siempre a pie de calle. Su compromiso mira hacia la utop\u00eda, la  solidaridad y la libertad.<\/p>\n<p>La carrera de Manolo Garc\u00eda  (Barcelona, 1955) comenz\u00f3 en 1980 con el grupo Los R\u00e1pidos. Dos a\u00f1os m\u00e1s  tarde conoci\u00f3 a Quimi Portet y cre\u00f3 Los Burros, manteni\u00e9ndose en un  circuito del rock alternativo. En 1984, el d\u00fao se transformaba en El  \u00daltimo de la Fila.<\/p>\n<p>A lo largo de su trayectoria, Manolo Garc\u00eda ha  vendido m\u00e1s de 25 millones de ejemplares de sus cuatro discos de  estudio en solitario y otros tantos con los siete \u00e1lbumes publicados,  junto a Quimi Portet, con El \u00daltimo de la Fila. En solitario, Manolo  Garc\u00eda ha publicado cuatro \u00e1lbumes de estudio: Arena en los bolsillos  (1998), Nunca el tiempo es perdido (2001), Para que no se duerman mis  sentidos (2004) y Saldremos a la lluvia (2008). Todos han sido n\u00ba1 y  multiplatino en Espa\u00f1a, a lo que hay que a\u00f1adir lo conseguido con discos  como Los singles de Arena en los bolsillos (1999), Los singles de Nunca  el tiempo es perdido (2002) y Singles, directos y sirocos (2005).<\/p>\n<p>Fuente: EnCiezaDigital &#8211; <a href=\"http:\/\/www.enciezadigital.com\/detalleNoticia.asp?Idnoticia=84921\" target=\"_blank\">ENLACE<\/a><\/p>\n","protected":false},"excerpt":{"rendered":"<p>El cantante Manolo Garc\u00eda asiste a un ensayo de la Banda de la Escuela Municipal de M\u00fasica de Cieza, acompa\u00f1ado por el maestro Francisco Garc\u00eda Alc\u00e1zar; el popular cantante charl\u00f3 con los j\u00f3venes m\u00fasicos ciezanos y los anim\u00f3 a seguir esforz\u00e1ndose. Fue toda una sorpresa para los componentes de la Banda de la Escuela Municipal<a class=\"moretag\" href=\"https:\/\/www.manologarciaycia.com\/?p=1219\" title=\"MG: Asiste a un ensayo de la Banda de Cieza\" target=\"_self\" rel=\"follow\"> <font face=arial size=2>[Leer m\u00e1s]<\/font> <\/a><\/p>\n","protected":false},"author":2,"featured_media":0,"comment_status":"closed","ping_status":"closed","sticky":false,"template":"","format":"standard","meta":{"footnotes":""},"categories":[1],"tags":[197],"class_list":["post-1219","post","type-post","status-publish","format-standard","hentry","category-manolo-garcia","tag-manolo-garcia-cieza-banda-musica"],"_links":{"self":[{"href":"https:\/\/www.manologarciaycia.com\/index.php?rest_route=\/wp\/v2\/posts\/1219","targetHints":{"allow":["GET"]}}],"collection":[{"href":"https:\/\/www.manologarciaycia.com\/index.php?rest_route=\/wp\/v2\/posts"}],"about":[{"href":"https:\/\/www.manologarciaycia.com\/index.php?rest_route=\/wp\/v2\/types\/post"}],"author":[{"embeddable":true,"href":"https:\/\/www.manologarciaycia.com\/index.php?rest_route=\/wp\/v2\/users\/2"}],"replies":[{"embeddable":true,"href":"https:\/\/www.manologarciaycia.com\/index.php?rest_route=%2Fwp%2Fv2%2Fcomments&post=1219"}],"version-history":[{"count":3,"href":"https:\/\/www.manologarciaycia.com\/index.php?rest_route=\/wp\/v2\/posts\/1219\/revisions"}],"predecessor-version":[{"id":1222,"href":"https:\/\/www.manologarciaycia.com\/index.php?rest_route=\/wp\/v2\/posts\/1219\/revisions\/1222"}],"wp:attachment":[{"href":"https:\/\/www.manologarciaycia.com\/index.php?rest_route=%2Fwp%2Fv2%2Fmedia&parent=1219"}],"wp:term":[{"taxonomy":"category","embeddable":true,"href":"https:\/\/www.manologarciaycia.com\/index.php?rest_route=%2Fwp%2Fv2%2Fcategories&post=1219"},{"taxonomy":"post_tag","embeddable":true,"href":"https:\/\/www.manologarciaycia.com\/index.php?rest_route=%2Fwp%2Fv2%2Ftags&post=1219"}],"curies":[{"name":"wp","href":"https:\/\/api.w.org\/{rel}","templated":true}]}}