{"id":1217,"date":"2011-01-15T18:42:25","date_gmt":"2011-01-15T17:42:25","guid":{"rendered":"http:\/\/petaos.net\/?p=1217"},"modified":"2011-01-15T18:42:25","modified_gmt":"2011-01-15T17:42:25","slug":"mg-suspendido-concierto-buenos-aires-nota-personal-manolo-garcia","status":"publish","type":"post","link":"https:\/\/www.manologarciaycia.com\/?p=1217","title":{"rendered":"MG: Suspendido concierto Buenos Aires &#8211; Nota personal Manolo Garc\u00eda"},"content":{"rendered":"<p style=\"margin-top: 10px; margin-right: 0px; margin-bottom: 0px; margin-left: 0px; outline-width: 0px; outline-style: initial; outline-color: initial; font-size: 13px; vertical-align: baseline; background-image: initial; background-attachment: initial; background-origin: initial; background-clip: initial; background-color: transparent; background-position: initial initial; background-repeat: initial initial; padding: 0px; border: 0px initial initial;\">El concierto de Manolo Garc\u00eda programado para el d\u00eda 10 de febrero en Buenos Aires no se podr\u00e1 celebrar por el aplazamiento de los pr\u00f3ximos conciertos del artista en Latinoam\u00e9rica.<br \/>\nDado que por el momento se desconoce la fecha definitiva de su celebraci\u00f3n, la organizaci\u00f3n del concierto ha considerado adecuada la devoluci\u00f3n del importe de las entradas.<\/p>\n<p style=\"margin-top: 10px; margin-right: 0px; margin-bottom: 0px; margin-left: 0px; outline-width: 0px; outline-style: initial; outline-color: initial; font-size: 13px; vertical-align: baseline; background-image: initial; background-attachment: initial; background-origin: initial; background-clip: initial; background-color: transparent; background-position: initial initial; background-repeat: initial initial; padding: 0px; border: 0px initial initial;\">Tanto la organizaci\u00f3n como el artista lamentan profundamente esta situaci\u00f3n y desean expresar su sincera y firme voluntad de celebrar este concierto en pr\u00f3ximas fechas. As\u00ed mismo, intentar\u00edamos extender el viaje y ofrecer conciertos en otros pa\u00edses que lo est\u00e1n demandando.<\/p>\n<p style=\"margin-top: 10px; margin-right: 0px; margin-bottom: 0px; margin-left: 0px; outline-width: 0px; outline-style: initial; outline-color: initial; font-size: 13px; vertical-align: baseline; background-image: initial; background-attachment: initial; background-origin: initial; background-clip: initial; background-color: transparent; background-position: initial initial; background-repeat: initial initial; padding: 0px; border: 0px initial initial;\"><strong>Nota personal de Manolo Garc\u00eda<\/strong><\/p>\n<p style=\"margin-top: 10px; margin-right: 0px; margin-bottom: 0px; margin-left: 0px; outline-width: 0px; outline-style: initial; outline-color: initial; font-size: 13px; vertical-align: baseline; background-image: initial; background-attachment: initial; background-origin: initial; background-clip: initial; background-color: transparent; background-position: initial initial; background-repeat: initial initial; padding: 0px; border: 0px initial initial;\"><em>Aplazar o cancelar un concierto son decisiones extremas contra las que siempre he luchado pero cierto es que a veces las cosas escapan de nuestra voluntad y no son como uno quisiera.<br \/>\nSiento muy sinceramente este nuevo aplazamiento de mi concierto en Buenos Aires. Puede sonar extra\u00f1o porque es la segunda vez\u00a0 pero quiero que sep\u00e1is que est\u00e1 en mi voluntad tocar en Buenos Aires y, si pudiera ser, en otras ciudades de la Rep\u00fablica Argentina. Por supuesto intentando extender el viaje a otros pa\u00edses. <\/em><\/p>\n<p style=\"margin-top: 10px; margin-right: 0px; margin-bottom: 0px; margin-left: 0px; outline-width: 0px; outline-style: initial; outline-color: initial; font-size: 13px; vertical-align: baseline; background-image: initial; background-attachment: initial; background-origin: initial; background-clip: initial; background-color: transparent; background-position: initial initial; background-repeat: initial initial; padding: 0px; border: 0px initial initial;\">\n<p style=\"margin-top: 10px; margin-right: 0px; margin-bottom: 0px; margin-left: 0px; outline-width: 0px; outline-style: initial; outline-color: initial; font-size: 13px; vertical-align: baseline; background-image: initial; background-attachment: initial; background-origin: initial; background-clip: initial; background-color: transparent; background-position: initial initial; background-repeat: initial initial; padding: 0px; border: 0px initial initial;\">\n<p style=\"margin-top: 10px; margin-right: 0px; margin-bottom: 0px; margin-left: 0px; outline-width: 0px; outline-style: initial; outline-color: initial; font-size: 13px; vertical-align: baseline; background-image: initial; background-attachment: initial; background-origin: initial; background-clip: initial; background-color: transparent; background-position: initial initial; background-repeat: initial initial; padding: 0px; border: 0px initial initial;\"><em>Esta situaci\u00f3n es nueva para m\u00ed en veinticinco a\u00f1os de escenarios. Jam\u00e1s hab\u00eda cambiado un concierto dos veces de fecha y s\u00f3lo en muy contadas ocasiones en mi vida he tenido que cambiar de d\u00eda un concierto por causas de fuerza mayor. Y hablo de alg\u00fan millar largo de conciertos.<\/em><\/p>\n<p style=\"margin-top: 10px; margin-right: 0px; margin-bottom: 0px; margin-left: 0px; outline-width: 0px; outline-style: initial; outline-color: initial; font-size: 13px; vertical-align: baseline; background-image: initial; background-attachment: initial; background-origin: initial; background-clip: initial; background-color: transparent; background-position: initial initial; background-repeat: initial initial; padding: 0px; border: 0px initial initial;\"><em>Es cierto que en mis giras en Espa\u00f1a me siento muy a gusto y muy bien tratado. C\u00f3mo no decirlo tras todos estos a\u00f1os. Estoy agradecido de la gran oportunidad que se me ha dado pero a la vez, por razones personales y sentimentales, en cada peque\u00f1o concierto que he ofrecido en Latinoam\u00e9rica, si me permit\u00eds, me he sentido como en casa por todas las atenciones y el afecto recibido. Y con cada uno de los pa\u00edses he ido adquiriendo un \u00edntimo pero firme v\u00ednculo que ninguna situaci\u00f3n ajena a m\u00ed va a romper.<\/em><\/p>\n<p style=\"margin-top: 10px; margin-right: 0px; margin-bottom: 0px; margin-left: 0px; outline-width: 0px; outline-style: initial; outline-color: initial; font-size: 13px; vertical-align: baseline; background-image: initial; background-attachment: initial; background-origin: initial; background-clip: initial; background-color: transparent; background-position: initial initial; background-repeat: initial initial; padding: 0px; border: 0px initial initial;\"><em>No he ocultado nunca mi gusto por las giras y los conciertos por su parte musical y adem\u00e1s porque me ofrecen la oportunidad magn\u00edfica de sentir que aporto algo, por poco que sea, a los dem\u00e1s y que, a cambio, la inyecci\u00f3n de energ\u00eda y vida que recibo es alt\u00edsima. Es por esto mi pesar por no poder acudir pr\u00f3ximamente al concierto convocado en Buenos Aires y porque siempre he sentido que no es honroso no cumplir la palabra dada. Este sentir se extiende a otros pa\u00edses en los que puedo llegar a notar un m\u00ednimo pero suficiente inter\u00e9s por mi m\u00fasica. M\u00e9xico, Argentina, Venezuela, Per\u00fa, Chile, Colombia, y otros pa\u00edses de habla hispana&#8230; En algunos de ellos he tocado anteriormente percibiendo perfectamente el calor y el cari\u00f1o en la acogida hacia mi m\u00fasica.<\/em><\/p>\n<p style=\"margin-top: 10px; margin-right: 0px; margin-bottom: 0px; margin-left: 0px; outline-width: 0px; outline-style: initial; outline-color: initial; font-size: 13px; vertical-align: baseline; background-image: initial; background-attachment: initial; background-origin: initial; background-clip: initial; background-color: transparent; background-position: initial initial; background-repeat: initial initial; padding: 0px; border: 0px initial initial;\"><em>A riesgo de repetirme, insisto en que esta situaci\u00f3n no s\u00f3lo es nueva para m\u00ed sino que tambi\u00e9n es muy estresante y me deja un amargo sabor de boca. Como no s\u00e9 c\u00f3mo resarcir a las personas que hab\u00edan comprado la entrada y que por segunda vez se quedan sin concierto (igual que yo) y demostrarles mi sincera decepci\u00f3n me gustar\u00eda hacerles llegar, aunque suene a premio de consolaci\u00f3n (y no es as\u00ed, m\u00e1s bien es un gesto de respeto), una colecci\u00f3n de mis cuatro discos publicados en Espa\u00f1a m\u00e1s el cd libro recopilatorio De mares y visiones y una l\u00e1mina con un dibujo m\u00edo, por supuesto adem\u00e1s de la devoluci\u00f3n del importe de la entrada.<br \/>\nDado que no tenemos forma activa de llegar a vosotros, os ruego que por favor contact\u00e9is con el correo que aqu\u00ed os indico: perro@galea.e.telefonica.net<\/p>\n<p style=\"margin-top: 10px; margin-right: 0px; margin-bottom: 0px; margin-left: 0px; outline-width: 0px; outline-style: initial; outline-color: initial; font-size: 13px; vertical-align: baseline; background-image: initial; background-attachment: initial; background-origin: initial; background-clip: initial; background-color: transparent; background-position: initial initial; background-repeat: initial initial; padding: 0px; border: 0px initial initial;\"><em>Espero sinceramente que nos veamos pronto y que pueda tocar para vosotros, si as\u00ed lo dese\u00e1is, canciones de un nuevo disco que estoy componiendo y grabando con toda la ilusi\u00f3n del mundo. Como siempre.<\/em><\/p>\n<p style=\"margin-top: 10px; margin-right: 0px; margin-bottom: 0px; margin-left: 0px; outline-width: 0px; outline-style: initial; outline-color: initial; font-size: 13px; vertical-align: baseline; background-image: initial; background-attachment: initial; background-origin: initial; background-clip: initial; background-color: transparent; background-position: initial initial; background-repeat: initial initial; padding: 0px; border: 0px initial initial;\"><em>Un abrazo a todos,<\/em><\/p>\n<p style=\"margin-top: 10px; margin-right: 0px; margin-bottom: 0px; margin-left: 0px; outline-width: 0px; outline-style: initial; outline-color: initial; font-size: 13px; vertical-align: baseline; background-image: initial; background-attachment: initial; background-origin: initial; background-clip: initial; background-color: transparent; background-position: initial initial; background-repeat: initial initial; padding: 0px; border: 0px initial initial;\"><em><br \/>\nManolo Garc\u00eda<\/em><\/p>\n","protected":false},"excerpt":{"rendered":"<p>El concierto de Manolo Garc\u00eda programado para el d\u00eda 10 de febrero en Buenos Aires no se podr\u00e1 celebrar por el aplazamiento de los pr\u00f3ximos conciertos del artista en Latinoam\u00e9rica. Dado que por el momento se desconoce la fecha definitiva de su celebraci\u00f3n, la organizaci\u00f3n del concierto ha considerado adecuada la devoluci\u00f3n del importe de<a class=\"moretag\" href=\"https:\/\/www.manologarciaycia.com\/?p=1217\" title=\"MG: Suspendido concierto Buenos Aires &#8211; Nota personal Manolo Garc\u00eda\" target=\"_self\" rel=\"follow\"> <font face=arial size=2>[Leer m\u00e1s]<\/font> <\/a><\/p>\n","protected":false},"author":2,"featured_media":0,"comment_status":"closed","ping_status":"closed","sticky":false,"template":"","format":"standard","meta":{"footnotes":""},"categories":[1],"tags":[196],"class_list":["post-1217","post","type-post","status-publish","format-standard","hentry","category-manolo-garcia","tag-manolo-garcia-concierto-buenos-aires-argentina-cancelado-suspendido-nota-personal"],"_links":{"self":[{"href":"https:\/\/www.manologarciaycia.com\/index.php?rest_route=\/wp\/v2\/posts\/1217","targetHints":{"allow":["GET"]}}],"collection":[{"href":"https:\/\/www.manologarciaycia.com\/index.php?rest_route=\/wp\/v2\/posts"}],"about":[{"href":"https:\/\/www.manologarciaycia.com\/index.php?rest_route=\/wp\/v2\/types\/post"}],"author":[{"embeddable":true,"href":"https:\/\/www.manologarciaycia.com\/index.php?rest_route=\/wp\/v2\/users\/2"}],"replies":[{"embeddable":true,"href":"https:\/\/www.manologarciaycia.com\/index.php?rest_route=%2Fwp%2Fv2%2Fcomments&post=1217"}],"version-history":[{"count":1,"href":"https:\/\/www.manologarciaycia.com\/index.php?rest_route=\/wp\/v2\/posts\/1217\/revisions"}],"predecessor-version":[{"id":1218,"href":"https:\/\/www.manologarciaycia.com\/index.php?rest_route=\/wp\/v2\/posts\/1217\/revisions\/1218"}],"wp:attachment":[{"href":"https:\/\/www.manologarciaycia.com\/index.php?rest_route=%2Fwp%2Fv2%2Fmedia&parent=1217"}],"wp:term":[{"taxonomy":"category","embeddable":true,"href":"https:\/\/www.manologarciaycia.com\/index.php?rest_route=%2Fwp%2Fv2%2Fcategories&post=1217"},{"taxonomy":"post_tag","embeddable":true,"href":"https:\/\/www.manologarciaycia.com\/index.php?rest_route=%2Fwp%2Fv2%2Ftags&post=1217"}],"curies":[{"name":"wp","href":"https:\/\/api.w.org\/{rel}","templated":true}]}}