{"id":1214,"date":"2011-01-15T18:35:57","date_gmt":"2011-01-15T17:35:57","guid":{"rendered":"http:\/\/petaos.net\/?p=1214"},"modified":"2011-01-15T18:40:37","modified_gmt":"2011-01-15T17:40:37","slug":"1214","status":"publish","type":"post","link":"https:\/\/www.manologarciaycia.com\/?p=1214","title":{"rendered":"MG: Nota de Manolo Garc\u00eda sobre el env\u00edo de CD-Libros"},"content":{"rendered":"<p style=\"margin-top: 10px; margin-right: 0px; margin-bottom: 0px; margin-left: 0px; outline-width: 0px; outline-style: initial; outline-color: initial; font-size: 13px; vertical-align: baseline; background-image: initial; background-attachment: initial; background-origin: initial; background-clip: initial; background-color: transparent; background-position: initial initial; background-repeat: initial initial; padding: 0px; border: 0px initial initial;\">Nota de Manolo Garc\u00eda sobre el env\u00edo de CD-Libros:<\/p>\n<p style=\"margin-top: 10px; margin-right: 0px; margin-bottom: 0px; margin-left: 0px; outline-width: 0px; outline-style: initial; outline-color: initial; font-size: 13px; vertical-align: baseline; background-image: initial; background-attachment: initial; background-origin: initial; background-clip: initial; background-color: transparent; background-position: initial initial; background-repeat: initial initial; padding: 0px; border: 0px initial initial;\"><em>La idea primigenia de este disco no ten\u00eda nada que ver con Espa\u00f1a y si acept\u00e9 su venta en la web fue s\u00f3lo a petici\u00f3n de mi compa\u00f1\u00eda discogr\u00e1fica, nunca por iniciativa m\u00eda, siempre bajo la luz de no encarecer in\u00fatilmente y entorpecer a quien lo quisiera tener a pesar de todo. Como se ha visto, fiasco del puto mundo moderno mundial de los c&#8230;<\/em><\/p>\n<p style=\"margin-top: 10px; margin-right: 0px; margin-bottom: 0px; margin-left: 0px; outline-width: 0px; outline-style: initial; outline-color: initial; font-size: 13px; vertical-align: baseline; background-image: initial; background-attachment: initial; background-origin: initial; background-clip: initial; background-color: transparent; background-position: initial initial; background-repeat: initial initial; padding: 0px; border: 0px initial initial;\"><em>Se que hubo problemas al principio por una desafortunada suma de problemas que entend\u00eda solucionados pero leo ahora que todav\u00eda hay gente que est\u00e1 intentando recibir un disco m\u00edo pagado hace semanas, si no alg\u00fan mes.<\/em><\/p>\n<p style=\"margin-top: 10px; margin-right: 0px; margin-bottom: 0px; margin-left: 0px; outline-width: 0px; outline-style: initial; outline-color: initial; font-size: 13px; vertical-align: baseline; background-image: initial; background-attachment: initial; background-origin: initial; background-clip: initial; background-color: transparent; background-position: initial initial; background-repeat: initial initial; padding: 0px; border: 0px initial initial;\">\n<p style=\"margin-top: 10px; margin-right: 0px; margin-bottom: 0px; margin-left: 0px; outline-width: 0px; outline-style: initial; outline-color: initial; font-size: 13px; vertical-align: baseline; background-image: initial; background-attachment: initial; background-origin: initial; background-clip: initial; background-color: transparent; background-position: initial initial; background-repeat: initial initial; padding: 0px; border: 0px initial initial;\">\n<p style=\"margin-top: 10px; margin-right: 0px; margin-bottom: 0px; margin-left: 0px; outline-width: 0px; outline-style: initial; outline-color: initial; font-size: 13px; vertical-align: baseline; background-image: initial; background-attachment: initial; background-origin: initial; background-clip: initial; background-color: transparent; background-position: initial initial; background-repeat: initial initial; padding: 0px; border: 0px initial initial;\"><em>Puedo disculpar problemas log\u00edsticos de un sistema que empieza, las huelgas de mensajer\u00eda y muchas otras cosas, pero lo que no es disculpable es la kafkiana ausencia de respuesta, tanto al principio, cuando durante d\u00edas nadie dio explicaci\u00f3n de qu\u00e9 problemas hab\u00eda, como ahora. Digamos, intentando no utilizar las palabras de grueso calibre que tengo en la punta de la lengua, que me enerva hasta lo indecible leer que por algo relacionado con mi m\u00fasica y sin yo quererlo ni pudiendo hacer nada, alguien tenga que enviar cinco o seis mails no se sabe bien a d\u00f3nde ni a qui\u00e9n para intentar saber y no obtenga la menor respuesta. Lo \u00fanico que parece haber funcionado correctamente en esta aventura es el cobro.<br \/>\nSi llego a tener la m\u00e1s m\u00ednima idea de que iba a pasar lo que ha pasado jam\u00e1s hubiera aceptado esto. Y por supuesto \u00e9sta va a ser la primera y \u00faltima vez que me vea en este brete.<br \/>\nS\u00e9 que desde la compa\u00f1\u00eda discogr\u00e1fica, y sin ser ellos los culpables, han estado contactando con la mejor voluntad con las personas que todav\u00eda ten\u00edan problemas para solucionarlo por v\u00eda directa pero veo que todav\u00eda hay algunas quejas. No es mi trabajo pero s\u00ed que el asunto es de mi incumbencia porque me subleva la irresponsabilidad y en este caso m\u00e1s porque es algo que me ata\u00f1e. Para aquellos que todav\u00eda est\u00e9n lidiando contra la nada, os ruego que por favor envi\u00e9is alg\u00fan tipo de contacto a esta direcci\u00f3n: perro@galea.e.telefonica.net y, ya sea por parte de Sony o por parte de mi oficina personal,<br \/>\nrecibir\u00e9is el disco por mensajer\u00eda urgente.<\/em><\/p>\n<p style=\"margin-top: 10px; margin-right: 0px; margin-bottom: 0px; margin-left: 0px; outline-width: 0px; outline-style: initial; outline-color: initial; font-size: 13px; vertical-align: baseline; background-image: initial; background-attachment: initial; background-origin: initial; background-clip: initial; background-color: transparent; background-position: initial initial; background-repeat: initial initial; padding: 0px; border: 0px initial initial;\"><em>Gracias por vuestra comprensi\u00f3n. Me siento un poco mejor con esta explicaci\u00f3n aunque l\u00f3gicamente no sea culpa m\u00eda.<\/em><\/p>\n<p style=\"margin-top: 10px; margin-right: 0px; margin-bottom: 0px; margin-left: 0px; outline-width: 0px; outline-style: initial; outline-color: initial; font-size: 13px; vertical-align: baseline; background-image: initial; background-attachment: initial; background-origin: initial; background-clip: initial; background-color: transparent; background-position: initial initial; background-repeat: initial initial; padding: 0px; border: 0px initial initial;\"><em>Manolo Garc\u00eda.<\/em><\/p>\n<p style=\"margin-top: 10px; margin-right: 0px; margin-bottom: 0px; margin-left: 0px; outline-width: 0px; outline-style: initial; outline-color: initial; font-size: 13px; vertical-align: baseline; background-image: initial; background-attachment: initial; background-origin: initial; background-clip: initial; background-color: transparent; background-position: initial initial; background-repeat: initial initial; padding: 0px; border: 0px initial initial;\"><em><br \/>\n<\/em><\/p>\n","protected":false},"excerpt":{"rendered":"<p>Nota de Manolo Garc\u00eda sobre el env\u00edo de CD-Libros: La idea primigenia de este disco no ten\u00eda nada que ver con Espa\u00f1a y si acept\u00e9 su venta en la web fue s\u00f3lo a petici\u00f3n de mi compa\u00f1\u00eda discogr\u00e1fica, nunca por iniciativa m\u00eda, siempre bajo la luz de no encarecer in\u00fatilmente y entorpecer a quien lo<a class=\"moretag\" href=\"https:\/\/www.manologarciaycia.com\/?p=1214\" title=\"MG: Nota de Manolo Garc\u00eda sobre el env\u00edo de CD-Libros\" target=\"_self\" rel=\"follow\"> <font face=arial size=2>[Leer m\u00e1s]<\/font> <\/a><\/p>\n","protected":false},"author":2,"featured_media":0,"comment_status":"closed","ping_status":"closed","sticky":false,"template":"","format":"standard","meta":{"footnotes":""},"categories":[1],"tags":[195],"class_list":["post-1214","post","type-post","status-publish","format-standard","hentry","category-manolo-garcia","tag-manolo-garcia-nota-venta-internet-libro-cd"],"_links":{"self":[{"href":"https:\/\/www.manologarciaycia.com\/index.php?rest_route=\/wp\/v2\/posts\/1214","targetHints":{"allow":["GET"]}}],"collection":[{"href":"https:\/\/www.manologarciaycia.com\/index.php?rest_route=\/wp\/v2\/posts"}],"about":[{"href":"https:\/\/www.manologarciaycia.com\/index.php?rest_route=\/wp\/v2\/types\/post"}],"author":[{"embeddable":true,"href":"https:\/\/www.manologarciaycia.com\/index.php?rest_route=\/wp\/v2\/users\/2"}],"replies":[{"embeddable":true,"href":"https:\/\/www.manologarciaycia.com\/index.php?rest_route=%2Fwp%2Fv2%2Fcomments&post=1214"}],"version-history":[{"count":2,"href":"https:\/\/www.manologarciaycia.com\/index.php?rest_route=\/wp\/v2\/posts\/1214\/revisions"}],"predecessor-version":[{"id":1216,"href":"https:\/\/www.manologarciaycia.com\/index.php?rest_route=\/wp\/v2\/posts\/1214\/revisions\/1216"}],"wp:attachment":[{"href":"https:\/\/www.manologarciaycia.com\/index.php?rest_route=%2Fwp%2Fv2%2Fmedia&parent=1214"}],"wp:term":[{"taxonomy":"category","embeddable":true,"href":"https:\/\/www.manologarciaycia.com\/index.php?rest_route=%2Fwp%2Fv2%2Fcategories&post=1214"},{"taxonomy":"post_tag","embeddable":true,"href":"https:\/\/www.manologarciaycia.com\/index.php?rest_route=%2Fwp%2Fv2%2Ftags&post=1214"}],"curies":[{"name":"wp","href":"https:\/\/api.w.org\/{rel}","templated":true}]}}