{"id":1212,"date":"2011-01-10T11:44:20","date_gmt":"2011-01-10T10:44:20","guid":{"rendered":"http:\/\/petaos.net\/?p=1212"},"modified":"2011-01-10T11:44:20","modified_gmt":"2011-01-10T10:44:20","slug":"mg-adenex-organiza-en-montanchez-caceres-una-exposicion-de-fotografia","status":"publish","type":"post","link":"https:\/\/www.manologarciaycia.com\/?p=1212","title":{"rendered":"MG: Adenex organiza en Mont\u00e1nchez (C\u00e1ceres) una exposici\u00f3n de fotograf\u00eda"},"content":{"rendered":"<p>Adenex organiza en Mont\u00e1nchez (C\u00e1ceres) un ciclo de cine ambiental y una exposici\u00f3n de fotograf\u00eda.<\/p>\n<p>La asociaci\u00f3n Adenex organiza durante estos d\u00edas en Mont\u00e1nchez un ciclo de cine ambiental y una exposici\u00f3n de fotograf\u00edas, como actividades que preceden al encuentro anual de la asociaci\u00f3n ecologista extreme\u00f1a, que se celebrar\u00e1 en esta localidad el d\u00eda 16 de enero.<\/p>\n<p>El t\u00edtulo de la exposici\u00f3n de fotograf\u00edas es &#8216;Saldremos a la lluvia&#8217; y se trata de una colecci\u00f3n de im\u00e1genes tomadas por el cantante <strong>Manolo Garc\u00eda<\/strong>, que colabora habitualmente con Adenex en diferentes campa\u00f1as, y de Jos\u00e9 Mar\u00eda Ben\u00edtez, naturalista y fot\u00f3grafo extreme\u00f1o que aport\u00f3 sus fotograf\u00edas para la portada del \u00faltimo disco de Garc\u00eda, as\u00ed como para las proyecciones de su gira internacional.<br \/>\nEsta exposici\u00f3n podr\u00e1 visitarse en el Centro Medioambiental &#8216;Casa de las Nogalas&#8217;, entre el 5 y el 15 de enero.<\/p>\n<p>A su vez, el Ciclo de Cine &#8216;Paisajes, Naturaleza y Cinema&#8217; se celebrar\u00e1 los d\u00edas 13, 14 y 15 de enero en el Sal\u00f3n de los Encuentros de la Casa de Cultura de Mont\u00e1nchez, a partir de las 19,15 horas.<\/p>\n<p>El jueves 13 se proyectar\u00e1n las pel\u00edculas &#8216;\u00bfExtremadura sin dehesas?&#8217;, de Adenex y Libre Producciones; y &#8216;The Cove&#8217;, de Louie Psihoyos.<\/p>\n<p>Asimismo, el viernes 14 se proyectar\u00e1n &#8216;Falsas esperanzas&#8217; (Climate of hope), de Scott Ludlam, y &#8216;Tulpan&#8217;, de Sergey Dvortsevoy; y el s\u00e1bado 15, &#8216;Los \u00faltimos&#8217;, de Libre Producciones, y la pel\u00edcula de animaci\u00f3n &#8216;Qu\u00e9 vecinos tan animales&#8217;, de Maite Ruiz de Austri.<\/p>\n<p>La entrada a ambas convocatorias es libre y gratuita, seg\u00fan informa la asociaci\u00f3n ecologista en nota de prensa.<br \/>\nFuente: EuropaPress &#8211; Qu\u00e9.es: <a href=\"http:\/\/www.que.es\/badajoz\/201101071433-adenex-organiza-montanchez-caceres-ciclo-epi.html?anker_4\" target=\"_blank\">Enlace<\/a><\/p>\n","protected":false},"excerpt":{"rendered":"<p>Adenex organiza en Mont\u00e1nchez (C\u00e1ceres) un ciclo de cine ambiental y una exposici\u00f3n de fotograf\u00eda. La asociaci\u00f3n Adenex organiza durante estos d\u00edas en Mont\u00e1nchez un ciclo de cine ambiental y una exposici\u00f3n de fotograf\u00edas, como actividades que preceden al encuentro anual de la asociaci\u00f3n ecologista extreme\u00f1a, que se celebrar\u00e1 en esta localidad el d\u00eda 16<a class=\"moretag\" href=\"https:\/\/www.manologarciaycia.com\/?p=1212\" title=\"MG: Adenex organiza en Mont\u00e1nchez (C\u00e1ceres) una exposici\u00f3n de fotograf\u00eda\" target=\"_self\" rel=\"follow\"> <font face=arial size=2>[Leer m\u00e1s]<\/font> <\/a><\/p>\n","protected":false},"author":2,"featured_media":0,"comment_status":"closed","ping_status":"closed","sticky":false,"template":"","format":"standard","meta":{"footnotes":""},"categories":[1,23],"tags":[194],"class_list":["post-1212","post","type-post","status-publish","format-standard","hentry","category-manolo-garcia","category-otros","tag-manolo-garcia-exposicion-fotografias-adenex"],"_links":{"self":[{"href":"https:\/\/www.manologarciaycia.com\/index.php?rest_route=\/wp\/v2\/posts\/1212","targetHints":{"allow":["GET"]}}],"collection":[{"href":"https:\/\/www.manologarciaycia.com\/index.php?rest_route=\/wp\/v2\/posts"}],"about":[{"href":"https:\/\/www.manologarciaycia.com\/index.php?rest_route=\/wp\/v2\/types\/post"}],"author":[{"embeddable":true,"href":"https:\/\/www.manologarciaycia.com\/index.php?rest_route=\/wp\/v2\/users\/2"}],"replies":[{"embeddable":true,"href":"https:\/\/www.manologarciaycia.com\/index.php?rest_route=%2Fwp%2Fv2%2Fcomments&post=1212"}],"version-history":[{"count":1,"href":"https:\/\/www.manologarciaycia.com\/index.php?rest_route=\/wp\/v2\/posts\/1212\/revisions"}],"predecessor-version":[{"id":1213,"href":"https:\/\/www.manologarciaycia.com\/index.php?rest_route=\/wp\/v2\/posts\/1212\/revisions\/1213"}],"wp:attachment":[{"href":"https:\/\/www.manologarciaycia.com\/index.php?rest_route=%2Fwp%2Fv2%2Fmedia&parent=1212"}],"wp:term":[{"taxonomy":"category","embeddable":true,"href":"https:\/\/www.manologarciaycia.com\/index.php?rest_route=%2Fwp%2Fv2%2Fcategories&post=1212"},{"taxonomy":"post_tag","embeddable":true,"href":"https:\/\/www.manologarciaycia.com\/index.php?rest_route=%2Fwp%2Fv2%2Ftags&post=1212"}],"curies":[{"name":"wp","href":"https:\/\/api.w.org\/{rel}","templated":true}]}}