{"id":12117,"date":"2015-03-09T10:13:40","date_gmt":"2015-03-09T09:13:40","guid":{"rendered":"http:\/\/www.manologarciaycia.com\/?p=12117"},"modified":"2015-03-11T12:32:50","modified_gmt":"2015-03-11T11:32:50","slug":"entrevista-a-antonio-fidel-musico-intento-disfrutar-cada-momento-de-mi-vida-y-en-el-escenario-siempre-soy-feliz","status":"publish","type":"post","link":"https:\/\/www.manologarciaycia.com\/?p=12117","title":{"rendered":"Entrevista a Antonio Fidel, m\u00fasico: \u00abIntento disfrutar cada momento de mi vida, y en el escenario siempre soy feliz\u00bb"},"content":{"rendered":"<p>Con motivo del pr\u00f3ximo concierto de Lo Mejor del \u00daltimo (de la Fila) en Razzmatazz el pr\u00f3ximo viernes 13\/Marzo\/2015, hemos tenido el enorme honor de entrevistar al m\u00fasico Antonio Fidel Madrid, miembro de dicha formaci\u00f3n, que como todo sabr\u00e9is fue fundador de Los R\u00e1pidos y Los Burros, as\u00ed como parte m\u00e1s que importante de El \u00daltimo de la Fila. <\/p>\n<p>Actualmente colabora activamente con sus amigos Quimi Portet y Manolo Garc\u00eda, con el primero como m\u00fasico de directo y con Manolo en labores de estudio, aparte de hacernos vibrar en cada concierto, junto a Juan Carlos Garc\u00eda, otro exmiembro de El \u00daltimo de la Fila, de los mejores temas del grupo catal\u00e1n con la formaci\u00f3n Lo Mejor del \u00daltimo.<\/p>\n<p>En el concierto del viernes 13, Antonio y Juan Carlos volver\u00e1n a coincidir en el escenario con compa\u00f1eros muy especiales de Los R\u00e1pidos, Los Burros y El \u00daltimo de la Fila a los que han invitado a participar.<\/p>\n<p><b>&#8211; Hola Antonio, un placer poder charlar contigo&#8230; empecemos por el principio \u00bfde d\u00f3nde eres? o \u00bfde d\u00f3nde te sientes?<\/b><\/p>\n<p><i>Hola Xavi, encantado de contestar a tu entrevista, comencemos\u2026..Soy de Cartagena y aqu\u00ed resido, pero me siento tanto de Cartagena como de Catalunya por  diferentes motivos.<\/i><\/p>\n<p><b>&#8211; Esto de la m\u00fasica \u00bfha estado siempre presente en tu vida?<\/b><\/p>\n<p><i>La m\u00fasica ha sido desde mi m\u00e1s tierna adolescencia un im\u00e1n irresistible e indomable.<\/i><\/p>\n<p><a href=\"http:\/\/www.manologarciaycia.com\/wp-content\/uploads\/2015\/03\/Rapidos.jpg\"><img loading=\"lazy\" decoding=\"async\" src=\"http:\/\/www.manologarciaycia.com\/wp-content\/uploads\/2015\/03\/Rapidos-500x376.jpg\" alt=\"Rapidos\" width=\"500\" height=\"376\" class=\"aligncenter size-medium wp-image-12129\" \/><\/a> <\/p>\n<p><b>&#8211; Porque lo primero que conocemos de t\u00fa a nivel musical, es tu historia con el grupo pre-Los R\u00e1pidos, de Sergio Makaroff, \u00bfbastante incre\u00edble, no?: \u00abSergio Makaroff conoce a Esteban Martin Hirschfeld y a Manolo Garc\u00eda. Sergio les cuenta su plan y les encarga la necesidad urgente de encontrar otros dos m\u00fasicos m\u00e1s, bajo y guitarra. As\u00ed, se encuentran con un hippie con guitarra a la salida del metro, al que sin m\u00e1s pre\u00e1mbulos le ofrecen tocar el bajo en un grupo de rock. Antonio Fidel, el hippie, confiesa no haber tocado el bajo nunca, pero acepta casi sin dudarlo.\u00bb \u00bfEn serio fue as\u00ed?<\/b><\/p>\n<p><i>Todo lo que relatas se ajusta totalmente a la realidad, y si no dud\u00e9 en hacer la prueba, fue porque yo ten\u00eda un bajo en casa y hab\u00eda que comer.<\/i><\/p>\n<p><b>&#8211; \u00bfQu\u00e9 hac\u00eda ese hippie Cartagenero por Barcelona?<\/b><\/p>\n<p><i>Nos fuimos a Catalunya, en el a\u00f1o 1978, un grupo de m\u00fasicos y amigos de Cartagena en plan comuna, con la intenci\u00f3n de iniciar nuestra vida bajo los anhelos y ansias de libertad que esos a\u00f1os nos tra\u00edan. Y era obvio que Barcelona era el centro de la cultura en Espa\u00f1a, a\u00fan no hab\u00eda comenzado la edad de oro madrile\u00f1a.<\/i><\/p>\n<p><b>&#8211; Tras la incorporaci\u00f3n de Quimi Portet a Los R\u00e1pidos (al coincidir con \u00e9l en el Rock de Lluna 1981, con Kul de Mandril), EMI os retira el apoyo: primer &#8216;encontronazo&#8217; con la Industria \u00bfc\u00f3mo lo viv\u00eds entonces?<\/b><\/p>\n<p><i>Desde el primer minuto de nuestras relaciones y diferentes formaciones, siempre hemos estado fan\u00e1ticamente convencidos de que lo que hac\u00edamos era absolutamente original y que estaba a la altura de lo mejor que se pudiese hacer en el pa\u00eds en ese momento.<\/i><\/p>\n<p><b>&#8211; Y la situaci\u00f3n actual de la Industria, la cultura, el mundo m\u00fasica, IVA por las nubes, dos o tres grandes multinacionales cortando todo el bacalao, descargas legales e ilegales, streaming, etc. desde tu perspectiva actual, en general \u00bfqu\u00e9 opini\u00f3n te merece el tema?<\/b><\/p>\n<p><i>Yo estoy, personalmente, muy esperanzado, aunque la situaci\u00f3n sea tan cruda para todos los que nos dedicamos exclusivamente a esto, porque creo que como dijo alguien, los tiempos est\u00e1n cambiando, y eso es bueno, porque mientras los dinosaurios agonizan, empiezan a verse un gran abanico de salidas dentro de la industria y sobre todo que vendr\u00e1n de la mano de gente muy joven, el caso de LEMURIA MUSIC es paradigm\u00e1tico.<\/i><\/p>\n<p><b>&#8211; Volvamos a los tiempos Los R\u00e1pidos, su dispersi\u00f3n; continu\u00e1is con Quimi y Jordi Vila, y tras la vuelta de Manolo de su periplo por el Pa\u00eds Vasco, decid\u00eds readmitirlo y cambiar de nombre, por Los Burros. Aunque dicen que ten\u00edais muchos d\u00f3nde elegir, se podr\u00eda decir que el nombre viene del Agropop que realizabais por un entonces \u00bfest\u00e1s de acuerdo? \u00bfQu\u00e9 es eso de Agropop?<\/b><\/p>\n<p><i>Bueno es un t\u00e9rmino que intenta definir, al igual que Trogloroc, que tambi\u00e9n us\u00e1bamos, lo esencial y primigenio del mensaje que quer\u00edamos transmitir, de ah\u00ed el nombre de Los Burros y el t\u00edtulo de su primera obra, Rebuznos de amor, yo creo que no se puede ser m\u00e1s expl\u00edcito.<\/i><\/p>\n<p><b>&#8211; Y a ti, haciendo balance de toda tu carrera hasta ahora \u00bfese es el estilo que te definir\u00eda globalmente como m\u00fasico? \u00bfO eso fue algo de la juventud, de la \u00e9poca?<\/b><\/p>\n<p><i>No, el artista va quemando etapas que tienen que ver con su edad, con los tiempos que le toca vivir, con quien tiene la suerte de compartir oficio, todo es absolutamente azaroso.<\/i><\/p>\n<p><b>&#8211; Siempre te hemos visto con el bajo a cuestas, pero \u00bfs\u00f3lo un instrumentista o tambi\u00e9n compositor, productor, etc.? O sea \u00bfqu\u00e9 facetas del mundo musical has tocado y cu\u00e1l te gusta m\u00e1s?<\/b><\/p>\n<p><i>Creo que con m\u00e1s o menos suerte he tocado casi todas las disciplinas que se pueden desarrollar en el mundo de la m\u00fasica y el audio profesional. Me gusta con pasi\u00f3n desorbitada cualquier actividad que concierna al mundo del sonido y la m\u00fasica.<\/i><\/p>\n<p><a href=\"http:\/\/www.manologarciaycia.com\/wp-content\/uploads\/2015\/03\/EUDLF_JLPG.jpg\"><img loading=\"lazy\" decoding=\"async\" src=\"http:\/\/www.manologarciaycia.com\/wp-content\/uploads\/2015\/03\/EUDLF_JLPG-500x375.jpg\" alt=\"EUDLF_JLPG\" width=\"500\" height=\"375\" class=\"alignright size-medium wp-image-12121\" srcset=\"https:\/\/www.manologarciaycia.com\/wp-content\/uploads\/2015\/03\/EUDLF_JLPG-500x375.jpg 500w, https:\/\/www.manologarciaycia.com\/wp-content\/uploads\/2015\/03\/EUDLF_JLPG-695x521.jpg 695w, https:\/\/www.manologarciaycia.com\/wp-content\/uploads\/2015\/03\/EUDLF_JLPG-930x698.jpg 930w, https:\/\/www.manologarciaycia.com\/wp-content\/uploads\/2015\/03\/EUDLF_JLPG.jpg 960w\" sizes=\"auto, (max-width: 500px) 100vw, 500px\" \/><\/a><b>&#8211; Retomando el hilo, empiezas una etapa dij\u00e9ramos de m\u00fasico de cabecera de uno de los mejores grupos espa\u00f1oles de todos los tiempos \u00bfqu\u00e9 significa para ti El \u00daltimo de la Fila?<\/b><\/p>\n<p><i>Bueno, EUDLF es para m\u00ed una secuencia m\u00e1s en mi vida  musical, creo que desde Los R\u00e1pidos, Los Burros, EUDLF, Quimi en solitario, o Manolo Garc\u00eda, todos son nudos de una misma cuerda. En unos he participado de una manera en otros de otra, pero siempre con la misma intensidad y significaci\u00f3n.<\/i><\/p>\n<p><b>&#8211; Dir\u00eda que no s\u00f3lo fuiste un m\u00fasico de la banda; seguro que mil y un arreglos tuyos andan por sus temas, y fijo que muchas de sus canciones las &#8216;cerraste&#8217; t\u00fa \u00bfno? \u00bfAlguno compuesto por ti?<\/b><\/p>\n<p><i>Si, en Los R\u00e1pidos y en Los Burros hay temas donde intervengo activamente en su composici\u00f3n, despu\u00e9s en el resto de formaciones de las que hablamos, son Manolo y Quimi quienes toman las riendas de composici\u00f3n, pero siempre, el resto de m\u00fasicos hemos intervenido activamente en la resoluci\u00f3n de los arreglos, de manera muy significativa en algunos casos.<\/i><\/p>\n<p><b>&#8211; Y despu\u00e9s de la explosi\u00f3n del grupo, de viajar, llenar, trabajar, etc. llega su disoluci\u00f3n \u00bftristeza?<\/b><\/p>\n<p><i>Pues, si, la verdad que a todos los que est\u00e1bamos implicados en la historia de EUDLF, nos fue dif\u00edcil encajar ese cambio de rumbo, pero creo que todo lo que ha pasado despu\u00e9s compensa absolutamente y con creces.<\/i><\/p>\n<p><a href=\"http:\/\/www.manologarciaycia.com\/wp-content\/uploads\/2015\/03\/AdiosAmigo.jpg\"><img loading=\"lazy\" decoding=\"async\" src=\"http:\/\/www.manologarciaycia.com\/wp-content\/uploads\/2015\/03\/AdiosAmigo.jpg\" alt=\"AdiosAmigo\" width=\"320\" height=\"194\" class=\"alignleft size-full wp-image-12119\" \/><\/a><br \/>\n<b>&#8211; De todos modos, durante todos esos a\u00f1os tampoco paraste quieto: formas junto a Sergio Casas y Esteban Hirschfeld el grupo Adi\u00f3s Amigo, 1991, con el que public\u00e1is un \u00e1lbum. \u00bfPuro Rock&#038;Roll?<\/b><\/p>\n<p><i>Es cierto, fue una \u00e9poca en la que me mov\u00ed mucho por Madrid, donde resid\u00eda Esteban, y con quien no he parado de trabajar en multitud de proyectos, y en esos tiempos conocemos a Sergio, y surgi\u00f3 todo un proyecto que culmin\u00f3 como Adi\u00f3s Amigo, y que aunque sea totalmente desconocido creo que merece un poquito de atenci\u00f3n.<\/i><\/p>\n<p><b>&#8211; De la colaboraci\u00f3n de Fernando Rubio en Adi\u00f3s Amigo, surge en 1995 Los Borrosos con Fernando Rubio y Juan Carlos Garc\u00eda&#8230; con la tranquilidad que tu apariencia transmite \u00bfbastante inquieto, eh?<\/b><\/p>\n<p><i>No he parado un solo minuto de mi vida de dedicarla directa e indirectamente a la m\u00fasica y casi siempre con una especie de comuna o familia con la que he disfrutado siempre, y Fernando y Juan Carlos han estado y est\u00e1n absolutamente presentes, con otros \u00edntimos compa\u00f1eros.<\/i><\/p>\n<p><b>&#8211; \u00bfRegentar tu Librer\u00eda Athenas (Cartagena), especializada en t\u00e1ctica de guerra naval, no era suficiente? \u00bfNecesitas siempre m\u00e1s m\u00fasica?<\/b><\/p>\n<p><i>Esa regencia viene de familia, la librer\u00eda la fund\u00f3 mi padre el mismo a\u00f1o que yo nac\u00ed, 1957, y me crie en ella, y cuando mi padre se jubil\u00f3 decid\u00ed el continuar la actividad, es algo que siempre llevar\u00e9 dentro, el mundo de los libros. Y por cierto lo de especializada en T\u00e1ctica de Guerra naval es una broma de Albert Pla y Quimi, la librer\u00eda se dedicaba a libros de toda categor\u00eda y procedencia. <\/i><\/p>\n<p><b>&#8211; Desde entonces hasta ahora te hemos seguido la pista junto a Quimi Portet, con qui\u00e9n continuas colaborando no s\u00f3lo en sus discos en solitario, desde el primero, sino que sigues yendo con \u00e9l en sus directos \u00bfqu\u00e9 tal trabajar con el Astre y en su universo surrealista? \u00bfTe mueve a ti tambi\u00e9n algo de surrealismo?<\/b><\/p>\n<p><i>Soy y somos, ardientes seguidores de la corriente  art\u00edstica llamada surrealista, aunque lo cierto es que nada ser\u00e1 nunca tan surrealista como la misma realidad.<\/i><\/p>\n<p><a href=\"http:\/\/www.manologarciaycia.com\/wp-content\/uploads\/2015\/03\/8436709138_1b421b31b0_z.jpg\"><img loading=\"lazy\" decoding=\"async\" src=\"http:\/\/www.manologarciaycia.com\/wp-content\/uploads\/2015\/03\/8436709138_1b421b31b0_z-500x295.jpg\" alt=\"8436709138_1b421b31b0_z\" width=\"500\" height=\"295\" class=\"aligncenter size-medium wp-image-12125\" srcset=\"https:\/\/www.manologarciaycia.com\/wp-content\/uploads\/2015\/03\/8436709138_1b421b31b0_z-500x295.jpg 500w, https:\/\/www.manologarciaycia.com\/wp-content\/uploads\/2015\/03\/8436709138_1b421b31b0_z.jpg 640w\" sizes=\"auto, (max-width: 500px) 100vw, 500px\" \/><\/a><\/p>\n<p><b>&#8211; \u00bfAlgo con Quimi a la vista?<\/b><\/p>\n<p><i>Bueno no ha habido en los \u00faltimos treinta y pico a\u00f1os, ni uno en los que no hayamos tenido algo a la vista Quimi y yo, ahora mismo andamos en los escenarios con el Col.lectiu Eternity junto a Sisa, Joan Miquel Oliver y Xarli Oliver, pero la lista de proyectos donde hemos trabajado, aparte de los suyos es interminable<\/i><\/p>\n<p><b>&#8211; Nos consta que tambi\u00e9n sigues colaborando activamente con Manolo Garc\u00eda, si bien no en sus directos, s\u00ed en la creaci\u00f3n y arreglos de muchos de sus temas \u00bfes as\u00ed? Como es el proceso \u00bfte llama y te dice: Antonio vente y terminamos esto juntos?<\/b><\/p>\n<p><i>Es exactamente eso, y siempre es algo especial, porque no se trata de realizar una actividad profesional, sino por el simple reencuentro de grandes amigos, donde son tan importantes los momentos de trabajo, como los de convivencia.<\/i><\/p>\n<p><b>&#8211; Huelga preguntar si te sigue uniendo esa gran amistad con ambos, as\u00ed como con todos los m\u00fasicos con los que te has cruzado, \u00bfo no?<\/b><\/p>\n<p><i>Sin duda, creo que a lo largo de la entrevista ya he dado noticia de los grandes lazos que nos unen.<\/i><\/p>\n<p><b>&#8211; An\u00e9cdota mil \u00bfno? \u00bfTe gusta recordarlas? \u00bfMelancol\u00eda?<\/b><\/p>\n<p><i>\u00bfAn\u00e9cdotas? \u2026 todas las imaginables e inimaginables, pero no soy melanc\u00f3lico. Simplemente me gusta recordarlas con un buen vaso de vino con mis compa\u00f1eros de aventuras.<\/i><\/p>\n<p><b>&#8211; Antes de hablar de &#8216;Lo Mejor&#8217; \u00bfse nos escapa algo de tu carrera que te gustar\u00eda rese\u00f1ar, algo que te produzca nostalgia, que hayas recordado ahora?<\/b><\/p>\n<p><i>Pues la gran y \u00fanica nostalgia es la de los compa\u00f1eros que se fueron.<\/i><\/p>\n<p><b>&#8211; Y llegamos al grupo que nos ocupa hoy: Lo Mejor del \u00daltimo. Juan Carlos Garc\u00eda nos cont\u00f3 un poco c\u00f3mo surgi\u00f3 el tema de Lo Mejor, pero desde tu punto de vista \u00bfqu\u00e9 os movi\u00f3 para juntaros los dos y echar el proyecto a andar?<\/b><\/p>\n<p><i>Pues primero la cercan\u00eda, Juan Carlos viv\u00eda en Alicante, muy cerca de Cartagena, segundo la incre\u00edble empat\u00eda que sentimos cuando estamos juntos tocando, es realmente algo que no se puede expresar f\u00e1cilmente. Tercero las ganas de volver a tocar el repertorio que tantas noches hab\u00edamos disfrutado juntos y cuarto la decisi\u00f3n de un agente de management local, de la regi\u00f3n de Murcia que nos dio el \u00faltimo empuj\u00f3n.<\/i><\/p>\n<p><a href=\"http:\/\/www.manologarciaycia.com\/wp-content\/uploads\/2015\/03\/EUDLF_M.jpg\"><img loading=\"lazy\" decoding=\"async\" src=\"http:\/\/www.manologarciaycia.com\/wp-content\/uploads\/2015\/03\/EUDLF_M-334x500.jpg\" alt=\"EUDLF_M\" width=\"334\" height=\"500\" class=\"alignleft size-medium wp-image-12132\" srcset=\"https:\/\/www.manologarciaycia.com\/wp-content\/uploads\/2015\/03\/EUDLF_M-334x500.jpg 334w, https:\/\/www.manologarciaycia.com\/wp-content\/uploads\/2015\/03\/EUDLF_M-684x1024.jpg 684w, https:\/\/www.manologarciaycia.com\/wp-content\/uploads\/2015\/03\/EUDLF_M.jpg 695w\" sizes=\"auto, (max-width: 334px) 100vw, 334px\" \/><\/a> <b>&#8211; \u00bfQu\u00e9 persigues t\u00fa personalmente con Lo Mejor? \u00bfTanto os marc\u00f3 esa \u00e9poca? A nosotros, ya te digo que s\u00ed.<\/b><\/p>\n<p><i>Pues es dif\u00edcil de contestar, por supuesto que primero lo que te describo en la pregunta anterior. Juan Carlos y yo ya llev\u00e1bamos mucho tiempo echando de menos la oportunidad de volver a tocar esos temas en los que hemos estado implicados tan directamente, y que sab\u00edamos que era improbable volver a tocar todos al cien por cien, y entonces habl\u00e1bamos de volver a juntar toda la banda que estuvimos juntos con EUDLF, pero por cuestiones de disponibilidad y contables era impensable. Con lo cual reunimos a un grupo de grandes m\u00fasicos y amigos que viven m\u00e1s o menos por nuestro entorno y comenzamos esta aventura. Estos compa\u00f1eros de viaje son, adem\u00e1s de Juan Carlos, a la bater\u00eda, Vicente Carpes, a la voz, Juan Andr\u00e9s Morales a la guitarra el\u00e9ctrica, Victor Menargues, a la guitarra espa\u00f1ola y ac\u00fastica, y Juan Antonio Cabello a los teclados, percusi\u00f3n y voces. Y bueno, todos juntos adem\u00e1s de acompa\u00f1ados de entra\u00f1ables compa\u00f1eros de toda nuestra carrera, estaremos el pr\u00f3ximo d\u00eda trece de Marzo en Barcelona, en la sala Razzmatazz 2 (\u00a1os recomendamos que todos los que le\u00e1is estas l\u00edneas no falt\u00e9is!)<\/i><\/p>\n<p><b>&#8211; En vuestros conciertos, a pies de escenario, nos giramos hacia al p\u00fablico y alucinamos con las caras de la gente, lo felices que les (nos) hac\u00e9is, con un sentimiento que (nos) estremece&#8230; cosas de que sabemos que nunca volveremos a tener ah\u00ed arriba a todo el grupo. T\u00fa, desde arriba, nos miras al p\u00fablico \u00bfy qu\u00e9 ves?<\/b><\/p>\n<p><i>Lo que veo siempre, seamos muchos o pocos, es la ilusi\u00f3n por escuchar de nuevo estas canciones y al mismo tiempo impresionado por contemplar lo mucho que han calado en tantas personas.<\/i><\/p>\n<p><a href=\"http:\/\/www.manologarciaycia.com\/wp-content\/uploads\/2015\/03\/AF_1.jpg\"><img loading=\"lazy\" decoding=\"async\" src=\"http:\/\/www.manologarciaycia.com\/wp-content\/uploads\/2015\/03\/AF_1-314x500.jpg\" alt=\"AF_1\" width=\"314\" height=\"500\" class=\"alignright size-medium wp-image-12123\" srcset=\"https:\/\/www.manologarciaycia.com\/wp-content\/uploads\/2015\/03\/AF_1-314x500.jpg 314w, https:\/\/www.manologarciaycia.com\/wp-content\/uploads\/2015\/03\/AF_1.jpg 644w\" sizes=\"auto, (max-width: 314px) 100vw, 314px\" \/><\/a> <b>&#8211; Vi\u00e9ndote a ti desde abajo intuimos que t\u00fa lo disfrutas casi m\u00e1s que nosotros \u00bftambi\u00e9n te hace feliz (a ti tocarlos) esos m\u00edticos temas?<\/b><\/p>\n<p><i>Yo intento disfrutar de cada momento de mi vida, no es f\u00e1cil, pero es una meta, y precisamente en el escenario siempre soy feliz.<\/i><\/p>\n<p><b>&#8211; Nosotros cada vez vemos m\u00e1s p\u00fablico en vuestros conciertos \u00bft\u00fa qu\u00e9 crees que os depara el futuro en un panorama como el actual?<\/b><\/p>\n<p><i>Creo que esto es un boca a boca, y conforme que la gente se va enterando que esto no pretende ser un tributo, tipo orquesta, a las cuales respeto profundamente y me han dado de comer en muchas ocasiones, sino que es un trabajo de quienes hemos estado tantos a\u00f1os en los proyectos que interpretamos; le da una singularidad que solo esta formaci\u00f3n puede ofrecer.<\/i><\/p>\n<p><b>&#8211; Aunque nosotros les dir\u00edamos \u00abno sab\u00e9is lo que os perd\u00e9is\u00bb, a los que no os hayan visto todav\u00eda \u00bfQu\u00e9 les dir\u00edas t\u00fa? \u00bfC\u00f3mo les animar\u00edais?<\/b><\/p>\n<p><i>Es muy presuntuoso decir que si alguien quiere volver a o\u00edr a EUDLF tal y como sonaban, que vengan a vernos. Pero creo que no estamos enga\u00f1ando a nadie.<\/i><\/p>\n<p><b>&#8211; De los \u00faltimos bolos con Lo Mejor del \u00daltimo, digamos Madrid, M\u00e1laga, Sevilla \u00bfqu\u00e9 sensaciones sacas?<\/b><\/p>\n<p><i>Pues la primera sensaci\u00f3n es de felicidad por ver la cantidad de gente a\u00fan recuerda nuestro trabajo y lo a\u00f1ora, y la segunda  es satisfacci\u00f3n por empezar a salir a trabajar por todo el territorio espa\u00f1ol, que ya ten\u00edamos ganas&#8230;<\/i><\/p>\n<p><b>&#8211; A m\u00ed personalmente me emocionar\u00eda much\u00edsimo que al final de un concierto viniera cualquier espectador y me dijera simplemente \u00abgracias\u00bb o \u00aberes parte de la banda sonora de mi vida\u00bb o \u00abhe crecido escuchando las canciones en las que tanto has participado\u00bb. Me quedar\u00eda atontado. \u00bfA ti que se te viene a la cabeza cuando eso pasa? \u00bfQu\u00e9 sientes?<\/b><\/p>\n<p><i>Lo has clavado, es exactamente eso lo que te produce, porque aparte de ganarte la vida, no hay nada mejor que se reconozca lo que haces. <\/i><\/p>\n<p><b>&#8211; \u00bfAlgo que me haya dejado en el tintero que quieras decir, resaltar?<\/b><\/p>\n<p><i>Nada, creo que has sido de lo m\u00e1s exhaustivo, espero que las respuestas est\u00e9n m\u00ednimamente a la altura de las preguntas.<\/i><\/p>\n<p><b>Muchas gracias Antonio, ha sido un aut\u00e9ntico placer. \u00a1Nos vemos en los conciertos! Salut!<\/b><\/p>\n<p><a href=\"http:\/\/www.manologarciaycia.com\/wp-content\/uploads\/2015\/02\/LMDEU.jpg\"><img loading=\"lazy\" decoding=\"async\" src=\"http:\/\/www.manologarciaycia.com\/wp-content\/uploads\/2015\/02\/LMDEU.jpg\" alt=\"LMDEU\" width=\"400\" height=\"543\" class=\"aligncenter size-full wp-image-12031\" srcset=\"https:\/\/www.manologarciaycia.com\/wp-content\/uploads\/2015\/02\/LMDEU.jpg 400w, https:\/\/www.manologarciaycia.com\/wp-content\/uploads\/2015\/02\/LMDEU-368x500.jpg 368w\" sizes=\"auto, (max-width: 400px) 100vw, 400px\" \/><\/a><\/p>\n<p>Evento en Facebook: <a href=\"https:\/\/www.facebook.com\/events\/418691094975466\/\" target=\"_blank\">https:\/\/www.facebook.com\/events\/418691094975466\/<\/a><br \/>\nEntradas: <a href=\"http:\/\/www.ticketea.com\" target=\"_blank\">www.ticketea.com<\/a><\/p>\n<p>Fuente: <a href=\"http:\/\/www.manologarciaycia.com\" target=\"_blank\">Manolo Garc\u00eda y C\u00eda, Petaos.net<\/a> &#8211; Fotos: Xavi Mercad\u00e9, Hara Amor\u00f3s, Pep L\u00f3pez, Josep Llu\u00eds Gin\u00e9s, etc.<\/p>\n","protected":false},"excerpt":{"rendered":"<p>Con motivo del pr\u00f3ximo concierto de Lo Mejor del \u00daltimo (de la Fila) en Razzmatazz el pr\u00f3ximo viernes 13\/Marzo\/2015, hemos tenido el enorme honor de entrevistar al m\u00fasico Antonio Fidel Madrid, miembro de dicha formaci\u00f3n, que como todo sabr\u00e9is fue fundador de Los R\u00e1pidos y Los Burros, as\u00ed como parte m\u00e1s que importante de El<a class=\"moretag\" href=\"https:\/\/www.manologarciaycia.com\/?p=12117\" title=\"Entrevista a Antonio Fidel, m\u00fasico: \u00abIntento disfrutar cada momento de mi vida, y en el escenario siempre soy feliz\u00bb\" target=\"_self\" rel=\"follow\"> <font face=arial size=2>[Leer m\u00e1s]<\/font> <\/a><\/p>\n","protected":false},"author":2,"featured_media":12134,"comment_status":"closed","ping_status":"closed","sticky":false,"template":"","format":"standard","meta":{"footnotes":""},"categories":[1],"tags":[],"class_list":["post-12117","post","type-post","status-publish","format-standard","has-post-thumbnail","hentry","category-manolo-garcia"],"_links":{"self":[{"href":"https:\/\/www.manologarciaycia.com\/index.php?rest_route=\/wp\/v2\/posts\/12117","targetHints":{"allow":["GET"]}}],"collection":[{"href":"https:\/\/www.manologarciaycia.com\/index.php?rest_route=\/wp\/v2\/posts"}],"about":[{"href":"https:\/\/www.manologarciaycia.com\/index.php?rest_route=\/wp\/v2\/types\/post"}],"author":[{"embeddable":true,"href":"https:\/\/www.manologarciaycia.com\/index.php?rest_route=\/wp\/v2\/users\/2"}],"replies":[{"embeddable":true,"href":"https:\/\/www.manologarciaycia.com\/index.php?rest_route=%2Fwp%2Fv2%2Fcomments&post=12117"}],"version-history":[{"count":11,"href":"https:\/\/www.manologarciaycia.com\/index.php?rest_route=\/wp\/v2\/posts\/12117\/revisions"}],"predecessor-version":[{"id":12135,"href":"https:\/\/www.manologarciaycia.com\/index.php?rest_route=\/wp\/v2\/posts\/12117\/revisions\/12135"}],"wp:featuredmedia":[{"embeddable":true,"href":"https:\/\/www.manologarciaycia.com\/index.php?rest_route=\/wp\/v2\/media\/12134"}],"wp:attachment":[{"href":"https:\/\/www.manologarciaycia.com\/index.php?rest_route=%2Fwp%2Fv2%2Fmedia&parent=12117"}],"wp:term":[{"taxonomy":"category","embeddable":true,"href":"https:\/\/www.manologarciaycia.com\/index.php?rest_route=%2Fwp%2Fv2%2Fcategories&post=12117"},{"taxonomy":"post_tag","embeddable":true,"href":"https:\/\/www.manologarciaycia.com\/index.php?rest_route=%2Fwp%2Fv2%2Ftags&post=12117"}],"curies":[{"name":"wp","href":"https:\/\/api.w.org\/{rel}","templated":true}]}}