{"id":12107,"date":"2015-03-06T12:05:52","date_gmt":"2015-03-06T11:05:52","guid":{"rendered":"http:\/\/www.manologarciaycia.com\/?p=12107"},"modified":"2015-03-06T12:05:52","modified_gmt":"2015-03-06T11:05:52","slug":"video-de-la-previa-de-la-gala-premios-cadena-dial","status":"publish","type":"post","link":"https:\/\/www.manologarciaycia.com\/?p=12107","title":{"rendered":"V\u00eddeo de la previa de la Gala Premios Cadena Dial"},"content":{"rendered":"<p>V\u00eddeo de la previa de la Gala de los Premios Cadena Dial de ayer en Tenerife, de Radio Televisi\u00f3n Canaria (rtvc.es)<\/p>\n<p> \u00abLa verdad es que la gente es muy cari\u00f1osa y yo lo agradezco much\u00edsimo; esas muestras de afecto me llegan al alma.\u00bb<\/p>\n<p>#\u200eManoloGarc\u00eda\u202c \u202a#\u200eRTVC\u202c \u202a#\u200ePremiosCadenaDial\u202c <\/p>\n<p>Fuente: RTVC &#8211; <a href=\"www.rtvc.es\/television\/programas\/Musical\/Entrega Premios Cadena Dial-5682.aspx\" target=\"_blank\">ENLACE<\/a><\/p>\n","protected":false},"excerpt":{"rendered":"<p>V\u00eddeo de la previa de la Gala de los Premios Cadena Dial de ayer en Tenerife, de Radio Televisi\u00f3n Canaria (rtvc.es) \u00abLa verdad es que la gente es muy cari\u00f1osa y yo lo agradezco much\u00edsimo; esas muestras de afecto me llegan al alma.\u00bb #\u200eManoloGarc\u00eda\u202c \u202a#\u200eRTVC\u202c \u202a#\u200ePremiosCadenaDial\u202c Fuente: RTVC &#8211; ENLACE<a class=\"moretag\" href=\"https:\/\/www.manologarciaycia.com\/?p=12107\" title=\"V\u00eddeo de la previa de la Gala Premios Cadena Dial\" target=\"_self\" rel=\"follow\"> <font face=arial size=2>[Leer m\u00e1s]<\/font> <\/a><\/p>\n","protected":false},"author":2,"featured_media":0,"comment_status":"closed","ping_status":"closed","sticky":false,"template":"","format":"video","meta":{"footnotes":""},"categories":[1],"tags":[],"class_list":["post-12107","post","type-post","status-publish","format-video","hentry","category-manolo-garcia","post_format-post-format-video"],"_links":{"self":[{"href":"https:\/\/www.manologarciaycia.com\/index.php?rest_route=\/wp\/v2\/posts\/12107","targetHints":{"allow":["GET"]}}],"collection":[{"href":"https:\/\/www.manologarciaycia.com\/index.php?rest_route=\/wp\/v2\/posts"}],"about":[{"href":"https:\/\/www.manologarciaycia.com\/index.php?rest_route=\/wp\/v2\/types\/post"}],"author":[{"embeddable":true,"href":"https:\/\/www.manologarciaycia.com\/index.php?rest_route=\/wp\/v2\/users\/2"}],"replies":[{"embeddable":true,"href":"https:\/\/www.manologarciaycia.com\/index.php?rest_route=%2Fwp%2Fv2%2Fcomments&post=12107"}],"version-history":[{"count":1,"href":"https:\/\/www.manologarciaycia.com\/index.php?rest_route=\/wp\/v2\/posts\/12107\/revisions"}],"predecessor-version":[{"id":12109,"href":"https:\/\/www.manologarciaycia.com\/index.php?rest_route=\/wp\/v2\/posts\/12107\/revisions\/12109"}],"wp:attachment":[{"href":"https:\/\/www.manologarciaycia.com\/index.php?rest_route=%2Fwp%2Fv2%2Fmedia&parent=12107"}],"wp:term":[{"taxonomy":"category","embeddable":true,"href":"https:\/\/www.manologarciaycia.com\/index.php?rest_route=%2Fwp%2Fv2%2Fcategories&post=12107"},{"taxonomy":"post_tag","embeddable":true,"href":"https:\/\/www.manologarciaycia.com\/index.php?rest_route=%2Fwp%2Fv2%2Ftags&post=12107"}],"curies":[{"name":"wp","href":"https:\/\/api.w.org\/{rel}","templated":true}]}}