{"id":12104,"date":"2015-03-06T11:10:52","date_gmt":"2015-03-06T10:10:52","guid":{"rendered":"http:\/\/www.manologarciaycia.com\/?p=12104"},"modified":"2015-03-06T11:10:52","modified_gmt":"2015-03-06T10:10:52","slug":"tenerife-sintoniza-con-la-mejor-musica-en-espanol","status":"publish","type":"post","link":"https:\/\/www.manologarciaycia.com\/?p=12104","title":{"rendered":"Tenerife sintoniza con la mejor m\u00fasica en espa\u00f1ol"},"content":{"rendered":"<p>Cadena Dial celebra sus bodas de plata con una fiesta reivindicativa en la que los artistas reclamaron la bajada del IVA cultural. La gala, en la que participaron estrellas de la talla de Alejandro Sanz, David Bisbal, Melendi, Mal\u00fa o Antonio Orozco, fue presenciada en directo por m\u00e1s de 4.500 espectadores en el Recinto Ferial de Tenerife.<\/p>\n<p>Cadena Dial celebr\u00f3 la noche del jueves, 5 de marzo, su 25 aniversario en las ondas con una gran fiesta de la m\u00fasica en espa\u00f1ol en la que la emisora musical ha premiado a numerosos artistas que cantan en castellano y en la que los cantantes han aprovechado para reivindicar la bajada del IVA cultural.<\/p>\n<p>La gala de los Premios Cadena Dial 2014, que acumulan ya diecinueve ediciones reconociendo la labor de los artistas, se ha desarrollado en Santa Cruz de Tenerife, una isla que se ha convertido en la capital mundial de la m\u00fasica en espa\u00f1ol por octava ocasi\u00f3n.<\/p>\n<p>Alejandro Sanz, Hombres G, Camila, Amaia Montero, Mal\u00fa, Melendi, Antonio Orozco, Sergio Dalma, Dani Mart\u00edn, Manuel Carrasco, Laura Pausini, Merche, David de Mar\u00eda o Manolo Garc\u00eda fueron algunos de los artistas galardonados en esta edici\u00f3n especial de los Premios Cadena Dial.<\/p>\n<p>En los discursos se colaron palabras de reivindicaci\u00f3n contra el IVA cultural, con la promoci\u00f3n del d\u00eda sin m\u00fasica con el que los artistas piden la reducci\u00f3n del impuesto sobre la cultura.<\/p>\n<p>Los mensajes de protesta llegaron de la mano de los cantantes m\u00e1s veteranos de los premiados, como Manolo Garc\u00eda, Sergio Dalma y Miguel Bos\u00e9, quienes destacaron que los artistas son personas y \u00abgente respetable\u00bb a las que no se les puede \u00abningunear\u00bb y pidieron que el impuesto que grava a la cultura se reduzca a los niveles del resto de pa\u00edses europeos.<\/p>\n<p>Durante las casi tres horas que dur\u00f3 la gala se sucedieron grandes momentos, entre los que destac\u00f3 Un zombie a la intemperie, el \u00faltimo \u00e9xito de Alejandro Sanz que por primera vez se interpret\u00f3 sobre un escenario, o tambi\u00e9n el estreno en directo del d\u00fao entre Vanesa Mart\u00edn y Axel.<\/p>\n<p>Sobre las tablas desfilaron los artistas reconocidos, que recogieron sus galardones e interpretaron algunas de sus populares canciones, como es el caso de Melendi, que antes de interpretar su Tocado y hundido alab\u00f3 la labor de \u00abla cadena de la gente que canta en espa\u00f1ol\u00bb.<\/p>\n<p>\u00e7David de Mar\u00eda interpret\u00f3 Mejor por dentro, Merche Dos Amigos, Vanesa Mart\u00edn Frena enero, Camila Decidiste dejarme, Antonio Orozco Temblando, Amaia Montero<\/p>\n<p>Darte mi vida, David Bisbal Culpable, Revolver Entre las nubes y Mal\u00fa \u00bb Deshazte de m\u00ed, entre otras actuaciones de los premiados.<\/p>\n<p>Entre canciones y agradecimientos, David Amor y Santi Rodr\u00edguez pusieron el toque de humor a la gala y sacaron algunas carcajadas a los espectadores, que tarareaban las letras de sus \u00eddolos y gritaban como si de un concierto se tratase.<\/p>\n<p>Pero no solamente las caras conocidas que se vieron en fueron las de los premiados, personajes populares de diferentes \u00e1mbitos se encargaron de entregar los premios, como Antonia San Juan, Jos\u00e9 Luis Segu\u00ed, Marta S\u00e1nchez, Luj\u00e1n Arg\u00fcelles, Alberto Amarilla, Carles Francino o Fernando Tejero.<\/p>\n<p>La an\u00e9cdota de la gala lleg\u00f3 desde la zona de butacas: Laura Pausini se dispon\u00eda a comenzar su discurso y un fan la interrumpi\u00f3 con un fuerte grito.<\/p>\n<p>\u00abNo me lo puedo creer, este es un italiano loco que me sigue a todos lados. Debe ser el chico m\u00e1s rico de Italia\u00bb, respondi\u00f3 la cantante italiana ante las risas de los espectadores.<\/p>\n<p>La gala, conducida por Jaime Cartizano y Carmen Ram\u00edrez, ha sido presenciada en directo por m\u00e1s de 4.500 espectadores en el Recinto Ferial de Tenerife y ha sido planeada con fines ben\u00e9ficos, pues un porcentaje de la recaudaci\u00f3n de la venta de entradas se destinar\u00e1 a una fundaci\u00f3n que trabaja para mejorar la calidad de vida de personas mayores o con alg\u00fan tipo de discapacidad.<\/p>\n<p>Fuente: El Diario.es &#8211; EFE &#8211; <a href=\"http:\/\/www.eldiario.es\/tenerifeahora\/cultura\/Tenerife-sintoniza-mejor-musica-espanol_0_363613735.html\" target=\"_blank\">ENLACE<\/a><\/p>\n","protected":false},"excerpt":{"rendered":"<p>Cadena Dial celebra sus bodas de plata con una fiesta reivindicativa en la que los artistas reclamaron la bajada del IVA cultural. La gala, en la que participaron estrellas de la talla de Alejandro Sanz, David Bisbal, Melendi, Mal\u00fa o Antonio Orozco, fue presenciada en directo por m\u00e1s de 4.500 espectadores en el Recinto Ferial<a class=\"moretag\" href=\"https:\/\/www.manologarciaycia.com\/?p=12104\" title=\"Tenerife sintoniza con la mejor m\u00fasica en espa\u00f1ol\" target=\"_self\" rel=\"follow\"> <font face=arial size=2>[Leer m\u00e1s]<\/font> <\/a><\/p>\n","protected":false},"author":2,"featured_media":12105,"comment_status":"closed","ping_status":"closed","sticky":false,"template":"","format":"standard","meta":{"footnotes":""},"categories":[1,23],"tags":[],"class_list":["post-12104","post","type-post","status-publish","format-standard","has-post-thumbnail","hentry","category-manolo-garcia","category-otros"],"_links":{"self":[{"href":"https:\/\/www.manologarciaycia.com\/index.php?rest_route=\/wp\/v2\/posts\/12104","targetHints":{"allow":["GET"]}}],"collection":[{"href":"https:\/\/www.manologarciaycia.com\/index.php?rest_route=\/wp\/v2\/posts"}],"about":[{"href":"https:\/\/www.manologarciaycia.com\/index.php?rest_route=\/wp\/v2\/types\/post"}],"author":[{"embeddable":true,"href":"https:\/\/www.manologarciaycia.com\/index.php?rest_route=\/wp\/v2\/users\/2"}],"replies":[{"embeddable":true,"href":"https:\/\/www.manologarciaycia.com\/index.php?rest_route=%2Fwp%2Fv2%2Fcomments&post=12104"}],"version-history":[{"count":1,"href":"https:\/\/www.manologarciaycia.com\/index.php?rest_route=\/wp\/v2\/posts\/12104\/revisions"}],"predecessor-version":[{"id":12106,"href":"https:\/\/www.manologarciaycia.com\/index.php?rest_route=\/wp\/v2\/posts\/12104\/revisions\/12106"}],"wp:featuredmedia":[{"embeddable":true,"href":"https:\/\/www.manologarciaycia.com\/index.php?rest_route=\/wp\/v2\/media\/12105"}],"wp:attachment":[{"href":"https:\/\/www.manologarciaycia.com\/index.php?rest_route=%2Fwp%2Fv2%2Fmedia&parent=12104"}],"wp:term":[{"taxonomy":"category","embeddable":true,"href":"https:\/\/www.manologarciaycia.com\/index.php?rest_route=%2Fwp%2Fv2%2Fcategories&post=12104"},{"taxonomy":"post_tag","embeddable":true,"href":"https:\/\/www.manologarciaycia.com\/index.php?rest_route=%2Fwp%2Fv2%2Ftags&post=12104"}],"curies":[{"name":"wp","href":"https:\/\/api.w.org\/{rel}","templated":true}]}}