{"id":12093,"date":"2015-03-06T09:19:32","date_gmt":"2015-03-06T08:19:32","guid":{"rendered":"http:\/\/www.manologarciaycia.com\/?p=12093"},"modified":"2015-03-09T09:42:48","modified_gmt":"2015-03-09T08:42:48","slug":"ricardo-marin-buenas-intenciones-videoclip","status":"publish","type":"post","link":"https:\/\/www.manologarciaycia.com\/?p=12093","title":{"rendered":"Ricardo Mar\u00edn: Buenas Intenciones. Videoclip."},"content":{"rendered":"<p>Estreno del videoclip BUENAS INTENCIONES, de RICARDO MAR\u00cdN!<\/p>\n<p>\u00abBuenos d\u00edas a tod@s,os presentamos el nuevo videoclip, dirigido por Eva Nilsen, que da titulo al disco en directo que presentaremos el pr\u00f3ximo mi\u00e9rcoles 11\/3 en Joy Eslava, Madrid. Espero que os guste y lo compart\u00e1is! Quedan 5 d\u00edas!\u00bb<\/p>\n<p>Con invitados como Manolo Garc\u00eda, Miguel R\u00edos, LOS SECRETOS, David Summers, Nacho Garc\u00eda Vega, Raimundo Amador Camaleon, Ariel Rot, O&#8217;funk&#8217;illo y muchos m\u00e1s!<\/p>\n<p>Entradas ya a la venta en: <a href=\"http:\/\/www.cantauticket.com\/Ricardo-Marin-Madrid-Joy-Eslava-Conciertos-Concierto-11-Mar-2015_show_1273.html\" target=\"_blank\">http:\/\/www.cantauticket.com\/Ricardo-Marin-Madrid-Joy-Eslava-Conciertos-Concierto-11-Mar-2015_show_1273.html<\/a> &#8211; 15\u20ac anticipada \/ 18\u20ac en taquilla.<br \/>\nColabora en el Crowdfunding: <a href=\"http:\/\/www.cantauticket.com\/Ricardo-Marin-Madrid-Joy-Eslava-Crowdfunding-Proyecto-11-Mar-2015_show_1322.html#.VPli-iuG-MA\" target=\"_blank\">http:\/\/www.cantauticket.com\/Ricardo-Marin-Madrid-Joy-Eslava-Crowdfunding-Proyecto-11-Mar-2015_show_1322.html#.VPli-iuG-MA<\/a><\/p>\n<p>\u202a#\u200eRicardoMar\u00edn\u202c \u202a#\u200eManoloGarc\u00eda\u202c \u202a#\u200eBuenasIntenciones\u202c<\/p>\n","protected":false},"excerpt":{"rendered":"<p>Estreno del videoclip BUENAS INTENCIONES, de RICARDO MAR\u00cdN! \u00abBuenos d\u00edas a tod@s,os presentamos el nuevo videoclip, dirigido por Eva Nilsen, que da titulo al disco en directo que presentaremos el pr\u00f3ximo mi\u00e9rcoles 11\/3 en Joy Eslava, Madrid. Espero que os guste y lo compart\u00e1is! Quedan 5 d\u00edas!\u00bb Con invitados como Manolo Garc\u00eda, Miguel R\u00edos, LOS<a class=\"moretag\" href=\"https:\/\/www.manologarciaycia.com\/?p=12093\" title=\"Ricardo Mar\u00edn: Buenas Intenciones. Videoclip.\" target=\"_self\" rel=\"follow\"> <font face=arial size=2>[Leer m\u00e1s]<\/font> <\/a><\/p>\n","protected":false},"author":2,"featured_media":0,"comment_status":"closed","ping_status":"closed","sticky":false,"template":"","format":"video","meta":{"footnotes":""},"categories":[1],"tags":[],"class_list":["post-12093","post","type-post","status-publish","format-video","hentry","category-manolo-garcia","post_format-post-format-video"],"_links":{"self":[{"href":"https:\/\/www.manologarciaycia.com\/index.php?rest_route=\/wp\/v2\/posts\/12093","targetHints":{"allow":["GET"]}}],"collection":[{"href":"https:\/\/www.manologarciaycia.com\/index.php?rest_route=\/wp\/v2\/posts"}],"about":[{"href":"https:\/\/www.manologarciaycia.com\/index.php?rest_route=\/wp\/v2\/types\/post"}],"author":[{"embeddable":true,"href":"https:\/\/www.manologarciaycia.com\/index.php?rest_route=\/wp\/v2\/users\/2"}],"replies":[{"embeddable":true,"href":"https:\/\/www.manologarciaycia.com\/index.php?rest_route=%2Fwp%2Fv2%2Fcomments&post=12093"}],"version-history":[{"count":1,"href":"https:\/\/www.manologarciaycia.com\/index.php?rest_route=\/wp\/v2\/posts\/12093\/revisions"}],"predecessor-version":[{"id":12094,"href":"https:\/\/www.manologarciaycia.com\/index.php?rest_route=\/wp\/v2\/posts\/12093\/revisions\/12094"}],"wp:attachment":[{"href":"https:\/\/www.manologarciaycia.com\/index.php?rest_route=%2Fwp%2Fv2%2Fmedia&parent=12093"}],"wp:term":[{"taxonomy":"category","embeddable":true,"href":"https:\/\/www.manologarciaycia.com\/index.php?rest_route=%2Fwp%2Fv2%2Fcategories&post=12093"},{"taxonomy":"post_tag","embeddable":true,"href":"https:\/\/www.manologarciaycia.com\/index.php?rest_route=%2Fwp%2Fv2%2Ftags&post=12093"}],"curies":[{"name":"wp","href":"https:\/\/api.w.org\/{rel}","templated":true}]}}