{"id":1209,"date":"2010-12-21T08:49:56","date_gmt":"2010-12-21T07:49:56","guid":{"rendered":"http:\/\/petaos.net\/?p=1209"},"modified":"2010-12-21T08:49:56","modified_gmt":"2010-12-21T07:49:56","slug":"mg-rocio-durcal-protagonista-de-la-nochebuena-de-la-1","status":"publish","type":"post","link":"https:\/\/www.manologarciaycia.com\/?p=1209","title":{"rendered":"MG: Roc\u00edo Durcal protagonista de la Nochebuena de La 1"},"content":{"rendered":"<p><strong>Especial Roc\u00edo D\u00farcal<\/strong><\/p>\n<p>Como colof\u00f3n a esta noche tan entra\u00f1able y familiar, La 1 de Televisi\u00f3n Espa\u00f1ola emitir\u00e1 el documental &#8216;Una estrella en el cielo&#8217;, que recordar\u00e1 a la figura de una de las artistas m\u00e1s destacadas de nuestro pa\u00eds, Roc\u00edo D\u00farcal.<\/p>\n<p>Este espacio recorrer\u00e1 la trayectoria vital y profesional de la cantante y actriz madrile\u00f1a, que triunf\u00f3 tanto en Espa\u00f1a como en Latinoam\u00e9rica, especialmente en M\u00e9jico, a trav\u00e9s de testimonios de la propia artista y de im\u00e1genes in\u00e9ditas de Roc\u00edo D\u00farcal, tanto profesionales como, sobre todo, procedentes de grabaciones familiares. El documental incluye d\u00faos in\u00e9ditos con una decena de grandes artistas como Julio Iglesias, <strong>Manolo Garc\u00eda<\/strong>, Amaia Montero o Sergio Dalma.<\/p>\n<p>Y todo ello a trav\u00e9s de la voz en off de una de las personas que m\u00e1s la conocieron y la quisieron, su hija mayor Carmen Morales, que se convierte en narradora de este documental que rendir\u00e1 tributo a una de las artistas m\u00e1s importantes que ha dado nuestro pa\u00eds.<\/p>\n<p>Fuente: RTVE &#8211; <a href=\"http:\/\/www.rtve.es\/noticias\/20101218\/alcantara-rocio-durcal-raphael-protagonistas-nochebuena-1\/388150.shtml\" target=\"_blank\">ENLACE<\/a><\/p>\n","protected":false},"excerpt":{"rendered":"<p>Especial Roc\u00edo D\u00farcal Como colof\u00f3n a esta noche tan entra\u00f1able y familiar, La 1 de Televisi\u00f3n Espa\u00f1ola emitir\u00e1 el documental &#8216;Una estrella en el cielo&#8217;, que recordar\u00e1 a la figura de una de las artistas m\u00e1s destacadas de nuestro pa\u00eds, Roc\u00edo D\u00farcal. Este espacio recorrer\u00e1 la trayectoria vital y profesional de la cantante y actriz<a class=\"moretag\" href=\"https:\/\/www.manologarciaycia.com\/?p=1209\" title=\"MG: Roc\u00edo Durcal protagonista de la Nochebuena de La 1\" target=\"_self\" rel=\"follow\"> <font face=arial size=2>[Leer m\u00e1s]<\/font> <\/a><\/p>\n","protected":false},"author":2,"featured_media":0,"comment_status":"closed","ping_status":"closed","sticky":false,"template":"","format":"standard","meta":{"footnotes":""},"categories":[1,23],"tags":[193],"class_list":["post-1209","post","type-post","status-publish","format-standard","hentry","category-manolo-garcia","category-otros","tag-manolo-garcia-rocio-durcal-dueto-navidad-nochebuena-rtve"],"_links":{"self":[{"href":"https:\/\/www.manologarciaycia.com\/index.php?rest_route=\/wp\/v2\/posts\/1209","targetHints":{"allow":["GET"]}}],"collection":[{"href":"https:\/\/www.manologarciaycia.com\/index.php?rest_route=\/wp\/v2\/posts"}],"about":[{"href":"https:\/\/www.manologarciaycia.com\/index.php?rest_route=\/wp\/v2\/types\/post"}],"author":[{"embeddable":true,"href":"https:\/\/www.manologarciaycia.com\/index.php?rest_route=\/wp\/v2\/users\/2"}],"replies":[{"embeddable":true,"href":"https:\/\/www.manologarciaycia.com\/index.php?rest_route=%2Fwp%2Fv2%2Fcomments&post=1209"}],"version-history":[{"count":1,"href":"https:\/\/www.manologarciaycia.com\/index.php?rest_route=\/wp\/v2\/posts\/1209\/revisions"}],"predecessor-version":[{"id":1210,"href":"https:\/\/www.manologarciaycia.com\/index.php?rest_route=\/wp\/v2\/posts\/1209\/revisions\/1210"}],"wp:attachment":[{"href":"https:\/\/www.manologarciaycia.com\/index.php?rest_route=%2Fwp%2Fv2%2Fmedia&parent=1209"}],"wp:term":[{"taxonomy":"category","embeddable":true,"href":"https:\/\/www.manologarciaycia.com\/index.php?rest_route=%2Fwp%2Fv2%2Fcategories&post=1209"},{"taxonomy":"post_tag","embeddable":true,"href":"https:\/\/www.manologarciaycia.com\/index.php?rest_route=%2Fwp%2Fv2%2Ftags&post=1209"}],"curies":[{"name":"wp","href":"https:\/\/api.w.org\/{rel}","templated":true}]}}