{"id":11984,"date":"2015-02-11T08:33:29","date_gmt":"2015-02-11T07:33:29","guid":{"rendered":"http:\/\/www.manologarciaycia.com\/?p=11984"},"modified":"2015-02-11T08:34:39","modified_gmt":"2015-02-11T07:34:39","slug":"las-estrellas-tiran-de-la-venta-de-discos","status":"publish","type":"post","link":"https:\/\/www.manologarciaycia.com\/?p=11984","title":{"rendered":"Las estrellas tiran de la venta de discos"},"content":{"rendered":"<p><a href=\"http:\/\/www.manologarciaycia.com\/wp-content\/uploads\/2015\/02\/LaRazon_20150211_1.jpg\"><img loading=\"lazy\" decoding=\"async\" src=\"http:\/\/www.manologarciaycia.com\/wp-content\/uploads\/2015\/02\/LaRazon_20150211_1-404x500.jpg\" alt=\"LaRazon_20150211_1\" width=\"404\" height=\"500\" class=\"alignleft size-medium wp-image-11986\" srcset=\"https:\/\/www.manologarciaycia.com\/wp-content\/uploads\/2015\/02\/LaRazon_20150211_1-404x500.jpg 404w, https:\/\/www.manologarciaycia.com\/wp-content\/uploads\/2015\/02\/LaRazon_20150211_1.jpg 516w\" sizes=\"auto, (max-width: 404px) 100vw, 404px\" \/><\/a> Pablo Albor\u00e1n es el \u00abTorrente\u00bb de la m\u00fasica en Espa\u00f1a. \u00abBueno, alguien me dec\u00eda que el a\u00f1o pasado hemos encontrado nuestros \u2018\u2018Ocho apellidos vascos\u2019\u2019\u00bb, comenta Antonio Guisasola, portavoz de la patronal de las discogr\u00e1ficas sobre los datos de ventas de m\u00fasica grabada de 2014. Por primera vez en el siglo XXI las ventas han subido, y notablemente: un 21,2%. Para explicarlos, utiliza un paralelismo con el comportamiento del cine espa\u00f1ol, que, durante a\u00f1os, iba bien si hab\u00eda entrega nueva de \u00abTorrente\u00bb, y mal si no. \u00abEst\u00e1 claro que ha gustado el producto que estaba en las tiendas, eso es indudable, aunque hay otros factores\u00bb, matiza. Entre los cantantes que colocaron novedades en la estanter\u00eda figuran nombres como Fito y Fitipaldis, David Bisbal, Mal\u00fa, Manolo Garc\u00eda, Serrat, Melendi y El Barrio. \u00abCasi todos los que tienen tir\u00f3n menos Alejandro Sanz\u00bb, remata Guisasola.<\/p>\n<p><u><b>Volver a regalar m\u00fasica<\/b><\/u><\/p>\n<p>Claro que el argumento es delicado, porque equivale a decir que si se vend\u00edan pocos discos en 2013 o 2012 es por culpa de los m\u00fasicos, que eran malos. \u00abBueno, es posible, pero nos quedamos con lo positivo, que es recuperar el inter\u00e9s por la m\u00fasica. En todo caso, hay otros argumentos a favor de las ventas, por ejemplo, la consolidaci\u00f3n del \u2018\u2018streaming\u2019\u2019 como forma de consumo. En este sentido, nos ha ayudado que las operadoras de telefon\u00eda lo ofrezcan con descuento al contratar sus servicios\u00bb, explica. En total, los espa\u00f1oles gastaron en m\u00fasica grabada 149,9 millones de euros en 2014 frente a los 123 del a\u00f1o precedente. Una mejora, eso s\u00ed, muy lejos de los datos de comienzos de siglo, cuando el volumen de negocio lleg\u00f3 a situarse en los 626 millones. \u00abPodr\u00edan darse cifras mucho mejores si hubiera un compromiso real de acabar con la \u2018\u2018pirater\u00eda\u2019\u2019\u00bb, matiza Guisasola con una coletilla autom\u00e1tica.<\/p>\n<p>\u00abTambi\u00e9n est\u00e1 la aparente mejora de la econom\u00eda, que ha favorecido la campa\u00f1a navide\u00f1a \u2013sigue Guisasola\u2013. Pienso que hemos recuperado la tradici\u00f3n de regalar m\u00fasica, que se hab\u00eda perdido hasta el punto de que casi parec\u00eda mal vista desde la \u00e9poca del \u2018\u2018Top manta\u2019\u2019. Hace unos pocos a\u00f1os la gente no le daba valor a un disco porque lo ten\u00edas en la calle por un euro. Se hab\u00eda perdido el respeto al formato. Y la noticia es buena, porque ahora se ve que no es un mal obsequio regalar un disco\u00bb. El elep\u00e9 como objeto de consumo ha subido notablemente, como dicen los datos de la venta de vinilos, que han crecido nada menos que un 85,7 por ciento en un a\u00f1o, hasta las 260.000 unidades vendidas. \u00abNo cabe duda de que existen coleccionistas de m\u00fasica todav\u00eda, y que tambi\u00e9n hay mit\u00f3manos y j\u00f3venes que prefieren el vinilo. Adem\u00e1s, se editan de manera muy cuidada, fabricados en alto gramaje\u00bb. Incluso el CD, un soporte al que muchos directivos de las compa\u00f1\u00edas de discos han dado por muerto, mejor\u00f3 su comportamiento un 22 por ciento. Se vendieron 11,6 millones de compactos. \u00abEs la respuesta del p\u00fablico fan. En el caso de Albor\u00e1n hay una legi\u00f3n que quiere el f\u00edsico, igual que ocurre con Fito. Yo no comparto la teor\u00eda de que se acaba, tendr\u00e1 su espacio, como todo, pero es importante porque lleva a la gente a las tiendas y una vez en ellas, uno se puede llevar otro, por probar\u00bb, comenta Guisasola, que no teme que sufran los \u00e1lbumes de \u00abclase media\u00bb, esos que no est\u00e1n soportados por un fen\u00f3meno \u00abfan\u00bb o por apuestas claramente comerciales. \u00abVemos que los que tiran son los artistas consagrados, pero si logramos volver a difundir la conducta de comprar es posible que el p\u00fablico se lleve otros discos\u00bb, a\u00f1ade.<\/p>\n<p><a href=\"http:\/\/www.manologarciaycia.com\/wp-content\/uploads\/2015\/02\/LaRazon_20150211_2.jpg\"><img loading=\"lazy\" decoding=\"async\" src=\"http:\/\/www.manologarciaycia.com\/wp-content\/uploads\/2015\/02\/LaRazon_20150211_2-404x500.jpg\" alt=\"LaRazon_20150211_2\" width=\"404\" height=\"500\" class=\"alignright size-medium wp-image-11987\" srcset=\"https:\/\/www.manologarciaycia.com\/wp-content\/uploads\/2015\/02\/LaRazon_20150211_2-404x500.jpg 404w, https:\/\/www.manologarciaycia.com\/wp-content\/uploads\/2015\/02\/LaRazon_20150211_2.jpg 516w\" sizes=\"auto, (max-width: 404px) 100vw, 404px\" \/><\/a> <u><b>La opacidad de YouTube<\/u><\/b><\/p>\n<p>Hablando de h\u00e1bitos, hay uno que se impone, el \u00abstreaming\u00bb (es decir, Spotify, Deezer, Napster y otros), como formato para consumir m\u00fasica. Durante 2013, el n\u00famero de suscriptores creci\u00f3 un 30 por ciento, lo que ha supuesto un aumento de la facturaci\u00f3n un 36 por ciento, y una noticia que, en s\u00ed misma, ha desatado la emoci\u00f3n (contenida) en la industria, que ve el grueso de su negocio futuro en el mercado digital, que de momento supone el 42 por ciento de los ingresos. En cambio, las descargas legales (iTunes y similares) se han estancado, un 2 por ciento m\u00e1s, y s\u00f3lo representan el 22 por ciento del mercado digital de m\u00fasica. \u00abEl \u2018\u2018streaming\u2019\u2019 se ha comido el mercado digital \u2013comenta Guisasola\u2013. Es una buena noticia, porque ese p\u00fablico es fiel al servicio una vez que lo prueba, y funciona como una \u2018\u2018commodity\u2019\u2019. Asumes que, por una peque\u00f1a suscripci\u00f3n, tienes todo\u00bb. Y el insospechado rey del formato es&#8230; Enrique Iglesias, cuyo \u00abBailando\u00bb se ha escuchado en Espa\u00f1a 35 millones de veces y se ha vendido 80.000.<\/p>\n<p>Un actor digital que siempre es pol\u00e9mico es YouTube, que, sin embargo, supone \u00abuna de las principales fuentes de recursos para el sector \u2013seg\u00fan Guisasola\u2013. Su pol\u00edtica es dudosa, pero genera ingresos\u00bb. El sitio de v\u00eddeos, que es propiedad de Google, juega con ventaja por su posici\u00f3n dominante en el mercado. YouTube carece de competidores, y la industria calcula que el 50 por ciento de su contenido es musical. Sin embargo, varios sellos europeos se han quejado porque denuncian que el reparto de los beneficios que genera la publicidad no es justo. \u00abSpotify destina el 70 por ciento de lo que recauda a pagar a artistas, que son su contenido, pero en el caso de YouTube no llega ni al 10\u00bb. \u00bfSe puede luchar contra Google? \u00abPienso que en Espa\u00f1a no lo vamos a conseguir, pero en Europa puede que s\u00ed\u00bb. Queda saber si las perspectivas de este ejercicio apuntan alto. \u00abNo creo que sea tan espectacular. Esa conjunci\u00f3n de artistas va a ser dif\u00edcil que se produzca. Gemeliers, por ejemplo, que de la nada han vendido much\u00edsimo. Es dif\u00edcil que un artista nuevo despache 100.000 unidades\u00bb. La pregunta es: \u00bfganar\u00edan un Goya?<\/p>\n<p>Fuente: La Raz\u00f3n &#8211; Ulises Fuente &#8211; <a href=\"http:\/\/www.larazon.es\/detalle_normal\/noticias\/8751556\/cultura+musica\/las-estrellas-tiran-de-la-venta-de-discos#.Ttt1aTQhcbGip3q\" target=\"_blank\">ENLACE<\/a><\/p>\n","protected":false},"excerpt":{"rendered":"<p>Pablo Albor\u00e1n es el \u00abTorrente\u00bb de la m\u00fasica en Espa\u00f1a. \u00abBueno, alguien me dec\u00eda que el a\u00f1o pasado hemos encontrado nuestros \u2018\u2018Ocho apellidos vascos\u2019\u2019\u00bb, comenta Antonio Guisasola, portavoz de la patronal de las discogr\u00e1ficas sobre los datos de ventas de m\u00fasica grabada de 2014. Por primera vez en el siglo XXI las ventas han subido,<a class=\"moretag\" href=\"https:\/\/www.manologarciaycia.com\/?p=11984\" title=\"Las estrellas tiran de la venta de discos\" target=\"_self\" rel=\"follow\"> <font face=arial size=2>[Leer m\u00e1s]<\/font> <\/a><\/p>\n","protected":false},"author":2,"featured_media":11985,"comment_status":"closed","ping_status":"closed","sticky":false,"template":"","format":"standard","meta":{"footnotes":""},"categories":[1],"tags":[],"class_list":["post-11984","post","type-post","status-publish","format-standard","has-post-thumbnail","hentry","category-manolo-garcia"],"_links":{"self":[{"href":"https:\/\/www.manologarciaycia.com\/index.php?rest_route=\/wp\/v2\/posts\/11984","targetHints":{"allow":["GET"]}}],"collection":[{"href":"https:\/\/www.manologarciaycia.com\/index.php?rest_route=\/wp\/v2\/posts"}],"about":[{"href":"https:\/\/www.manologarciaycia.com\/index.php?rest_route=\/wp\/v2\/types\/post"}],"author":[{"embeddable":true,"href":"https:\/\/www.manologarciaycia.com\/index.php?rest_route=\/wp\/v2\/users\/2"}],"replies":[{"embeddable":true,"href":"https:\/\/www.manologarciaycia.com\/index.php?rest_route=%2Fwp%2Fv2%2Fcomments&post=11984"}],"version-history":[{"count":2,"href":"https:\/\/www.manologarciaycia.com\/index.php?rest_route=\/wp\/v2\/posts\/11984\/revisions"}],"predecessor-version":[{"id":11989,"href":"https:\/\/www.manologarciaycia.com\/index.php?rest_route=\/wp\/v2\/posts\/11984\/revisions\/11989"}],"wp:featuredmedia":[{"embeddable":true,"href":"https:\/\/www.manologarciaycia.com\/index.php?rest_route=\/wp\/v2\/media\/11985"}],"wp:attachment":[{"href":"https:\/\/www.manologarciaycia.com\/index.php?rest_route=%2Fwp%2Fv2%2Fmedia&parent=11984"}],"wp:term":[{"taxonomy":"category","embeddable":true,"href":"https:\/\/www.manologarciaycia.com\/index.php?rest_route=%2Fwp%2Fv2%2Fcategories&post=11984"},{"taxonomy":"post_tag","embeddable":true,"href":"https:\/\/www.manologarciaycia.com\/index.php?rest_route=%2Fwp%2Fv2%2Ftags&post=11984"}],"curies":[{"name":"wp","href":"https:\/\/api.w.org\/{rel}","templated":true}]}}