{"id":11932,"date":"2015-02-05T14:06:20","date_gmt":"2015-02-05T13:06:20","guid":{"rendered":"http:\/\/www.manologarciaycia.com\/?p=11932"},"modified":"2015-02-06T08:44:42","modified_gmt":"2015-02-06T07:44:42","slug":"los-premios-de-la-musica-en-espanol-premios-cadena-dial-2014-manolo-garcia-premiado","status":"publish","type":"post","link":"https:\/\/www.manologarciaycia.com\/?p=11932","title":{"rendered":"Los Premios de la m\u00fasica en espa\u00f1ol: Premios Cadena Dial 2014. Manolo Garc\u00eda premiado."},"content":{"rendered":"<p>Camila, Amaia Montero, Dani Mart\u00edn, Bustamante, Vanesa Mart\u00edn, Axel y Dvicio son los artistas premiados en la d\u00e9cimo novena edici\u00f3n de los Premios Cadena Dial.<\/p>\n<p>Pero a\u00fan hay m\u00e1s. Coincidiendo con la celebraci\u00f3n de los 25 a\u00f1os de nuestra emisora, en la edici\u00f3n de este a\u00f1o se suma al tradicional galard\u00f3n el Premio 25 Aniversario Cadena Dial que reconoce a 14 de los artistas m\u00e1s relevantes del pop en espa\u00f1ol: Alejandro Sanz, Mal\u00fa, El Barrio, Hombres G, Melendi, Manolo Garc\u00eda, Merche, Miguel Bos\u00e9, Revolver, Antonio Orozco, David DeMaria, Laura Pausini, Manuel Carrasco, Sergio Dalma y David Bisbal.<\/p>\n<p>\u00a1Enhorabuena a todos los premiados!<\/p>\n<p>Cadena Dial ha hecho p\u00fablicos en rueda de prensa los Premios Dial 2014,  #PremiosCadenaDial los galardones m\u00e1s importantes de la m\u00fasica en espa\u00f1ol.<\/p>\n<p>La gala de entrega de los Premios Dial 2014, presentada por Jaime Cantizano, director del programa de Cadena Dial \u2018Atr\u00e9vete\u2019, y Carmen Ram\u00edrez, se celebrar\u00e1 en el Recinto Ferial de Tenerife el pr\u00f3ximo 5 de marzo. El actor Santiago Rodriguez pondr\u00e1 la nota de humor a la velada.<\/p>\n<p>Fuente: Cadena Dial &#8211; <a href=\"http:\/\/www.cadenadial.com\/2015\/los-premios-de-la-musica-en-espanol-premios-cadena-dial-2014-40015.html\" target=\"_blank\">ENLACE<\/a><\/p>\n","protected":false},"excerpt":{"rendered":"<p>Camila, Amaia Montero, Dani Mart\u00edn, Bustamante, Vanesa Mart\u00edn, Axel y Dvicio son los artistas premiados en la d\u00e9cimo novena edici\u00f3n de los Premios Cadena Dial. Pero a\u00fan hay m\u00e1s. Coincidiendo con la celebraci\u00f3n de los 25 a\u00f1os de nuestra emisora, en la edici\u00f3n de este a\u00f1o se suma al tradicional galard\u00f3n el Premio 25 Aniversario<a class=\"moretag\" href=\"https:\/\/www.manologarciaycia.com\/?p=11932\" title=\"Los Premios de la m\u00fasica en espa\u00f1ol: Premios Cadena Dial 2014. Manolo Garc\u00eda premiado.\" target=\"_self\" rel=\"follow\"> <font face=arial size=2>[Leer m\u00e1s]<\/font> <\/a><\/p>\n","protected":false},"author":2,"featured_media":11935,"comment_status":"closed","ping_status":"closed","sticky":false,"template":"","format":"standard","meta":{"footnotes":""},"categories":[1],"tags":[],"class_list":["post-11932","post","type-post","status-publish","format-standard","has-post-thumbnail","hentry","category-manolo-garcia"],"_links":{"self":[{"href":"https:\/\/www.manologarciaycia.com\/index.php?rest_route=\/wp\/v2\/posts\/11932","targetHints":{"allow":["GET"]}}],"collection":[{"href":"https:\/\/www.manologarciaycia.com\/index.php?rest_route=\/wp\/v2\/posts"}],"about":[{"href":"https:\/\/www.manologarciaycia.com\/index.php?rest_route=\/wp\/v2\/types\/post"}],"author":[{"embeddable":true,"href":"https:\/\/www.manologarciaycia.com\/index.php?rest_route=\/wp\/v2\/users\/2"}],"replies":[{"embeddable":true,"href":"https:\/\/www.manologarciaycia.com\/index.php?rest_route=%2Fwp%2Fv2%2Fcomments&post=11932"}],"version-history":[{"count":1,"href":"https:\/\/www.manologarciaycia.com\/index.php?rest_route=\/wp\/v2\/posts\/11932\/revisions"}],"predecessor-version":[{"id":11934,"href":"https:\/\/www.manologarciaycia.com\/index.php?rest_route=\/wp\/v2\/posts\/11932\/revisions\/11934"}],"wp:featuredmedia":[{"embeddable":true,"href":"https:\/\/www.manologarciaycia.com\/index.php?rest_route=\/wp\/v2\/media\/11935"}],"wp:attachment":[{"href":"https:\/\/www.manologarciaycia.com\/index.php?rest_route=%2Fwp%2Fv2%2Fmedia&parent=11932"}],"wp:term":[{"taxonomy":"category","embeddable":true,"href":"https:\/\/www.manologarciaycia.com\/index.php?rest_route=%2Fwp%2Fv2%2Fcategories&post=11932"},{"taxonomy":"post_tag","embeddable":true,"href":"https:\/\/www.manologarciaycia.com\/index.php?rest_route=%2Fwp%2Fv2%2Ftags&post=11932"}],"curies":[{"name":"wp","href":"https:\/\/api.w.org\/{rel}","templated":true}]}}