{"id":11929,"date":"2015-02-05T12:09:01","date_gmt":"2015-02-05T11:09:01","guid":{"rendered":"http:\/\/www.manologarciaycia.com\/?p=11929"},"modified":"2015-02-06T08:45:16","modified_gmt":"2015-02-06T07:45:16","slug":"manolo-garcia-en-la-tarde-aqui-y-ahora-canal-sur-tv-422015","status":"publish","type":"post","link":"https:\/\/www.manologarciaycia.com\/?p=11929","title":{"rendered":"Manolo Garc\u00eda en La Tarde, aqu\u00ed y ahora. Canal Sur TV. 4\/2\/2015"},"content":{"rendered":"<p>Manolo Garc\u00eda estuvo ayer tarde en el programa La Tarde, aqu\u00ed y ahora de Canal Sur RTVA con Juan y Medio y Eva Ruiz.<\/p>\n<p>#ManoloGarc\u00eda #LaTardeaqu\u00edyahora #JuanYMedio #EvaRuiz #CanalSur #RTVA &#8211; <a href=\"http:\/\/www.canalsur.es\/\" target=\"_blank\">ENLACE a Canal Sur<\/a><\/p>\n","protected":false},"excerpt":{"rendered":"<p>Manolo Garc\u00eda estuvo ayer tarde en el programa La Tarde, aqu\u00ed y ahora de Canal Sur RTVA con Juan y Medio y Eva Ruiz. #ManoloGarc\u00eda #LaTardeaqu\u00edyahora #JuanYMedio #EvaRuiz #CanalSur #RTVA &#8211; ENLACE a Canal Sur<a class=\"moretag\" href=\"https:\/\/www.manologarciaycia.com\/?p=11929\" title=\"Manolo Garc\u00eda en La Tarde, aqu\u00ed y ahora. Canal Sur TV. 4\/2\/2015\" target=\"_self\" rel=\"follow\"> <font face=arial size=2>[Leer m\u00e1s]<\/font> <\/a><\/p>\n","protected":false},"author":2,"featured_media":0,"comment_status":"closed","ping_status":"closed","sticky":false,"template":"","format":"video","meta":{"footnotes":""},"categories":[1],"tags":[],"class_list":["post-11929","post","type-post","status-publish","format-video","hentry","category-manolo-garcia","post_format-post-format-video"],"_links":{"self":[{"href":"https:\/\/www.manologarciaycia.com\/index.php?rest_route=\/wp\/v2\/posts\/11929","targetHints":{"allow":["GET"]}}],"collection":[{"href":"https:\/\/www.manologarciaycia.com\/index.php?rest_route=\/wp\/v2\/posts"}],"about":[{"href":"https:\/\/www.manologarciaycia.com\/index.php?rest_route=\/wp\/v2\/types\/post"}],"author":[{"embeddable":true,"href":"https:\/\/www.manologarciaycia.com\/index.php?rest_route=\/wp\/v2\/users\/2"}],"replies":[{"embeddable":true,"href":"https:\/\/www.manologarciaycia.com\/index.php?rest_route=%2Fwp%2Fv2%2Fcomments&post=11929"}],"version-history":[{"count":1,"href":"https:\/\/www.manologarciaycia.com\/index.php?rest_route=\/wp\/v2\/posts\/11929\/revisions"}],"predecessor-version":[{"id":11930,"href":"https:\/\/www.manologarciaycia.com\/index.php?rest_route=\/wp\/v2\/posts\/11929\/revisions\/11930"}],"wp:attachment":[{"href":"https:\/\/www.manologarciaycia.com\/index.php?rest_route=%2Fwp%2Fv2%2Fmedia&parent=11929"}],"wp:term":[{"taxonomy":"category","embeddable":true,"href":"https:\/\/www.manologarciaycia.com\/index.php?rest_route=%2Fwp%2Fv2%2Fcategories&post=11929"},{"taxonomy":"post_tag","embeddable":true,"href":"https:\/\/www.manologarciaycia.com\/index.php?rest_route=%2Fwp%2Fv2%2Ftags&post=11929"}],"curies":[{"name":"wp","href":"https:\/\/api.w.org\/{rel}","templated":true}]}}