{"id":11894,"date":"2015-02-03T07:25:49","date_gmt":"2015-02-03T06:25:49","guid":{"rendered":"http:\/\/www.manologarciaycia.com\/?p=11894"},"modified":"2015-02-03T07:25:49","modified_gmt":"2015-02-03T06:25:49","slug":"manolo-garcia-lanza-caminare-el-segundo-single-del-doble-disco-de-platino-todo-es-ahora-9-febrero-videoclip","status":"publish","type":"post","link":"https:\/\/www.manologarciaycia.com\/?p=11894","title":{"rendered":"Manolo Garc\u00eda lanza \u00abCaminar\u00e9\u00bb, el segundo single del doble disco de platino \u00abTodo es ahora\u00bb. 9 Febrero, videoclip"},"content":{"rendered":"<p>Tras el \u00e9xito de \u00abEs mejor sentir\u00bb, primer single de su \u00faltimo disco Todo es ahora, Manolo Garc\u00eda vuelve con \u00abCaminar\u00e9\u00bb, una de las canciones m\u00e1s aclamadas por sus seguidores en las redes sociales y en su web.<\/p>\n<p>Desde el mismo momento de su publicaci\u00f3n, hace dos meses, Todo es ahora se instal\u00f3 entre los \u00e1lbumes m\u00e1s vendidos en Espa\u00f1a. En s\u00f3lo dos meses, su p\u00fablico lo ha catapultado hasta el doble disco de platino, un reconocimiento para uno de los iconos del rock espa\u00f1ol en absoluta plenitud.<\/p>\n<p>El pr\u00f3ximo 9 de Febrero podr\u00e1s disfrutar del v\u00eddeo que acompa\u00f1a a este nuevo single, y en el que la participaci\u00f3n del p\u00fablico ha sido fundamental!<\/p>\n<p>Joan Riedweg, responsable de este y de la mayor\u00eda de los clips de Manolo Garc\u00eda desde P\u00e1jaros de barro, reconoce como un \u201cenorme placer\u201d la direcci\u00f3n de la enorme cantidad de fans que asistieron al rodaje, pero tambi\u00e9n el lujo de compartir vivencias con el artista durante los cinco d\u00edas que dur\u00f3 la grabaci\u00f3n.<\/p>\n<p>\u201cHemos andado por m\u00e1s de 100 incre\u00edbles parajes, pasando por lugares urbanos, id\u00edlicos parques naturales, monta\u00f1as, pueblos, montes, bosques, vi\u00f1as, paisajes nevados y un sinf\u00edn de lugares que habitan en el videoclip de manera hipn\u00f3tica, ofreciendo al espectador la idea de un caminante incansable que busca su interior\u201d, describe Riedweg. Como dice la canci\u00f3n, \u201cCaminar\u00e9, que el camino cunde tanto que en cien vidas no lo gastar\u00e9\u201d.<\/p>\n<p>Haz click <a href=\"http:\/\/youtu.be\/YX0Mg7vANqg\" target=\"_blank\">aqu\u00ed<\/a> o en la imagen m\u00e1s abajo para ver el lyric video!<\/p>\n<p><iframe loading=\"lazy\" src=\"https:\/\/www.youtube.com\/embed\/YX0Mg7vANqg?rel=0\" width=\"560\" height=\"315\" frameborder=\"0\" allowfullscreen=\"allowfullscreen\"><\/iframe><\/p>\n<p>Fuente: P\u00e1gina Oficial Manolo Garc\u00eda &#8211; <a href=\"http:\/\/www.manolo-garcia.com\/news\/manolo-garc%C3%ADa-lanza-camino-el-segundo-single-del-doble-disco-de-platino-todo-es-ahora\" target=\"_blank\">ENLACE<\/a><\/p>\n","protected":false},"excerpt":{"rendered":"<p>Tras el \u00e9xito de \u00abEs mejor sentir\u00bb, primer single de su \u00faltimo disco Todo es ahora, Manolo Garc\u00eda vuelve con \u00abCaminar\u00e9\u00bb, una de las canciones m\u00e1s aclamadas por sus seguidores en las redes sociales y en su web. Desde el mismo momento de su publicaci\u00f3n, hace dos meses, Todo es ahora se instal\u00f3 entre los<a class=\"moretag\" href=\"https:\/\/www.manologarciaycia.com\/?p=11894\" title=\"Manolo Garc\u00eda lanza \u00abCaminar\u00e9\u00bb, el segundo single del doble disco de platino \u00abTodo es ahora\u00bb. 9 Febrero, videoclip\" target=\"_self\" rel=\"follow\"> <font face=arial size=2>[Leer m\u00e1s]<\/font> <\/a><\/p>\n","protected":false},"author":2,"featured_media":11193,"comment_status":"closed","ping_status":"closed","sticky":false,"template":"","format":"standard","meta":{"footnotes":""},"categories":[1],"tags":[],"class_list":["post-11894","post","type-post","status-publish","format-standard","has-post-thumbnail","hentry","category-manolo-garcia"],"_links":{"self":[{"href":"https:\/\/www.manologarciaycia.com\/index.php?rest_route=\/wp\/v2\/posts\/11894","targetHints":{"allow":["GET"]}}],"collection":[{"href":"https:\/\/www.manologarciaycia.com\/index.php?rest_route=\/wp\/v2\/posts"}],"about":[{"href":"https:\/\/www.manologarciaycia.com\/index.php?rest_route=\/wp\/v2\/types\/post"}],"author":[{"embeddable":true,"href":"https:\/\/www.manologarciaycia.com\/index.php?rest_route=\/wp\/v2\/users\/2"}],"replies":[{"embeddable":true,"href":"https:\/\/www.manologarciaycia.com\/index.php?rest_route=%2Fwp%2Fv2%2Fcomments&post=11894"}],"version-history":[{"count":1,"href":"https:\/\/www.manologarciaycia.com\/index.php?rest_route=\/wp\/v2\/posts\/11894\/revisions"}],"predecessor-version":[{"id":11895,"href":"https:\/\/www.manologarciaycia.com\/index.php?rest_route=\/wp\/v2\/posts\/11894\/revisions\/11895"}],"wp:featuredmedia":[{"embeddable":true,"href":"https:\/\/www.manologarciaycia.com\/index.php?rest_route=\/wp\/v2\/media\/11193"}],"wp:attachment":[{"href":"https:\/\/www.manologarciaycia.com\/index.php?rest_route=%2Fwp%2Fv2%2Fmedia&parent=11894"}],"wp:term":[{"taxonomy":"category","embeddable":true,"href":"https:\/\/www.manologarciaycia.com\/index.php?rest_route=%2Fwp%2Fv2%2Fcategories&post=11894"},{"taxonomy":"post_tag","embeddable":true,"href":"https:\/\/www.manologarciaycia.com\/index.php?rest_route=%2Fwp%2Fv2%2Ftags&post=11894"}],"curies":[{"name":"wp","href":"https:\/\/api.w.org\/{rel}","templated":true}]}}